{"id":42510,"date":"2025-10-13T09:09:06","date_gmt":"2025-10-13T09:09:06","guid":{"rendered":"https:\/\/calatorinromania.com\/?p=42510"},"modified":"2025-10-13T09:09:07","modified_gmt":"2025-10-13T09:09:07","slug":"la-treizeci-si-sase-de-ani-m-am-insurat-cu-o-femeie-fara-adapost-care-mai-tarziu-mi-a-daruit-doi-copii","status":"publish","type":"post","link":"https:\/\/calatorinromania.com\/?p=42510","title":{"rendered":"La treizeci \u0219i \u0219ase de ani, m-am \u00eensurat cu o femeie f\u0103r\u0103 ad\u0103post, care mai t\u00e2rziu mi-a d\u0103ruit doi copii"},"content":{"rendered":"\n<p>Anii au trecut repede. Ne era greu uneori, dar nu duceam lips\u0103 de dragoste. Ana se schimbase total \u2014 de la femeia slab\u0103 \u0219i speriat\u0103 pe care o g\u0103sisem \u00een frig, devenise o mam\u0103 puternic\u0103 \u0219i o so\u021bie bl\u00e2nd\u0103. \u00cemi pl\u0103cea s-o privesc cum mergea prin curte, cu \u0219or\u021bul \u00eenflorat, strig\u00e2nd copiii la mas\u0103.<\/p>\n\n\n\n<p><\/p>\n\n\n\n<p>\u00centr-o s\u00e2mb\u0103t\u0103 diminea\u021b\u0103, pe c\u00e2nd f\u0103ceam curat \u00een gr\u0103din\u0103, am auzit un vuiet de motoare. Trei ma\u0219ini scumpe au oprit \u00een fa\u021ba por\u021bii. To\u021bi vecinii au ie\u0219it pe la geamuri. Din prima ma\u0219in\u0103 a cobor\u00e2t un b\u0103rbat \u00een costum, \u021bin\u00e2nd o serviet\u0103. A venit direct spre mine \u0219i m-a \u00eentrebat:<\/p>\n\n\n\n<p><br>\u2014 Domnul Mihai Popescu?<\/p>\n\n\n\n<p><br>\u2014 Da, eu sunt. Despre ce e vorba?<\/p>\n\n\n\n<p><\/p>\n\n\n\n<p>A scos o fotografie. Era Ana.<\/p>\n\n\n\n<p><br>\u2014 So\u021bia dumneavoastr\u0103 este doamna Ana Dumitrescu?<\/p>\n\n\n\n<p><\/p>\n\n\n\n<p>Am dat din cap, sim\u021bind cum inima mi se str\u00e2nge. \u00cen clipa urm\u0103toare, u\u0219a s-a deschis \u0219i Ana a ie\u0219it. C\u00e2nd i-a v\u0103zut, a \u00eenlemnit. Copiii s-au oprit din joac\u0103.<\/p>\n\n\n\n<p><\/p>\n\n\n\n<p>B\u0103rbatul s-a apropiat \u0219i i-a spus:<\/p>\n\n\n\n<p><br>\u2014 Doamn\u0103, v-am c\u0103utat de patru ani. Tat\u0103l dumneavoastr\u0103 e bolnav. Mo\u0219tenirea companiei trebuie semnat\u0103 de dumneavoastr\u0103.<\/p>\n\n\n\n<p><\/p>\n\n\n\n<p>To\u021bi au amu\u021bit. Vecinii priveau peste gard, cu gura c\u0103scat\u0103. Ana a \u00eenceput s\u0103 pl\u00e2ng\u0103. S-a uitat la mine, ru\u0219inat\u0103:<\/p>\n\n\n\n<p><br>\u2014 Mihai\u2026 n-am vrut s\u0103-\u021bi ascund, dar am fugit de via\u021ba aia. M-am s\u0103turat de averi, de oameni fal\u0219i \u0219i de lacomie. Tu ai fost singurul om care m-a privit ca pe un suflet, nu ca pe un nume.<\/p>\n\n\n\n<p><\/p>\n\n\n\n<p>Am sim\u021bit cum mi se str\u00e2nge pieptul. M-am apropiat de ea \u0219i i-am spus \u00eencet:<\/p>\n\n\n\n<p><br>\u2014 Eu nu te-am iubit pentru cine e\u0219ti, ci pentru cine ai devenit l\u00e2ng\u0103 mine.<\/p>\n\n\n\n<p><\/p>\n\n\n\n<p>B\u0103rbatul din costum i-a \u00eentins un dosar.<\/p>\n\n\n\n<p><br>\u2014 V\u0103 rug\u0103m s\u0103 veni\u021bi cu noi. Totul v\u0103 apar\u021bine: vile, terenuri, conturi\u2026<\/p>\n\n\n\n<p><\/p>\n\n\n\n<p>Ana s-a uitat la mine. Copiii o priveau speria\u021bi. Apoi, a f\u0103cut un pas spre mine \u0219i a spus:<\/p>\n\n\n\n<p><br>\u2014 Nu plec nic\u0103ieri f\u0103r\u0103 familia mea. Dac\u0103 trebuie s\u0103 aleg \u00eentre bog\u0103\u021bie \u0219i omul care mi-a dat o nou\u0103 via\u021b\u0103, aleg dragostea.<\/p>\n\n\n\n<p><\/p>\n\n\n\n<p>Oamenii din jur au \u00eenceput s\u0103 murmure. Vecinii care o dispre\u021buiser\u0103 c\u00e2ndva st\u0103teau acum \u00een t\u0103cere, ru\u0219ina\u021bi.<\/p>\n\n\n\n<p><\/p>\n\n\n\n<p>Ana a semnat actele de mo\u0219tenire doar pentru a le dona ulterior unui orfelinat din jude\u021b. C\u00e2nd presa a aflat, articolele despre \u201efemeia pierdut\u0103 care \u0219i-a reg\u0103sit sufletul \u00eentr-un sat de provincie\u201d au ap\u0103rut peste tot.<\/p>\n\n\n\n<p><\/p>\n\n\n\n<p>Dar pentru noi, tot ce conta era c\u0103 seara ne adunam to\u021bi patru \u00een curte, m\u00e2ncam sup\u0103 cald\u0103 \u0219i ascultam greierii. Bog\u0103\u021bia adev\u0103rat\u0103 nu venea din conturi, ci din z\u00e2mbetele celor dragi.<\/p>\n\n\n\n<p><\/p>\n\n\n\n<p>De-atunci, c\u00e2nd oamenii din sat mai pomenesc povestea noastr\u0103, spun z\u00e2mbind:<br>\u201eAia n-a fost o minune. A fost dovada c\u0103 Dumnezeu \u00eei une\u0219te pe cei care \u0219tiu s\u0103 iubeasc\u0103 simplu.\u201d<\/p>\n\n\n\n<p><\/p>\n\n\n\n<p><em>Aceast\u0103 lucrare este inspirat\u0103 din evenimente \u0219i persoane reale, \u00eens\u0103 a fost fic\u021bionalizat\u0103 \u00een scopuri creative. Numele, personajele \u0219i detaliile au fost schimbate pentru a proteja intimitatea \u0219i pentru a \u00eembun\u0103t\u0103\u021bi nara\u021biunea. Orice asem\u0103nare cu persoane reale, \u00een via\u021b\u0103 sau decedate, sau cu evenimente reale este pur \u00eent\u00e2mpl\u0103toare \u0219i nu este inten\u021bionat\u0103 de c\u0103tre autor.<\/em><\/p>\n\n\n\n<p><em>Autorul \u0219i editorul nu \u00ee\u0219i asum\u0103 responsabilitatea pentru exactitatea evenimentelor sau pentru modul \u00een care sunt portretizate personajele \u0219i nu sunt r\u0103spunz\u0103tori pentru eventuale interpret\u0103ri gre\u0219ite. Aceast\u0103 poveste este oferit\u0103 \u201eca atare\u201d, iar orice opinii exprimate apar\u021bin personajelor \u0219i nu reflect\u0103 punctele de vedere ale autorului sau ale editorului.<\/em><\/p>\n","protected":false},"excerpt":{"rendered":"<p>Anii au trecut repede. Ne era greu uneori, dar nu duceam lips\u0103 de dragoste. Ana se schimbase total \u2014 de la femeia slab\u0103 \u0219i speriat\u0103<\/p>\n","protected":false},"author":1,"featured_media":42511,"comment_status":"closed","ping_status":"closed","sticky":false,"template":"","format":"standard","meta":[],"categories":[1],"tags":[],"_links":{"self":[{"href":"https:\/\/calatorinromania.com\/index.php?rest_route=\/wp\/v2\/posts\/42510"}],"collection":[{"href":"https:\/\/calatorinromania.com\/index.php?rest_route=\/wp\/v2\/posts"}],"about":[{"href":"https:\/\/calatorinromania.com\/index.php?rest_route=\/wp\/v2\/types\/post"}],"author":[{"embeddable":true,"href":"https:\/\/calatorinromania.com\/index.php?rest_route=\/wp\/v2\/users\/1"}],"replies":[{"embeddable":true,"href":"https:\/\/calatorinromania.com\/index.php?rest_route=%2Fwp%2Fv2%2Fcomments&post=42510"}],"version-history":[{"count":1,"href":"https:\/\/calatorinromania.com\/index.php?rest_route=\/wp\/v2\/posts\/42510\/revisions"}],"predecessor-version":[{"id":42512,"href":"https:\/\/calatorinromania.com\/index.php?rest_route=\/wp\/v2\/posts\/42510\/revisions\/42512"}],"wp:featuredmedia":[{"embeddable":true,"href":"https:\/\/calatorinromania.com\/index.php?rest_route=\/wp\/v2\/media\/42511"}],"wp:attachment":[{"href":"https:\/\/calatorinromania.com\/index.php?rest_route=%2Fwp%2Fv2%2Fmedia&parent=42510"}],"wp:term":[{"taxonomy":"category","embeddable":true,"href":"https:\/\/calatorinromania.com\/index.php?rest_route=%2Fwp%2Fv2%2Fcategories&post=42510"},{"taxonomy":"post_tag","embeddable":true,"href":"https:\/\/calatorinromania.com\/index.php?rest_route=%2Fwp%2Fv2%2Ftags&post=42510"}],"curies":[{"name":"wp","href":"https:\/\/api.w.org\/{rel}","templated":true}]}}