{"id":42502,"date":"2025-10-12T08:48:58","date_gmt":"2025-10-12T08:48:58","guid":{"rendered":"https:\/\/calatorinromania.com\/?p=42502"},"modified":"2025-10-12T08:48:58","modified_gmt":"2025-10-12T08:48:58","slug":"doua-surori-apase-au-cerut-adapost-la-un-fermier","status":"publish","type":"post","link":"https:\/\/calatorinromania.com\/?p=42502","title":{"rendered":"Dou\u0103 surori apa\u0219e au cerut ad\u0103post la un fermier"},"content":{"rendered":"\n<p>C\u0103lin \u00eenchise u\u0219a cu o izbitur\u0103, iar lemnul trosni sub v\u00e2ntul furios. Femeile r\u0103m\u0103seser\u0103 \u00een prag, f\u0103r\u0103 s\u0103 \u0219tie dac\u0103 s\u0103 fug\u0103 sau s\u0103 se \u00eencread\u0103 \u00een omul care tocmai le ceruse ceva at\u00e2t de crud. Chaila \u00eel privi drept \u00een ochi \u0219i spuse, cu o lini\u0219te care ascundea t\u0103ria mun\u021bilor:<\/p>\n\n\n\n<p><\/p>\n\n\n\n<p>\u2014 Nu vrem nimic de la tine, omule. Doar un col\u021b uscat p\u00e2n\u0103 trece furtuna.<\/p>\n\n\n\n<p><\/p>\n\n\n\n<p>Cuvintele ei simple \u00eel lovir\u0103 mai tare dec\u00e2t fulgerul care lumin\u0103 \u00een acel moment curtea. V\u0103zu \u00een privirea ei nu fric\u0103, ci demnitate. \u0218i pentru prima dat\u0103 dup\u0103 ani de izolare, C\u0103lin sim\u021bi ru\u0219inea mu\u0219c\u00e2ndu-l ad\u00e2nc.<\/p>\n\n\n\n<p><\/p>\n\n\n\n<p>F\u0103r\u0103 s\u0103 mai spun\u0103 nimic, d\u0103du din cap \u0219i le f\u0103cu semn s\u0103 intre. Focul ardea slab \u00een sob\u0103, iar aburul hainelor ude se ridica ca o cea\u021b\u0103 groas\u0103. Le \u00eentinse c\u00e2teva p\u0103turi vechi \u0219i un vas cu ap\u0103. T\u0103cerea era grea, dar \u00een aer plutea o schimbare.<\/p>\n\n\n\n<p><\/p>\n\n\n\n<p>Cea, mai t\u00e2n\u0103r\u0103, se apropie de sob\u0103 \u0219i \u00eencepu s\u0103 usuce arcul \u0219i tolba cu s\u0103ge\u021bi. Chaila, \u00een timp ce-\u0219i freca m\u00e2inile \u00eenghe\u021bate, spuse \u00eencet:<\/p>\n\n\n\n<p><\/p>\n\n\n\n<p>\u2014 Dac\u0103 vrei, te putem ajuta. \u0218tim s\u0103 muncim. Putem repara grajdul, putem g\u0103ti.<\/p>\n\n\n\n<p><\/p>\n\n\n\n<p>C\u0103lin se uit\u0103 la ele ne\u00eencrez\u0103tor, dar \u00een acea clip\u0103 un \u021bip\u0103t din afar\u0103 \u00eel f\u0103cu s\u0103 tresar\u0103. Una dintre caprele sale sc\u0103pase \u00een furtun\u0103. F\u0103r\u0103 s\u0103 stea pe g\u00e2nduri, Chaila lu\u0103 o lamp\u0103 \u0219i alerg\u0103 afar\u0103. V\u00e2ntul o \u00eempingea, ploaia o lovea, dar nu se opri. O clip\u0103 mai t\u00e2rziu, o v\u0103zu \u00eentorc\u00e2ndu-se cu animalul \u00een bra\u021be, ud\u0103 p\u00e2n\u0103 la piele, dar z\u00e2mbitoare.<\/p>\n\n\n\n<p><\/p>\n\n\n\n<p>Atunci, ceva \u00een inima lui C\u0103lin se fr\u00e2nse. Nu mai era vorba despre mil\u0103 sau datorie. Era recuno\u0219tin\u021b\u0103 pur\u0103, cald\u0103, care-l f\u0103cu s\u0103 simt\u0103 c\u0103 nu e singur.<\/p>\n\n\n\n<p><\/p>\n\n\n\n<p>\u00cen zilele care au urmat, femeile r\u0103m\u0103seser\u0103 la ferm\u0103. C\u0103lin le ar\u0103t\u0103 cum s\u0103 \u00eengrijeasc\u0103 animalele, iar ele \u00eel \u00eenv\u0103\u021bar\u0103 cum s\u0103 coas\u0103 r\u0103nile \u0219i cum s\u0103 citeasc\u0103 semnele cerului. \u00cenv\u0103\u021bar\u0103 unii de la al\u021bii f\u0103r\u0103 cuvinte mari \u2014 doar prin fapte.<\/p>\n\n\n\n<p><\/p>\n\n\n\n<p>La o lun\u0103 dup\u0103 furtun\u0103, curtea ar\u0103ta altfel. Florile s\u0103lbatice crescuser\u0103 l\u00e2ng\u0103 gard, iar \u00een fiecare sear\u0103, \u00een jurul focului, Chaila c\u00e2nta un c\u00e2ntec str\u0103vechi despre iertare. C\u0103lin asculta \u00een t\u0103cere, cu m\u00e2inile b\u0103t\u0103torite sprijinite de genunchi, sim\u021bind cum greutatea anilor se ridic\u0103 \u00eencet de pe suflet.<\/p>\n\n\n\n<p><\/p>\n\n\n\n<p>\u00centr-o zi, un grup de str\u0103ini \u00eenarma\u021bi a sosit la poart\u0103. Erau trafican\u021bi, cei de care fugiser\u0103 surorile. C\u0103lin le-a ie\u0219it \u00een cale, cu pu\u0219ca \u00een m\u00e2n\u0103 \u0219i privirea hot\u0103r\u00e2t\u0103.<\/p>\n\n\n\n<p><\/p>\n\n\n\n<p>\u2014 Aici nu mai g\u0103si\u021bi ce c\u0103uta\u021bi, a spus el. Aici e cas\u0103, nu pia\u021b\u0103.<\/p>\n\n\n\n<p><\/p>\n\n\n\n<p>Dup\u0103 o confruntare scurt\u0103, oamenii s-au retras, \u00eenfr\u00e2n\u021bi de curajul unui b\u0103rbat care redescoperise ce \u00eenseamn\u0103 s\u0103 protejezi, nu s\u0103 posede.<\/p>\n\n\n\n<p><\/p>\n\n\n\n<p>\u00cen acea sear\u0103, c\u00e2nd totul s-a lini\u0219tit, C\u0103lin a aprins focul \u0219i a spus pentru prima dat\u0103:<\/p>\n\n\n\n<p><\/p>\n\n\n\n<p>\u2014 V\u0103 r\u0103m\u00e2ne\u021bi aici c\u00e2t vre\u021bi. Nu mai am familie, dar dac\u0103 vre\u021bi\u2026 putem fi una.<\/p>\n\n\n\n<p><\/p>\n\n\n\n<p>Chaila i-a z\u00e2mbit, cu lacrimi \u00een ochi.<\/p>\n\n\n\n<p><\/p>\n\n\n\n<p>\u2014 Suntem deja, i-a r\u0103spuns ea. Doar c\u0103 n-am avut p\u00e2n\u0103 acum un loc unde s\u0103 fim acas\u0103.<\/p>\n\n\n\n<p><\/p>\n\n\n\n<p>\u0218i astfel, \u00een inima unui pustiu unde c\u00e2ndva nu era dec\u00e2t durere, s-a n\u0103scut o nou\u0103 via\u021b\u0103. Ferma lui C\u0103lin Toma a devenit un ad\u0103post pentru cei r\u0103t\u0103ci\u021bi, un loc unde bun\u0103tatea a \u00eenvins teama, iar o noapte de furtun\u0103 s-a transformat \u00eentr-o poveste despre iertare, curaj \u0219i rena\u0219tere.<\/p>\n\n\n\n<p><\/p>\n\n\n\n<p><em>Aceast\u0103 lucrare este inspirat\u0103 din evenimente \u0219i persoane reale, \u00eens\u0103 a fost fic\u021bionalizat\u0103 \u00een scopuri creative. Numele, personajele \u0219i detaliile au fost schimbate pentru a proteja intimitatea \u0219i pentru a \u00eembun\u0103t\u0103\u021bi nara\u021biunea. Orice asem\u0103nare cu persoane reale, \u00een via\u021b\u0103 sau decedate, sau cu evenimente reale este pur \u00eent\u00e2mpl\u0103toare \u0219i nu este inten\u021bionat\u0103 de c\u0103tre autor.<\/em><\/p>\n\n\n\n<p><em>Autorul \u0219i editorul nu \u00ee\u0219i asum\u0103 responsabilitatea pentru exactitatea evenimentelor sau pentru modul \u00een care sunt portretizate personajele \u0219i nu sunt r\u0103spunz\u0103tori pentru eventuale interpret\u0103ri gre\u0219ite. Aceast\u0103 poveste este oferit\u0103 \u201eca atare\u201d, iar orice opinii exprimate apar\u021bin personajelor \u0219i nu reflect\u0103 punctele de vedere ale autorului sau ale editorului.<\/em><\/p>\n\n\n\n<p><a href=\"https:\/\/www.pinterest.com\/pin\/create\/button\/?url=https%3A%2F%2Fbumzi.ro%2F%3Fp%3D8573&amp;description=Dou%C4%83+surori+apa%C8%99e+au+cerut+ad%C4%83post+la+un+fermier\" target=\"_blank\" rel=\"noreferrer noopener\"><\/a><\/p>\n\n\n\n<p><a href=\"https:\/\/www.facebook.com\/sharer\/sharer.php?u=https%3A%2F%2Fbumzi.ro%2F%3Fp%3D8573\" target=\"_blank\" rel=\"noreferrer noopener\"><\/a><\/p>\n\n\n\n<p><a href=\"https:\/\/twitter.com\/intent\/tweet?url=https%3A%2F%2Fbumzi.ro%2F%3Fp%3D8573&amp;text=Dou%C4%83+surori+apa%C8%99e+au+cerut+ad%C4%83post+la+un+fermier\" target=\"_blank\" rel=\"noreferrer noopener\"><\/a><a href=\"https:\/\/bumzi.ro\/?p=8570\"><\/a><\/p>\n","protected":false},"excerpt":{"rendered":"<p>C\u0103lin \u00eenchise u\u0219a cu o izbitur\u0103, iar lemnul trosni sub v\u00e2ntul furios. Femeile r\u0103m\u0103seser\u0103 \u00een prag, f\u0103r\u0103 s\u0103 \u0219tie dac\u0103 s\u0103 fug\u0103 sau s\u0103 se<\/p>\n","protected":false},"author":1,"featured_media":40939,"comment_status":"closed","ping_status":"closed","sticky":false,"template":"","format":"standard","meta":[],"categories":[1],"tags":[],"_links":{"self":[{"href":"https:\/\/calatorinromania.com\/index.php?rest_route=\/wp\/v2\/posts\/42502"}],"collection":[{"href":"https:\/\/calatorinromania.com\/index.php?rest_route=\/wp\/v2\/posts"}],"about":[{"href":"https:\/\/calatorinromania.com\/index.php?rest_route=\/wp\/v2\/types\/post"}],"author":[{"embeddable":true,"href":"https:\/\/calatorinromania.com\/index.php?rest_route=\/wp\/v2\/users\/1"}],"replies":[{"embeddable":true,"href":"https:\/\/calatorinromania.com\/index.php?rest_route=%2Fwp%2Fv2%2Fcomments&post=42502"}],"version-history":[{"count":1,"href":"https:\/\/calatorinromania.com\/index.php?rest_route=\/wp\/v2\/posts\/42502\/revisions"}],"predecessor-version":[{"id":42503,"href":"https:\/\/calatorinromania.com\/index.php?rest_route=\/wp\/v2\/posts\/42502\/revisions\/42503"}],"wp:featuredmedia":[{"embeddable":true,"href":"https:\/\/calatorinromania.com\/index.php?rest_route=\/wp\/v2\/media\/40939"}],"wp:attachment":[{"href":"https:\/\/calatorinromania.com\/index.php?rest_route=%2Fwp%2Fv2%2Fmedia&parent=42502"}],"wp:term":[{"taxonomy":"category","embeddable":true,"href":"https:\/\/calatorinromania.com\/index.php?rest_route=%2Fwp%2Fv2%2Fcategories&post=42502"},{"taxonomy":"post_tag","embeddable":true,"href":"https:\/\/calatorinromania.com\/index.php?rest_route=%2Fwp%2Fv2%2Ftags&post=42502"}],"curies":[{"name":"wp","href":"https:\/\/api.w.org\/{rel}","templated":true}]}}