{"id":42500,"date":"2025-10-12T08:26:26","date_gmt":"2025-10-12T08:26:26","guid":{"rendered":"https:\/\/calatorinromania.com\/?p=42500"},"modified":"2025-10-12T08:26:27","modified_gmt":"2025-10-12T08:26:27","slug":"o-mama-de-70-de-ani-s-a-dus-la-fiul-ei-ca-sa-i-ceara-bani-pentru-tratamentul-medical","status":"publish","type":"post","link":"https:\/\/calatorinromania.com\/?p=42500","title":{"rendered":"O mam\u0103 de 70 de ani s-a dus la fiul ei ca s\u0103-i cear\u0103 bani pentru tratamentul medical."},"content":{"rendered":"\n<p>\u2026o gr\u0103mad\u0103 de bancnote, \u00eemp\u0103turite cu grij\u0103, \u0219i o bucat\u0103 mic\u0103 de h\u00e2rtie pe care scria tremurat: \u201eIart\u0103-m\u0103, mam\u0103. Nu am vrut ca so\u021bia mea s\u0103 \u0219tie. Opera\u021bia e pentru tine, nu pentru mine.\u201d<\/p>\n\n\n\n<p><\/p>\n\n\n\n<p>Dorina a r\u0103mas nemi\u0219cat\u0103. Lacrimile i-au curs \u00eencet pe obraji, amestec\u00e2ndu-se cu ploaia care picura prin acoperi\u0219ul spart. Nu mai \u0219tia dac\u0103 pl\u00e2nge de bucurie sau de triste\u021be. \u00cen clipa aceea, toat\u0103 greutatea anilor p\u0103rea s\u0103 se ridice de pe umerii ei.<\/p>\n\n\n\n<p><\/p>\n\n\n\n<p>A str\u00e2ns plicul la piept \u0219i s-a a\u0219ezat pe scaun, privind \u00een gol. Nu era vorba doar de bani. Era dovada c\u0103 fiul ei, oric\u00e2t de schimbat p\u0103rea, \u00eenc\u0103 avea o inim\u0103 bun\u0103.<\/p>\n\n\n\n<p><\/p>\n\n\n\n<p>A doua zi, s-a dus la dispensarul din sat cu banii. Doctorul, mirat, a \u00eentrebat-o de unde i-a avut. Ea a z\u00e2mbit u\u0219or:<\/p>\n\n\n\n<p><br>\u2014 Mi i-a trimis Dumnezeu\u2026 printr-un copil pe care l-am crescut cu drag.<\/p>\n\n\n\n<p><\/p>\n\n\n\n<p>Opera\u021bia s-a f\u0103cut la spitalul jude\u021bean. Zilele de spital au fost grele, dar Dorina le-a trecut cu r\u0103bdare. De fiecare dat\u0103 c\u00e2nd sim\u021bea c\u0103 durerea e prea mare, \u00ee\u0219i amintea de plicul acela \u0219i de mesajul fiului ei.<\/p>\n\n\n\n<p><\/p>\n\n\n\n<p>Dup\u0103 c\u00e2teva s\u0103pt\u0103m\u00e2ni, medicii i-au spus c\u0103 inima ei \u00eencepe s\u0103 bat\u0103 mai tare \u0219i mai curat dec\u00e2t \u00eenainte. A ie\u0219it din spital mai slab\u0103, dar z\u00e2mbitoare, cu sufletul \u00eemp\u0103cat.<\/p>\n\n\n\n<p><\/p>\n\n\n\n<p>\u00centr-o diminea\u021b\u0103, Radu a venit la ea. Nu mai avea costumul elegant \u0219i nici ma\u0219ina lucioas\u0103. Doar o privire obosit\u0103 \u0219i plin\u0103 de remu\u0219care. C\u00e2nd a v\u0103zut-o, a \u00eengenuncheat \u00een fa\u021ba ei.<\/p>\n\n\n\n<p><br>\u2014 Mam\u0103\u2026 iart\u0103-m\u0103. Mi-a fost ru\u0219ine s\u0103-\u021bi spun adev\u0103rul. So\u021bia mea n-a vrut s\u0103 te ajut, dar eu\u2026 n-a\u0219 fi putut tr\u0103i cu g\u00e2ndul c\u0103 te pierd.<\/p>\n\n\n\n<p><\/p>\n\n\n\n<p>Dorina l-a privit \u00eendelung, apoi i-a m\u00e2ng\u00e2iat fa\u021ba, a\u0219a cum f\u0103cea c\u00e2nd era mic.<\/p>\n\n\n\n<p><br>\u2014 Copile, eu te-am iertat din clipa \u00een care te-am n\u0103scut. \u021ai-ai f\u0103cut datoria de fiu. Nu uita niciodat\u0103: nu banii conteaz\u0103, ci inima.<\/p>\n\n\n\n<p><\/p>\n\n\n\n<p>Radu a izbucnit \u00een pl\u00e2ns. A stat mult acolo, \u00een genunchi, p\u00e2n\u0103 c\u00e2nd mama lui i-a ridicat capul \u0219i l-a s\u0103rutat pe frunte.<\/p>\n\n\n\n<p><\/p>\n\n\n\n<p>Dup\u0103 un timp, Radu \u0219i-a adus mama la el, \u00een ora\u0219. Nu mai aveau garduri \u00eentre ei, nici por\u021bi tr\u00e2ntite \u00een ploaie. \u00cen fiecare sear\u0103, Dorina se a\u0219eza \u00een fa\u021ba casei, cu o cea\u0219c\u0103 de ceai cald, privind cerul \u0219i \u0219optind:<br>\u2014 Mul\u021bumesc, Doamne, c\u0103 mi-ai p\u0103strat fiul\u2026 \u0219i mi-ai vindecat inima.<\/p>\n\n\n\n<p>\u0218i poate c\u0103 nu era vorba doar de inima ei bolnav\u0103, ci \u0219i de cea a fiului care, \u00een sf\u00e2r\u0219it, \u00eenv\u0103\u021base ce \u00eenseamn\u0103 dragostea adev\u0103rat\u0103 de mam\u0103.<\/p>\n\n\n\n<p><em>Aceast\u0103 lucrare este inspirat\u0103 din evenimente \u0219i persoane reale, \u00eens\u0103 a fost fic\u021bionalizat\u0103 \u00een scopuri creative. Numele, personajele \u0219i detaliile au fost schimbate pentru a proteja intimitatea \u0219i pentru a \u00eembun\u0103t\u0103\u021bi nara\u021biunea. Orice asem\u0103nare cu persoane reale, \u00een via\u021b\u0103 sau decedate, sau cu evenimente reale este pur \u00eent\u00e2mpl\u0103toare \u0219i nu este inten\u021bionat\u0103 de c\u0103tre autor.<\/em><\/p>\n\n\n\n<p><em>Autorul \u0219i editorul nu \u00ee\u0219i asum\u0103 responsabilitatea pentru exactitatea evenimentelor sau pentru modul \u00een care sunt portretizate personajele \u0219i nu sunt r\u0103spunz\u0103tori pentru eventuale interpret\u0103ri gre\u0219ite. Aceast\u0103 poveste este oferit\u0103 \u201eca atare\u201d, iar orice opinii exprimate apar\u021bin personajelor \u0219i nu reflect\u0103 punctele de vedere ale autorului sau ale editorului.<\/em><\/p>\n","protected":false},"excerpt":{"rendered":"<p>\u2026o gr\u0103mad\u0103 de bancnote, \u00eemp\u0103turite cu grij\u0103, \u0219i o bucat\u0103 mic\u0103 de h\u00e2rtie pe care scria tremurat: \u201eIart\u0103-m\u0103, mam\u0103. Nu am vrut ca so\u021bia mea<\/p>\n","protected":false},"author":1,"featured_media":40939,"comment_status":"closed","ping_status":"closed","sticky":false,"template":"","format":"standard","meta":[],"categories":[1],"tags":[],"_links":{"self":[{"href":"https:\/\/calatorinromania.com\/index.php?rest_route=\/wp\/v2\/posts\/42500"}],"collection":[{"href":"https:\/\/calatorinromania.com\/index.php?rest_route=\/wp\/v2\/posts"}],"about":[{"href":"https:\/\/calatorinromania.com\/index.php?rest_route=\/wp\/v2\/types\/post"}],"author":[{"embeddable":true,"href":"https:\/\/calatorinromania.com\/index.php?rest_route=\/wp\/v2\/users\/1"}],"replies":[{"embeddable":true,"href":"https:\/\/calatorinromania.com\/index.php?rest_route=%2Fwp%2Fv2%2Fcomments&post=42500"}],"version-history":[{"count":1,"href":"https:\/\/calatorinromania.com\/index.php?rest_route=\/wp\/v2\/posts\/42500\/revisions"}],"predecessor-version":[{"id":42501,"href":"https:\/\/calatorinromania.com\/index.php?rest_route=\/wp\/v2\/posts\/42500\/revisions\/42501"}],"wp:featuredmedia":[{"embeddable":true,"href":"https:\/\/calatorinromania.com\/index.php?rest_route=\/wp\/v2\/media\/40939"}],"wp:attachment":[{"href":"https:\/\/calatorinromania.com\/index.php?rest_route=%2Fwp%2Fv2%2Fmedia&parent=42500"}],"wp:term":[{"taxonomy":"category","embeddable":true,"href":"https:\/\/calatorinromania.com\/index.php?rest_route=%2Fwp%2Fv2%2Fcategories&post=42500"},{"taxonomy":"post_tag","embeddable":true,"href":"https:\/\/calatorinromania.com\/index.php?rest_route=%2Fwp%2Fv2%2Ftags&post=42500"}],"curies":[{"name":"wp","href":"https:\/\/api.w.org\/{rel}","templated":true}]}}