{"id":42494,"date":"2025-10-12T06:11:06","date_gmt":"2025-10-12T06:11:06","guid":{"rendered":"https:\/\/calatorinromania.com\/?p=42494"},"modified":"2025-10-12T06:11:06","modified_gmt":"2025-10-12T06:11:06","slug":"fiul-meu-a-uitat-sa-vina-sa-ma-ia-de-la-spital-dupa-operatie","status":"publish","type":"post","link":"https:\/\/calatorinromania.com\/?p=42494","title":{"rendered":"Fiul meu a uitat s\u0103 vin\u0103 s\u0103 m\u0103 ia de la spital dup\u0103 opera\u021bie"},"content":{"rendered":"\n<p>Am scos cheia din geanta veche, cu marginile tocite, \u0219i am privit-o \u00eendelung. Era grea, rece, \u0219i p\u0103rea c\u0103 ascunde \u00een ea o poveste. \u00cen clipa aceea, am \u0219tiut exact ce am de f\u0103cut.<\/p>\n\n\n\n<p><\/p>\n\n\n\n<p>Diminea\u021ba m-a g\u0103sit \u00een parcare, cu o cafea amar\u0103 \u0219i cu inima b\u0103t\u00e2ndu-mi ciudat de calm. Am pornit ma\u0219ina \u0219i am condus spre marginea cealalt\u0103 a satului, acolo unde se afla terenul nostru. Terenul pe care Tudor \u00eel cump\u0103rase pe vremea c\u00e2nd eram tineri \u0219i plini de visuri.<\/p>\n\n\n\n<p><\/p>\n\n\n\n<p>\u00cemi aminteam cum spunea mereu: \u201eMaria, p\u0103m\u00e2ntul nu te tr\u0103deaz\u0103 niciodat\u0103. Oamenii, da.\u201d La vremea aceea, nu \u00een\u021belesesem. Dar acum \u00een\u021belegeam totul.<\/p>\n\n\n\n<p><\/p>\n\n\n\n<p>C\u00e2nd am ajuns, am cobor\u00e2t \u0219i am privit locul. Trecuser\u0103 ani de c\u00e2nd nu mai fusesem acolo. Iarba crescuse \u00eenalt\u0103, iar hambarul din lemn se \u021binea \u00eenc\u0103 \u00een picioare, de\u0219i vopseaua se cojea. Am sim\u021bit un nod \u00een g\u00e2t.<\/p>\n\n\n\n<p><\/p>\n\n\n\n<p>Cheia s-a potrivit perfect \u00eentr-o cutie de fier, ascuns\u0103 sub podeaua veche a hambarului. \u00cen\u0103untru, un teanc de h\u00e2rtii, pr\u0103fuite, dar intacte. Titlul de proprietate pe numele meu. O h\u00e2rtie cu datorie, semnat\u0103 chiar de Andrei, c\u00e2nd \u00eei \u00eemprumutasem bani s\u0103-\u0219i deschid\u0103 afacerea. \u0218i o scrisoare de la Tudor.<\/p>\n\n\n\n<p><\/p>\n\n\n\n<p>Am deschis-o tremur\u00e2nd. \u201eDac\u0103 cite\u0219ti asta, \u00eenseamn\u0103 c\u0103 ai r\u0103mas singur\u0103. Dar nu uita, femeia care e\u0219ti nu se m\u0103soar\u0103 prin iubirea altora, ci prin puterea de a merge mai departe. F\u0103 dreptate, dar nu cu ur\u0103. <\/p>\n\n\n\n<p>P\u0103m\u00e2ntul \u0103sta e al t\u0103u. \u0218i \u00eentr-o zi, o s\u0103-\u021bi dea \u00eenapoi tot ce ai pierdut.\u201d<\/p>\n\n\n\n<p><\/p>\n\n\n\n<p>Lacrimile mi s-au amestecat cu praful de pe h\u00e2rtie. \u00cen mintea mea, ceva s-a aprins. Nu era r\u0103zbunare, ci demnitate.<\/p>\n\n\n\n<p><\/p>\n\n\n\n<p>Am mers direct la notarul din ora\u0219. A r\u0103mas uimit c\u00e2nd a v\u0103zut actele. \u201eDoamn\u0103, terenul \u0103sta valoreaz\u0103 peste opt sute de mii de lei. E o comoar\u0103.\u201d<\/p>\n\n\n\n<p><\/p>\n\n\n\n<p>Mi-a z\u00e2mbit amar. \u201e\u0218ti\u021bi, dac\u0103 dori\u021bi, pute\u021bi s\u0103-l vinde\u021bi imediat.\u201d<\/p>\n\n\n\n<p><\/p>\n\n\n\n<p>Am ridicat privirea. \u201eNu, nu vreau s\u0103-l v\u00e2nd. Vreau s\u0103 construiesc ceva pe el.\u201d<\/p>\n\n\n\n<p><\/p>\n\n\n\n<p>\u00cen urm\u0103toarele luni, am muncit c\u00e2t n-am muncit toat\u0103 via\u021ba. Am adus muncitori, am cur\u0103\u021bat locul, am ridicat o cas\u0103 mic\u0103, alb\u0103, cu o verand\u0103 larg\u0103. Unii din sat \u00eemi spuneau \u201ebunica de fier\u201d. Eu doar z\u00e2mbeam.<\/p>\n\n\n\n<p><\/p>\n\n\n\n<p>C\u00e2nd casa a fost gata, am deschis o mic\u0103 pensiune. Prima oar\u0103 au venit turi\u0219ti din Bucure\u0219ti, apoi familii tinere. \u00cei primeam cu z\u00e2mbetul pe buze \u0219i cu pl\u0103cinte calde, a\u0219a cum f\u0103ceam odinioar\u0103 pentru Andrei. \u00centr-o sear\u0103, am stat pe prisp\u0103 \u0219i am privit apusul. Mirosul de f\u00e2n proasp\u0103t \u0219i lini\u0219tea din jur m-au f\u0103cut s\u0103 simt, pentru prima dat\u0103 \u00een ani, c\u0103 sunt acas\u0103.<\/p>\n\n\n\n<p><\/p>\n\n\n\n<p>Trecuse aproape un an c\u00e2nd Andrei a ap\u0103rut. Sl\u0103bit, cu ochii ro\u0219ii. \u201eMam\u0103\u2026\u201d a spus.<\/p>\n\n\n\n<p><\/p>\n\n\n\n<p>L-am privit, f\u0103r\u0103 ur\u0103, dar f\u0103r\u0103 team\u0103. \u201e\u021ai-ai adus aminte c\u0103 mai ai o mam\u0103?\u201d<\/p>\n\n\n\n<p><\/p>\n\n\n\n<p>A t\u0103cut. A privit casa, curtea, oamenii care lucrau. \u201eN-am \u0219tiut\u2026 am crezut c\u0103\u2026 ai plecat.\u201d<\/p>\n\n\n\n<p><\/p>\n\n\n\n<p>Am z\u00e2mbit u\u0219or. \u201eAm plecat, da. Dar nu de tot. Uneori trebuie s\u0103 te pierzi ca s\u0103 te reg\u0103se\u0219ti.\u201d<\/p>\n\n\n\n<p><\/p>\n\n\n\n<p>A vrut s\u0103 spun\u0103 ceva, dar l-am oprit. \u201eNu vreau scuze, Andrei. Vreau doar s\u0103 \u0219tii c\u0103 nu sunt o povar\u0103. N-am fost niciodat\u0103. \u0218i, dac\u0103 vrei, po\u021bi veni la mas\u0103. Dar dac\u0103 nu, e \u00een regul\u0103. Eu am pacea mea acum.\u201d<\/p>\n\n\n\n<p><\/p>\n\n\n\n<p>S-a uitat lung la mine. Lacrimile \u00eei tremurau \u00een col\u021bul ochilor. \u201eMam\u0103\u2026 \u00eemi pare r\u0103u.\u201d<\/p>\n\n\n\n<p>L-am atins u\u0219or pe obraz, exact cum f\u0103ceam c\u00e2nd era copil. \u201eT\u00e2rziu, dar tot e ceva. Hai, intr\u0103. E sarmale calde.\u201d<\/p>\n\n\n\n<p>\u0218i a intrat. \u00cen seara aceea, casa mea s-a umplut din nou de r\u00e2sete. Nu mai eram o femeie uitat\u0103, ci o femeie care se ridicase din propria cenu\u0219\u0103.<\/p>\n\n\n\n<p>\u0218i, pentru prima dat\u0103 dup\u0103 moartea lui Tudor, am sim\u021bit c\u0103 el era acolo, undeva, z\u00e2mbind.<\/p>\n\n\n\n<p><em>Aceast\u0103 lucrare este inspirat\u0103 din evenimente \u0219i persoane reale, \u00eens\u0103 a fost fic\u021bionalizat\u0103 \u00een scopuri creative. Numele, personajele \u0219i detaliile au fost schimbate pentru a proteja intimitatea \u0219i pentru a \u00eembun\u0103t\u0103\u021bi nara\u021biunea. Orice asem\u0103nare cu persoane reale, \u00een via\u021b\u0103 sau decedate, sau cu evenimente reale este pur \u00eent\u00e2mpl\u0103toare \u0219i nu este inten\u021bionat\u0103 de c\u0103tre autor.<\/em><\/p>\n\n\n\n<p><em>Autorul \u0219i editorul nu \u00ee\u0219i asum\u0103 responsabilitatea pentru exactitatea evenimentelor sau pentru modul \u00een care sunt portretizate personajele \u0219i nu sunt r\u0103spunz\u0103tori pentru eventuale interpret\u0103ri gre\u0219ite. Aceast\u0103 poveste este oferit\u0103 \u201eca atare\u201d, iar orice opinii exprimate apar\u021bin personajelor \u0219i nu reflect\u0103 punctele de vedere ale autorului sau ale editorului.<\/em><\/p>\n","protected":false},"excerpt":{"rendered":"<p>Am scos cheia din geanta veche, cu marginile tocite, \u0219i am privit-o \u00eendelung. Era grea, rece, \u0219i p\u0103rea c\u0103 ascunde \u00een ea o poveste. \u00cen<\/p>\n","protected":false},"author":1,"featured_media":40939,"comment_status":"closed","ping_status":"closed","sticky":false,"template":"","format":"standard","meta":[],"categories":[1],"tags":[],"_links":{"self":[{"href":"https:\/\/calatorinromania.com\/index.php?rest_route=\/wp\/v2\/posts\/42494"}],"collection":[{"href":"https:\/\/calatorinromania.com\/index.php?rest_route=\/wp\/v2\/posts"}],"about":[{"href":"https:\/\/calatorinromania.com\/index.php?rest_route=\/wp\/v2\/types\/post"}],"author":[{"embeddable":true,"href":"https:\/\/calatorinromania.com\/index.php?rest_route=\/wp\/v2\/users\/1"}],"replies":[{"embeddable":true,"href":"https:\/\/calatorinromania.com\/index.php?rest_route=%2Fwp%2Fv2%2Fcomments&post=42494"}],"version-history":[{"count":1,"href":"https:\/\/calatorinromania.com\/index.php?rest_route=\/wp\/v2\/posts\/42494\/revisions"}],"predecessor-version":[{"id":42495,"href":"https:\/\/calatorinromania.com\/index.php?rest_route=\/wp\/v2\/posts\/42494\/revisions\/42495"}],"wp:featuredmedia":[{"embeddable":true,"href":"https:\/\/calatorinromania.com\/index.php?rest_route=\/wp\/v2\/media\/40939"}],"wp:attachment":[{"href":"https:\/\/calatorinromania.com\/index.php?rest_route=%2Fwp%2Fv2%2Fmedia&parent=42494"}],"wp:term":[{"taxonomy":"category","embeddable":true,"href":"https:\/\/calatorinromania.com\/index.php?rest_route=%2Fwp%2Fv2%2Fcategories&post=42494"},{"taxonomy":"post_tag","embeddable":true,"href":"https:\/\/calatorinromania.com\/index.php?rest_route=%2Fwp%2Fv2%2Ftags&post=42494"}],"curies":[{"name":"wp","href":"https:\/\/api.w.org\/{rel}","templated":true}]}}