{"id":42492,"date":"2025-10-12T06:04:40","date_gmt":"2025-10-12T06:04:40","guid":{"rendered":"https:\/\/calatorinromania.com\/?p=42492"},"modified":"2025-10-12T06:04:41","modified_gmt":"2025-10-12T06:04:41","slug":"politistii-au-oprit-o-femeie-fara-motiv-dar-au-inghetat-cand-sotul-ei-a-aparut-cu-o-insigna","status":"publish","type":"post","link":"https:\/\/calatorinromania.com\/?p=42492","title":{"rendered":"Poli\u021bi\u0219tii au oprit o femeie f\u0103r\u0103 motiv, dar au \u00eenghe\u021bat c\u00e2nd so\u021bul ei a ap\u0103rut cu o insign\u0103"},"content":{"rendered":"\n<p>\u2014 \u0219i lumea a amu\u021bit. Nici frunzele din copaci nu mai p\u0103reau s\u0103 se mi\u0219te.<\/p>\n\n\n\n<p><\/p>\n\n\n\n<p>Comisarul Ionescu s-a apropiat f\u0103r\u0103 grab\u0103, fiecare pas r\u0103sun\u00e2nd pe asfalt ca o b\u0103taie de toac\u0103. Fa\u021ba lui era calm\u0103, dar privirea \u2014 rece, t\u0103ioas\u0103. \u201eCe avem aici?\u201d, a \u00eentrebat, uit\u00e2ndu-se direct la poli\u021bistul care \u021binea lanterna.<\/p>\n\n\n\n<p><\/p>\n\n\n\n<p>T\u00e2n\u0103rul a clipit des, ne\u0219tiind ce s\u0103 spun\u0103. Cel\u0103lalt, mai \u00een v\u00e2rst\u0103, \u0219i-a drese vocea. \u201eDomnule comisar\u2026 am observat o ma\u0219in\u0103 suspect\u0103 \u00een zon\u0103 \u0219i\u2014\u201d<\/p>\n\n\n\n<p><\/p>\n\n\n\n<p>\u201eSuspect\u0103?\u201d<\/p>\n\n\n\n<p><br>\u201eDa, domnule, era parcat\u0103\u2026 adic\u0103 mergea \u00eencet \u0219i\u2014\u201d<\/p>\n\n\n\n<p><\/p>\n\n\n\n<p>\u201eMergea \u00eencet spre cas\u0103, dup\u0103 o sear\u0103 caritabil\u0103. Cu so\u021bia mea la volan.\u201d<\/p>\n\n\n\n<p><\/p>\n\n\n\n<p>Cuvintele au c\u0103zut grele. \u00cen lini\u0219tea care a urmat, s-a auzit doar tic\u0103itul motorului \u0219i fo\u0219netul uniformelor care se mi\u0219cau stingher.<\/p>\n\n\n\n<p><\/p>\n\n\n\n<p>Angela a inspirat ad\u00e2nc. Ar fi putut s\u0103 \u021bipe, s\u0103 cear\u0103 scuzele care i se cuveneau, dar n-a f\u0103cut-o. L-a privit pe so\u021bul ei, iar el i-a r\u0103spuns cu o privire care spunea tot: \u201eE\u0219ti \u00een siguran\u021b\u0103.\u201d<\/p>\n\n\n\n<p>\u201eDomnule comisar, n-am \u0219tiut c\u0103\u2014\u201d<br>\u201eNu trebuia s\u0103 \u0219ti\u021bi cine e ea ca s-o trata\u021bi cu respect,\u201d l-a \u00eentrerupt el. \u201eAsta ar trebui s\u0103 \u0219ti\u021bi din prima zi la uniform\u0103.\u201d<\/p>\n\n\n\n<p>Poli\u021bistul mai t\u00e2n\u0103r \u0219i-a plecat privirea. Cel\u0103lalt a murmurat ceva despre \u201ene\u00een\u021belegere\u201d. Comisarul a ridicat o m\u00e2n\u0103 \u0219i a spus scurt: \u201eGata. \u00cenchide\u021bi portbagajul.\u201d<\/p>\n\n\n\n<p>Unul dintre ei s-a gr\u0103bit s\u0103-l \u00eenchid\u0103, iar Angela a str\u00e2ns pliantele \u00eempr\u0103\u0219tiate, le-a a\u0219ezat la loc \u0219i \u0219i-a \u0219ters palmele de rochia cu paiete.<\/p>\n\n\n\n<p>\u201eS\u0103 nu v\u0103 mai prind oprind oameni f\u0103r\u0103 motiv,\u201d a spus comisarul, privind de la unul la altul. \u201ePentru c\u0103 data viitoare s-ar putea s\u0103 nu fie so\u021bia mea. \u0218i atunci o s\u0103 v\u0103 coste cariera.\u201d<\/p>\n\n\n\n<p>Apoi i-a f\u0103cut semn Angelei s\u0103 se urce \u00een ma\u0219in\u0103. Niciunul dintre poli\u021bi\u0219ti n-a mai scos un cuv\u00e2nt.<\/p>\n\n\n\n<p>C\u00e2nd portiera s-a \u00eenchis, Angela a r\u0103mas c\u00e2teva clipe privind strada. Luminile albastre \u00eenc\u0103 p\u00e2lp\u00e2iau \u00een oglind\u0103, dar acum p\u0103reau obosite, lipsite de putere.<\/p>\n\n\n\n<p>\u201e\u021ai-au f\u0103cut ceva?\u201d a \u00eentrebat el, \u00eentorc\u00e2ndu-se spre ea.<br>\u201eNu,\u201d a spus ea lini\u0219tit. \u201eDar m-am sim\u021bit\u2026 mic\u0103.\u201d<\/p>\n\n\n\n<p>El a dat din cap. \u201e\u0218tiu. \u0218i n-ar fi trebuit.\u201d<\/p>\n\n\n\n<p>Au pornit \u00eencet spre cas\u0103. T\u0103cerea dintre ei nu era rece, ci grea de g\u00e2nduri. Angela \u0219i-a sprijinit fruntea de geam \u0219i a privit luminile ora\u0219ului. Se g\u00e2ndea la c\u00e2\u021bi oameni tr\u0103iesc aceea\u0219i umilin\u021b\u0103, dar f\u0103r\u0103 cineva care s\u0103 soseasc\u0103 cu o insign\u0103 salvatoare.<\/p>\n\n\n\n<p>C\u00e2nd au ajuns \u00een fa\u021ba casei, \u0219i-a scos pantofii cu toc \u0219i i-a \u021binut \u00een m\u00e2n\u0103. \u201eCrezi c\u0103 se va schimba ceva?\u201d a \u00eentrebat ea.<\/p>\n\n\n\n<p>Comisarul s-a uitat la ea lung. \u201eDa,\u201d a spus dup\u0103 o pauz\u0103. \u201eDe m\u00e2ine, \u00eencep cu sec\u021bia mea.\u201d<\/p>\n\n\n\n<p>\u0218i s-a \u021binut de cuv\u00e2nt.<\/p>\n\n\n\n<p>A doua zi, film\u0103rile incidentului au ajuns peste tot. Dar, mai important, \u00een biroul lui s-au adunat to\u021bi ofi\u021berii din tura de noapte. \u00cen loc de amenin\u021b\u0103ri, a \u00eenceput cu o \u00eentrebare: \u201eDe ce purt\u0103m uniforma asta?\u201d<\/p>\n\n\n\n<p>Cuvintele lui au fost simple, dar grele. \u201eNu ca s\u0103 ne temem unii de al\u021bii. Ci ca s\u0103 ne putem privi \u00een ochi, indiferent cine suntem. O femeie, un copil, un b\u0103tr\u00e2n\u2026 fiecare merit\u0103 respect.\u201d<\/p>\n\n\n\n<p>Povestea s-a r\u0103sp\u00e2ndit rapid. Oamenii au comentat, unii au aplaudat, al\u021bii au r\u00e2s ne\u00eencrez\u0103tori. Dar Angela, privind seara \u0219tirile, a z\u00e2mbit pentru prima dat\u0103 dup\u0103 incident.<\/p>\n\n\n\n<p>\u0218tia c\u0103 nu schimbase doar o noapte, ci un mod de a privi lumea.<\/p>\n\n\n\n<p>Pentru c\u0103 uneori, nu e nevoie de scandaluri uria\u0219e sau proteste zgomotoase.<br>Uneori e destul ca o insign\u0103 s\u0103 se \u00eent\u00e2lneasc\u0103 cu alta \u2014 \u0219i cineva s\u0103 aleag\u0103 s\u0103 fac\u0103 ce e drept.<\/p>\n\n\n\n<p><em>Aceast\u0103 lucrare este inspirat\u0103 din evenimente \u0219i persoane reale, \u00eens\u0103 a fost fic\u021bionalizat\u0103 \u00een scopuri creative. Numele, personajele \u0219i detaliile au fost schimbate pentru a proteja intimitatea \u0219i pentru a \u00eembun\u0103t\u0103\u021bi nara\u021biunea. Orice asem\u0103nare cu persoane reale, \u00een via\u021b\u0103 sau decedate, sau cu evenimente reale este pur \u00eent\u00e2mpl\u0103toare \u0219i nu este inten\u021bionat\u0103 de c\u0103tre autor.<\/em><\/p>\n\n\n\n<p><em>Autorul \u0219i editorul nu \u00ee\u0219i asum\u0103 responsabilitatea pentru exactitatea evenimentelor sau pentru modul \u00een care sunt portretizate personajele \u0219i nu sunt r\u0103spunz\u0103tori pentru eventuale interpret\u0103ri gre\u0219ite. Aceast\u0103 poveste este oferit\u0103 \u201eca atare\u201d, iar orice opinii exprimate apar\u021bin personajelor \u0219i nu reflect\u0103 punctele de vedere ale autorului sau ale editorului.<\/em><\/p>\n","protected":false},"excerpt":{"rendered":"<p>\u2014 \u0219i lumea a amu\u021bit. Nici frunzele din copaci nu mai p\u0103reau s\u0103 se mi\u0219te. Comisarul Ionescu s-a apropiat f\u0103r\u0103 grab\u0103, fiecare pas r\u0103sun\u00e2nd pe<\/p>\n","protected":false},"author":1,"featured_media":40939,"comment_status":"closed","ping_status":"closed","sticky":false,"template":"","format":"standard","meta":[],"categories":[1],"tags":[],"_links":{"self":[{"href":"https:\/\/calatorinromania.com\/index.php?rest_route=\/wp\/v2\/posts\/42492"}],"collection":[{"href":"https:\/\/calatorinromania.com\/index.php?rest_route=\/wp\/v2\/posts"}],"about":[{"href":"https:\/\/calatorinromania.com\/index.php?rest_route=\/wp\/v2\/types\/post"}],"author":[{"embeddable":true,"href":"https:\/\/calatorinromania.com\/index.php?rest_route=\/wp\/v2\/users\/1"}],"replies":[{"embeddable":true,"href":"https:\/\/calatorinromania.com\/index.php?rest_route=%2Fwp%2Fv2%2Fcomments&post=42492"}],"version-history":[{"count":1,"href":"https:\/\/calatorinromania.com\/index.php?rest_route=\/wp\/v2\/posts\/42492\/revisions"}],"predecessor-version":[{"id":42493,"href":"https:\/\/calatorinromania.com\/index.php?rest_route=\/wp\/v2\/posts\/42492\/revisions\/42493"}],"wp:featuredmedia":[{"embeddable":true,"href":"https:\/\/calatorinromania.com\/index.php?rest_route=\/wp\/v2\/media\/40939"}],"wp:attachment":[{"href":"https:\/\/calatorinromania.com\/index.php?rest_route=%2Fwp%2Fv2%2Fmedia&parent=42492"}],"wp:term":[{"taxonomy":"category","embeddable":true,"href":"https:\/\/calatorinromania.com\/index.php?rest_route=%2Fwp%2Fv2%2Fcategories&post=42492"},{"taxonomy":"post_tag","embeddable":true,"href":"https:\/\/calatorinromania.com\/index.php?rest_route=%2Fwp%2Fv2%2Ftags&post=42492"}],"curies":[{"name":"wp","href":"https:\/\/api.w.org\/{rel}","templated":true}]}}