{"id":42490,"date":"2025-10-12T06:00:16","date_gmt":"2025-10-12T06:00:16","guid":{"rendered":"https:\/\/calatorinromania.com\/?p=42490"},"modified":"2025-10-12T06:00:16","modified_gmt":"2025-10-12T06:00:16","slug":"cand-eu-si-logodnica-mea-am-inceput-sa-ne-organizam-nunta","status":"publish","type":"post","link":"https:\/\/calatorinromania.com\/?p=42490","title":{"rendered":"C\u00e2nd eu \u0219i logodnica mea am \u00eenceput s\u0103 ne organiz\u0103m nunta"},"content":{"rendered":"\n<p>Am sim\u021bit cum \u00eemi \u00eenghea\u021b\u0103 s\u00e2ngele. Cuvintele ei au t\u0103iat aerul dintre noi ca un cu\u021bit. N-am spus nimic pentru c\u00e2teva secunde \u2014 doar am privit-o, \u00eencerc\u00e2nd s\u0103-mi dau seama dac\u0103 vorbesc cu femeia pe care o iubisem sau cu o str\u0103in\u0103.<\/p>\n\n\n\n<p><\/p>\n\n\n\n<p>\u201eAdic\u0103 vrei s\u0103 te m\u0103ri\u021bi cu mine, dar f\u0103r\u0103 fiica mea?\u201d, am \u00eentrebat, abia \u0219optit.<\/p>\n\n\n\n<p><\/p>\n\n\n\n<p>A oftat, deranjat\u0103. \u201eNu \u00een\u021belegi, e complicat. Vreau s\u0103 avem via\u021ba noastr\u0103, f\u0103r\u0103 bagajele trecutului t\u0103u.\u201d<\/p>\n\n\n\n<p><\/p>\n\n\n\n<p>\u201eBagaj?\u201d, am repetat, sim\u021bind cum mi se str\u00e2nge g\u00e2tul. \u201eLoredana e copilul meu, nu o geant\u0103 pe care o la\u0219i la u\u0219\u0103.\u201d<\/p>\n\n\n\n<p><\/p>\n\n\n\n<p>A \u00eentors privirea, ru\u0219inat\u0103 sau poate doar iritat\u0103 c\u0103 i-am stricat planurile. \u00cen acel moment am \u0219tiut. Nu mai era nimic de reparat.<\/p>\n\n\n\n<p><\/p>\n\n\n\n<p>Am plecat din apartament f\u0103r\u0103 s\u0103 mai spun nimic. Doar am luat cheile \u0219i am \u00eenchis u\u0219a \u00een urma mea. Afar\u0103, frigul de diminea\u021b\u0103 m-a izbit \u00een fa\u021b\u0103, dar era o lovitur\u0103 mai bl\u00e2nd\u0103 dec\u00e2t cea pe care tocmai o primisem \u00een suflet.<\/p>\n\n\n\n<p><\/p>\n\n\n\n<p>C\u00e2nd am ajuns acas\u0103, Loredana dormea \u00eenc\u0103. Am privit-o c\u00e2teva minute. Era at\u00e2t de lini\u0219tit\u0103, cu p\u0103rul r\u0103v\u0103\u0219it \u0219i o p\u0103pu\u0219\u0103 str\u00e2ns\u0103 la piept. Mi-am promis c\u0103 nu va mai sim\u021bi niciodat\u0103 c\u0103 nu e dorit\u0103.<\/p>\n\n\n\n<p><\/p>\n\n\n\n<p>\u00cen urm\u0103toarele zile, telefoanele de la Raluca au venit unul dup\u0103 altul. Mesaje, apeluri, chiar \u0219i flori l\u0103sate la u\u0219\u0103. Dar r\u0103spunsul meu era t\u0103cerea. Uneori, lini\u0219tea spune mai multe dec\u00e2t o mie de cuvinte.<\/p>\n\n\n\n<p><\/p>\n\n\n\n<p>Odat\u0103, am deschis un mesaj \u00een care scria: \u201eNu cred c\u0103 e corect s\u0103 arunci totul pentru un capriciu de moment.\u201d Am z\u00e2mbit amar. Capriciul acela avea 11 ani \u0219i era motivul pentru care \u00eemi b\u0103tea inima.<\/p>\n\n\n\n<p><\/p>\n\n\n\n<p>Timpul a trecut. Loredana a crescut, a terminat \u0219coala general\u0103 cu premiul \u00eent\u00e2i. \u00centr-o zi, \u00een drum spre cas\u0103, mi-a spus: \u201eTati, eu \u0219tiu c\u0103 ai renun\u021bat la ceva pentru mine.\u201d<\/p>\n\n\n\n<p><\/p>\n\n\n\n<p>Am \u00eencercat s\u0103 glumesc: \u201eAm renun\u021bat la o mireas\u0103 care nu \u0219tia s\u0103 iubeasc\u0103 corect.\u201d<\/p>\n\n\n\n<p><\/p>\n\n\n\n<p>Dar ea m-a privit serios: \u201eAtunci ai c\u00e2\u0219tigat ceva mai bun.\u201d<\/p>\n\n\n\n<p><\/p>\n\n\n\n<p>Avea dreptate. \u00cen locul unei femei care voia s\u0103 \u0219tearg\u0103 trecutul meu, am ales viitorul copilului meu. \u00cen locul unei nun\u021bi pline de poze perfecte, am ales zile simple, pline de z\u00e2mbete adev\u0103rate.<\/p>\n\n\n\n<p><\/p>\n\n\n\n<p>Ani mai t\u00e2rziu, c\u00e2nd Loredana s-a m\u0103ritat, am stat l\u00e2ng\u0103 ea la altar, cu lacrimi \u00een ochi. A fost o nunt\u0103 mic\u0103, dar plin\u0103 de c\u0103ldur\u0103. C\u00e2nd am v\u0103zut-o merg\u00e2nd spre mirele ei, am sim\u021bit c\u0103 toat\u0103 durerea de atunci a avut un rost.<\/p>\n\n\n\n<p><\/p>\n\n\n\n<p>Dup\u0103 ceremonie, m-a luat de m\u00e2n\u0103 \u0219i mi-a spus: \u201eTati, azi te-am f\u0103cut \u0219i pe tine mire, din nou.\u201d<\/p>\n\n\n\n<p>Atunci am \u00een\u021beles ceva ce ar trebui s\u0103 \u0219tie to\u021bi p\u0103rin\u021bii: dragostea adev\u0103rat\u0103 nu se m\u0103soar\u0103 \u00een jur\u0103minte rostite la altar, ci \u00een felul \u00een care alegi s\u0103 nu-\u021bi la\u0219i copilul singur \u00een lume.<\/p>\n\n\n\n<p>Am privit cerul, am z\u00e2mbit \u0219i mi-am spus \u00een g\u00e2nd: \u201ePoate c\u0103 n-a fost nunta pe care o visam, dar e via\u021ba pe care o meritam.\u201d<\/p>\n\n\n\n<p><em>Aceast\u0103 lucrare este inspirat\u0103 din evenimente \u0219i persoane reale, \u00eens\u0103 a fost fic\u021bionalizat\u0103 \u00een scopuri creative. Numele, personajele \u0219i detaliile au fost schimbate pentru a proteja intimitatea \u0219i pentru a \u00eembun\u0103t\u0103\u021bi nara\u021biunea. Orice asem\u0103nare cu persoane reale, \u00een via\u021b\u0103 sau decedate, sau cu evenimente reale este pur \u00eent\u00e2mpl\u0103toare \u0219i nu este inten\u021bionat\u0103 de c\u0103tre autor.<\/em><\/p>\n\n\n\n<p><em>Autorul \u0219i editorul nu \u00ee\u0219i asum\u0103 responsabilitatea pentru exactitatea evenimentelor sau pentru modul \u00een care sunt portretizate personajele \u0219i nu sunt r\u0103spunz\u0103tori pentru eventuale interpret\u0103ri gre\u0219ite. Aceast\u0103 poveste este oferit\u0103 \u201eca atare\u201d, iar orice opinii exprimate apar\u021bin personajelor \u0219i nu reflect\u0103 punctele de vedere ale autorului sau ale editorului.<\/em><\/p>\n","protected":false},"excerpt":{"rendered":"<p>Am sim\u021bit cum \u00eemi \u00eenghea\u021b\u0103 s\u00e2ngele. Cuvintele ei au t\u0103iat aerul dintre noi ca un cu\u021bit. N-am spus nimic pentru c\u00e2teva secunde \u2014 doar am<\/p>\n","protected":false},"author":1,"featured_media":40939,"comment_status":"closed","ping_status":"closed","sticky":false,"template":"","format":"standard","meta":[],"categories":[1],"tags":[],"_links":{"self":[{"href":"https:\/\/calatorinromania.com\/index.php?rest_route=\/wp\/v2\/posts\/42490"}],"collection":[{"href":"https:\/\/calatorinromania.com\/index.php?rest_route=\/wp\/v2\/posts"}],"about":[{"href":"https:\/\/calatorinromania.com\/index.php?rest_route=\/wp\/v2\/types\/post"}],"author":[{"embeddable":true,"href":"https:\/\/calatorinromania.com\/index.php?rest_route=\/wp\/v2\/users\/1"}],"replies":[{"embeddable":true,"href":"https:\/\/calatorinromania.com\/index.php?rest_route=%2Fwp%2Fv2%2Fcomments&post=42490"}],"version-history":[{"count":1,"href":"https:\/\/calatorinromania.com\/index.php?rest_route=\/wp\/v2\/posts\/42490\/revisions"}],"predecessor-version":[{"id":42491,"href":"https:\/\/calatorinromania.com\/index.php?rest_route=\/wp\/v2\/posts\/42490\/revisions\/42491"}],"wp:featuredmedia":[{"embeddable":true,"href":"https:\/\/calatorinromania.com\/index.php?rest_route=\/wp\/v2\/media\/40939"}],"wp:attachment":[{"href":"https:\/\/calatorinromania.com\/index.php?rest_route=%2Fwp%2Fv2%2Fmedia&parent=42490"}],"wp:term":[{"taxonomy":"category","embeddable":true,"href":"https:\/\/calatorinromania.com\/index.php?rest_route=%2Fwp%2Fv2%2Fcategories&post=42490"},{"taxonomy":"post_tag","embeddable":true,"href":"https:\/\/calatorinromania.com\/index.php?rest_route=%2Fwp%2Fv2%2Ftags&post=42490"}],"curies":[{"name":"wp","href":"https:\/\/api.w.org\/{rel}","templated":true}]}}