{"id":42488,"date":"2025-10-11T10:04:29","date_gmt":"2025-10-11T10:04:29","guid":{"rendered":"https:\/\/calatorinromania.com\/?p=42488"},"modified":"2025-10-11T10:04:29","modified_gmt":"2025-10-11T10:04:29","slug":"bunica-mi-a-aratat-cum-sa-albesc-hainele-albe-fara-a-folosi-substante-chimice-este-una-dintre-cele-mai-usoare-si-accesibile-metode-2","status":"publish","type":"post","link":"https:\/\/calatorinromania.com\/?p=42488","title":{"rendered":"Bunica mi-a ar\u0103tat cum s\u0103 albesc hainele albe f\u0103r\u0103 a folosi substan\u021be chimice \u2013 Este una dintre cele mai u\u0219oare \u0219i accesibile metode"},"content":{"rendered":"\n<p>Orice gospodin\u0103 \u0219tie c\u0103, odat\u0103 cu trecerea timpului, hainele albe \u00ee\u0219i pierd din str\u0103lucire \u0219i pot c\u0103p\u0103ta o nuan\u021b\u0103 galben\u0103 sau gri. Aceste culori nu mai sunt atr\u0103g\u0103toare, ci dimpotriv\u0103, fac ca rufele s\u0103 par\u0103 ne\u00eengrijite.<\/p>\n\n\n\n<p><\/p>\n\n\n\n<p>Din fericire, eu nu am astfel de probleme, deoarece am \u00eenv\u0103\u021bat o metod\u0103 eficient\u0103 pentru a re\u00eemprosp\u0103ta rufele care au devenit galbene sau gri. Aceast\u0103 tehnic\u0103 mi-a fost transmis\u0103 de bunica mea.<\/p>\n\n\n\n<p><\/p>\n\n\n\n<p>De\u0219i simpl\u0103, \u0219i poate chiar considerat\u0103 naiv\u0103, metoda bunicii pentru treburile casnice se dovede\u0219te extrem de util\u0103 \u0219i ast\u0103zi. Aceast\u0103 re\u021bet\u0103 este:<\/p>\n\n\n\n<p><\/p>\n\n\n\n<p>u\u0219or de aplicat;<\/p>\n\n\n\n<p>accesibil\u0103 pentru oricine;<\/p>\n\n\n\n<p>foarte eficient\u0103;<\/p>\n\n\n\n<p>ieftin\u0103.<\/p>\n\n\n\n<p>Metoda bunicii pentru albirea rufelor<br>Este o metod\u0103 extrem de accesibil\u0103 \u0219i eficient\u0103 de albire, care presupune utilizarea s\u0103rii de buc\u0103t\u0103rie obi\u0219nuite.<\/p>\n\n\n\n<p>Prevenirea \u00eeng\u0103lbenirii<br>Pentru a preveni ca rufele albe, cum ar fi lenjeria de pat sau prosoapele de buc\u0103t\u0103rie, s\u0103 se \u00eeng\u0103lbeneasc\u0103, se recomand\u0103 \u00eenmuierea lor \u00eentr-o solu\u021bie cald\u0103 de ap\u0103 \u0219i sare o dat\u0103 pe lun\u0103, timp de 2-3 ore. Propor\u021bia este de 3 linguri de sare la 1 litru de ap\u0103. Dup\u0103 aceast\u0103 procedur\u0103, rufele se spal\u0103 normal \u00een ma\u0219ina de sp\u0103lat.<\/p>\n\n\n\n<p>Albirea rufelor<br>Pentru hainele care au c\u0103p\u0103tat o nuan\u021b\u0103 gri sau galben\u0103, se poate folosi urm\u0103toarea solu\u021bie special\u0103:<\/p>\n\n\n\n<p>Pa\u0219ii pentru albire:<\/p>\n\n\n\n<p>Se toarn\u0103 ap\u0103 fierbinte \u00eentr-un lighean sau cad\u0103 unde vor fi \u00eenmuiate rufele.<\/p>\n\n\n\n<p>Se dizolv\u0103 \u00een ap\u0103 trei linguri de peroxid de hidrogen \u0219i sare.<\/p>\n\n\n\n<p>Se adaug\u0103 pu\u021bin detergent de rufe \u0219i o linguri\u021b\u0103 de amoniac. Se amestec\u0103 bine p\u00e2n\u0103 c\u00e2nd sarea se dizolv\u0103 complet.<\/p>\n\n\n\n<p>Se las\u0103 rufele albe \u00een solu\u021bia preparat\u0103 timp de 2 ore.<\/p>\n\n\n\n<p>Dup\u0103 acest timp, rufele se spal\u0103 normal.<\/p>\n\n\n\n<p>Hainele vor deveni vizibil mai albe, chiar de la prima utilizare.<\/p>\n\n\n\n<p>Acest articol are un caracter strict informativ \u0219i nu \u00eenlocuie\u0219te un sfat calificat. Pentru un diagnostic corect \u0219i un tratament adecvat, consulta\u021bi \u00eentotdeauna un specialist.<\/p>\n","protected":false},"excerpt":{"rendered":"<p>Orice gospodin\u0103 \u0219tie c\u0103, odat\u0103 cu trecerea timpului, hainele albe \u00ee\u0219i pierd din str\u0103lucire \u0219i pot c\u0103p\u0103ta o nuan\u021b\u0103 galben\u0103 sau gri. Aceste culori nu<\/p>\n","protected":false},"author":1,"featured_media":40939,"comment_status":"closed","ping_status":"closed","sticky":false,"template":"","format":"standard","meta":[],"categories":[1],"tags":[],"_links":{"self":[{"href":"https:\/\/calatorinromania.com\/index.php?rest_route=\/wp\/v2\/posts\/42488"}],"collection":[{"href":"https:\/\/calatorinromania.com\/index.php?rest_route=\/wp\/v2\/posts"}],"about":[{"href":"https:\/\/calatorinromania.com\/index.php?rest_route=\/wp\/v2\/types\/post"}],"author":[{"embeddable":true,"href":"https:\/\/calatorinromania.com\/index.php?rest_route=\/wp\/v2\/users\/1"}],"replies":[{"embeddable":true,"href":"https:\/\/calatorinromania.com\/index.php?rest_route=%2Fwp%2Fv2%2Fcomments&post=42488"}],"version-history":[{"count":1,"href":"https:\/\/calatorinromania.com\/index.php?rest_route=\/wp\/v2\/posts\/42488\/revisions"}],"predecessor-version":[{"id":42489,"href":"https:\/\/calatorinromania.com\/index.php?rest_route=\/wp\/v2\/posts\/42488\/revisions\/42489"}],"wp:featuredmedia":[{"embeddable":true,"href":"https:\/\/calatorinromania.com\/index.php?rest_route=\/wp\/v2\/media\/40939"}],"wp:attachment":[{"href":"https:\/\/calatorinromania.com\/index.php?rest_route=%2Fwp%2Fv2%2Fmedia&parent=42488"}],"wp:term":[{"taxonomy":"category","embeddable":true,"href":"https:\/\/calatorinromania.com\/index.php?rest_route=%2Fwp%2Fv2%2Fcategories&post=42488"},{"taxonomy":"post_tag","embeddable":true,"href":"https:\/\/calatorinromania.com\/index.php?rest_route=%2Fwp%2Fv2%2Ftags&post=42488"}],"curies":[{"name":"wp","href":"https:\/\/api.w.org\/{rel}","templated":true}]}}