{"id":42482,"date":"2025-10-11T09:06:12","date_gmt":"2025-10-11T09:06:12","guid":{"rendered":"https:\/\/calatorinromania.com\/?p=42482"},"modified":"2025-10-11T09:07:00","modified_gmt":"2025-10-11T09:07:00","slug":"ieri-seara-am-ajutat-o-femeie-sa-duca-niste-sacose-grele-pana-acasa","status":"publish","type":"post","link":"https:\/\/calatorinromania.com\/?p=42482","title":{"rendered":"Ieri sear\u0103 am ajutat o femeie s\u0103 duc\u0103 ni\u0219te saco\u0219e grele p\u00e2n\u0103 acas\u0103"},"content":{"rendered":"\n<p>\u2014 Sunte\u021bi acuzat de furt din locuin\u021b\u0103, \u2014 a spus el pe un ton rece, dar ferm.<\/p>\n\n\n\n<p><\/p>\n\n\n\n<p>Am r\u0103mas blocat. Furt? Din locuin\u021b\u0103? Am \u00eenceput s\u0103 r\u00e2d nervos, crez\u00e2nd c\u0103 e o glum\u0103 proast\u0103. Dar nu era. M-au rugat s\u0103-i \u00eenso\u021besc la sec\u021bie pentru \u201eclarific\u0103ri\u201d.<\/p>\n\n\n\n<p><\/p>\n\n\n\n<p>Pe drum, \u00eencercam s\u0103 le explic ce se \u00eent\u00e2mplase cu o sear\u0103 \u00eenainte. Le-am povestit despre femeia pe care o ajutasem, despre cum i-am dus saco\u0219ele \u0219i am plecat imediat dup\u0103 ce i le-am l\u0103sat la u\u0219\u0103. Unul dintre poli\u021bi\u0219ti m\u0103 privea sceptic, altul \u00ee\u0219i nota ceva \u00eentr-un carne\u021bel.<\/p>\n\n\n\n<p><\/p>\n\n\n\n<p>C\u00e2nd am ajuns la sec\u021bie, am fost poftit \u00eentr-o camer\u0103 mic\u0103, cu o mas\u0103 metalic\u0103 \u0219i dou\u0103 scaune. M-au l\u0103sat s\u0103 a\u0219tept c\u00e2teva minute, apoi a intrat un b\u0103rbat \u00een v\u00e2rst\u0103, \u00eembr\u0103cat civil, cu o map\u0103 sub bra\u021b.<\/p>\n\n\n\n<p><\/p>\n\n\n\n<p>\u2014 Domnule, \u2014 a \u00eenceput el calm, \u2014 o femeie \u00een v\u00e2rst\u0103, doamna Petrescu, a fost internat\u0103 azi-noapte la spital. Vecina ei a g\u0103sit-o le\u0219inat\u0103 pe podea. Spune c\u0103 o parte din lucrurile din cas\u0103 lipsesc.<\/p>\n\n\n\n<p><\/p>\n\n\n\n<p>Mi s-a f\u0103cut pielea de g\u0103in\u0103. \u2014 Cum adic\u0103 lipsesc? Eu n-am intrat nici m\u0103car \u00een cas\u0103, am l\u0103sat saco\u0219ele la prag!<\/p>\n\n\n\n<p><\/p>\n\n\n\n<p>Ofi\u021berul m-a privit atent. \u2014 Poate. Dar vecina spune c\u0103 v\u0103-a v\u0103zut ie\u0219ind din curte cu o pung\u0103 \u00een plus.<\/p>\n\n\n\n<p><\/p>\n\n\n\n<p>Am sim\u021bit cum mi se str\u00e2nge stomacul. \u2014 Ce pung\u0103? Aveam doar ce i-am dus! N-am luat nimic!<\/p>\n\n\n\n<p><\/p>\n\n\n\n<p>A oftat. \u2014 Vom verifica camerele de supraveghere din zon\u0103. P\u00e2n\u0103 atunci, trebuie s\u0103 r\u0103m\u00e2ne\u021bi disponibil pentru audieri.<\/p>\n\n\n\n<p><\/p>\n\n\n\n<p>Am plecat acas\u0103 ab\u0103tut, cu inima grea. Nu \u0219tiam dac\u0103 s\u0103 fiu furios sau doar trist. \u00cencercasem s\u0103 fac un bine, iar acum eram privit ca un ho\u021b.<\/p>\n\n\n\n<p><\/p>\n\n\n\n<p>Trei zile mai t\u00e2rziu, am primit un telefon. O voce cald\u0103 de femeie mi-a spus: \u2014 Sunt fiica doamnei Petrescu. A\u0219 vrea s\u0103 v\u0103 mul\u021bumesc. Mama \u0219i-a revenit, iar poli\u021bia a g\u0103sit vinovatul.<\/p>\n\n\n\n<p><\/p>\n\n\n\n<p>Am r\u0103mas f\u0103r\u0103 cuvinte. \u2014 Vinovatul?<\/p>\n\n\n\n<p><\/p>\n\n\n\n<p>\u2014 Da, un t\u00e2n\u0103r din cartier care a intrat \u00een cas\u0103 dup\u0103 ce a\u021bi plecat. Vecina l-a confundat cu dumneavoastr\u0103. Mama \u00ee\u0219i aminte\u0219te clar c\u0103 i-a\u021bi dus saco\u0219ele \u0219i a\u021bi plecat imediat.<\/p>\n\n\n\n<p><\/p>\n\n\n\n<p>Am \u00eenchis telefonul \u0219i am sim\u021bit cum \u00eemi scap\u0103 o greutate de pe umeri.<\/p>\n\n\n\n<p><\/p>\n\n\n\n<p>Seara, c\u00e2nd am ajuns acas\u0103, m-am a\u0219ezat pe banc\u0103 \u00een curte \u0219i am privit apusul. Uneori, via\u021ba te pune la \u00eencercare tocmai atunci c\u00e2nd \u00eencerci s\u0103 faci bine. Dar dac\u0103 renun\u021bi la bun\u0103tate din fric\u0103, lumea n-ar mai avea nicio \u0219ans\u0103.<\/p>\n\n\n\n<p><\/p>\n\n\n\n<p>De atunci, de fiecare dat\u0103 c\u00e2nd v\u0103d pe cineva care are nevoie de ajutor, o fac f\u0103r\u0103 s\u0103 m\u0103 mai g\u00e2ndesc la ce ar putea spune al\u021bii. Pentru c\u0103 \u0219tiu c\u0103 binele, chiar dac\u0103 uneori e \u00een\u021beles gre\u0219it, nu se pierde niciodat\u0103.<\/p>\n\n\n\n<p><\/p>\n\n\n\n<p>\u0218i poate, undeva, b\u0103tr\u00e2na aceea \u00eemi mul\u021bume\u0219te \u00een g\u00e2nd, a\u0219a cum \u0219i eu \u00eei mul\u021bumesc c\u0103 mi-a amintit c\u00e2t de u\u0219or e s\u0103 faci un gest frumos \u2014 \u0219i c\u00e2t de mult poate schimba o clip\u0103 simpl\u0103 \u00eentre doi oameni.<\/p>\n\n\n\n<p><\/p>\n\n\n\n<p><em>Aceast\u0103 lucrare este inspirat\u0103 din evenimente \u0219i persoane reale, \u00eens\u0103 a fost fic\u021bionalizat\u0103 \u00een scopuri creative. Numele, personajele \u0219i detaliile au fost schimbate pentru a proteja intimitatea \u0219i pentru a \u00eembun\u0103t\u0103\u021bi nara\u021biunea. Orice asem\u0103nare cu persoane reale, \u00een via\u021b\u0103 sau decedate, sau cu evenimente reale este pur \u00eent\u00e2mpl\u0103toare \u0219i nu este inten\u021bionat\u0103 de c\u0103tre autor.<\/em><\/p>\n\n\n\n<p><em>Autorul \u0219i editorul nu \u00ee\u0219i asum\u0103 responsabilitatea pentru exactitatea evenimentelor sau pentru modul \u00een care sunt portretizate personajele \u0219i nu sunt r\u0103spunz\u0103tori pentru eventuale interpret\u0103ri gre\u0219ite. Aceast\u0103 poveste este oferit\u0103 \u201eca atare\u201d, iar orice opinii exprimate apar\u021bin personajelor \u0219i nu reflect\u0103 punctele de vedere ale autorului sau ale editorului.<\/em><\/p>\n","protected":false},"excerpt":{"rendered":"<p>\u2014 Sunte\u021bi acuzat de furt din locuin\u021b\u0103, \u2014 a spus el pe un ton rece, dar ferm. Am r\u0103mas blocat. Furt? Din locuin\u021b\u0103? Am \u00eenceput<\/p>\n","protected":false},"author":1,"featured_media":40939,"comment_status":"closed","ping_status":"closed","sticky":false,"template":"","format":"standard","meta":[],"categories":[1],"tags":[],"_links":{"self":[{"href":"https:\/\/calatorinromania.com\/index.php?rest_route=\/wp\/v2\/posts\/42482"}],"collection":[{"href":"https:\/\/calatorinromania.com\/index.php?rest_route=\/wp\/v2\/posts"}],"about":[{"href":"https:\/\/calatorinromania.com\/index.php?rest_route=\/wp\/v2\/types\/post"}],"author":[{"embeddable":true,"href":"https:\/\/calatorinromania.com\/index.php?rest_route=\/wp\/v2\/users\/1"}],"replies":[{"embeddable":true,"href":"https:\/\/calatorinromania.com\/index.php?rest_route=%2Fwp%2Fv2%2Fcomments&post=42482"}],"version-history":[{"count":2,"href":"https:\/\/calatorinromania.com\/index.php?rest_route=\/wp\/v2\/posts\/42482\/revisions"}],"predecessor-version":[{"id":42484,"href":"https:\/\/calatorinromania.com\/index.php?rest_route=\/wp\/v2\/posts\/42482\/revisions\/42484"}],"wp:featuredmedia":[{"embeddable":true,"href":"https:\/\/calatorinromania.com\/index.php?rest_route=\/wp\/v2\/media\/40939"}],"wp:attachment":[{"href":"https:\/\/calatorinromania.com\/index.php?rest_route=%2Fwp%2Fv2%2Fmedia&parent=42482"}],"wp:term":[{"taxonomy":"category","embeddable":true,"href":"https:\/\/calatorinromania.com\/index.php?rest_route=%2Fwp%2Fv2%2Fcategories&post=42482"},{"taxonomy":"post_tag","embeddable":true,"href":"https:\/\/calatorinromania.com\/index.php?rest_route=%2Fwp%2Fv2%2Ftags&post=42482"}],"curies":[{"name":"wp","href":"https:\/\/api.w.org\/{rel}","templated":true}]}}