{"id":42480,"date":"2025-10-11T09:04:04","date_gmt":"2025-10-11T09:04:04","guid":{"rendered":"https:\/\/calatorinromania.com\/?p=42480"},"modified":"2025-10-11T09:04:05","modified_gmt":"2025-10-11T09:04:05","slug":"parintii-mei-au-cerut-ca-sora-mea-sa-mearga-prima-spre-altar-la-nunta-mea","status":"publish","type":"post","link":"https:\/\/calatorinromania.com\/?p=42480","title":{"rendered":"P\u0103rin\u021bii mei au cerut ca sora mea s\u0103 mearg\u0103 prima spre altar la nunta mea"},"content":{"rendered":"\n<p>C\u00e2nd am ajuns la biseric\u0103, aerul era plin de parfum scump \u0219i de priviri curioase. Ioana venise cu o or\u0103 mai devreme, preg\u0103tit\u0103 s\u0103-\u0219i joace \u201erolul de mireas\u0103\u201d pe care \u0219i-l scrisese singur\u0103. Rochia ei alb\u0103, plin\u0103 de pietre \u0219i volane, sclipea sub soare, iar z\u00e2mbetul ei sfid\u0103tor \u00eemi ardea nervii.<\/p>\n\n\n\n<p><\/p>\n\n\n\n<p>Andrei, \u00eens\u0103, era calm. Prea calm. Nu-l mai v\u0103zusem niciodat\u0103 a\u0219a. C\u00e2nd am cobor\u00e2t din ma\u0219in\u0103, mi-a \u00eentins m\u00e2na \u0219i mi-a spus \u00eencet: \u201eAminte\u0219te-\u021bi, azi e ziua noastr\u0103. Nu a lor.\u201d<\/p>\n\n\n\n<p><\/p>\n\n\n\n<p>C\u00e2nd Ioana a \u00eencercat s\u0103 p\u0103\u0219easc\u0103 pe covorul ro\u0219u, paznicul s-a pus \u00een fa\u021ba ei. \u201e\u00cemi pare r\u0103u, doamn\u0103, accesul nu este permis f\u0103r\u0103 invita\u021bie nominal\u0103.\u201d Ioana a r\u00e2s dispre\u021buitor \u0219i a scos telefonul. \u201eSunt sora miresei! Uite, rochia asta cost\u0103 mai mult dec\u00e2t toat\u0103 nunta voastr\u0103!\u201d, a zis, d\u00e2nd ochii peste cap.<\/p>\n\n\n\n<p><\/p>\n\n\n\n<p>Tata s-a apropiat nervos, \u021bip\u00e2nd c\u0103 el a pl\u0103tit totul, c\u0103 e \u201efamilia miresei\u201d. Dar paznicul a ridicat un deget spre el. \u201eOrdinele sunt clare, domnule. Accesul se face doar pentru cei trecu\u021bi pe list\u0103.\u201d<\/p>\n\n\n\n<p><\/p>\n\n\n\n<p>Mama a \u00eenceput s\u0103 pl\u00e2ng\u0103 \u0219i s\u0103 m\u0103 caute printre invita\u021bi. Eu st\u0103team pu\u021bin mai \u00een spate, al\u0103turi de Andrei, privind toat\u0103 scena. \u201eE\u0219ti sigur de asta?\u201d, l-am \u00eentrebat. El a z\u00e2mbit din nou, calm. \u201eAbsolut. Au avut luni \u00eentregi s\u0103 cread\u0103 c\u0103 de\u021bin controlul. Azi doar \u00eei aducem cu picioarele pe p\u0103m\u00e2nt.\u201d<\/p>\n\n\n\n<p><\/p>\n\n\n\n<p>Am aflat atunci c\u0103 Andrei schimbase complet planurile cu o s\u0103pt\u0103m\u00e2n\u0103 \u00eenainte. F\u0103r\u0103 s\u0103 le spun\u0103 p\u0103rin\u021bilor mei, organizase o ceremonie restr\u00e2ns\u0103, cu invita\u021bii personalizate \u0219i reguli stricte de acces. \u201eAsta e nunta noastr\u0103\u201d, spusese el. \u201eNu un spectacol pentru ego-ul lor.\u201d<\/p>\n\n\n\n<p><\/p>\n\n\n\n<p>Preotul a ie\u0219it din biseric\u0103 \u0219i a venit direct spre mine. \u201eE timpul, drag\u0103.\u201d Am p\u0103\u0219it pe covorul ro\u0219u, iar oamenii au \u00eenceput s\u0103 aplaude. Ioana, blocat\u0103 \u00een fa\u021b\u0103, \u00eenc\u0103 gesticula furioas\u0103. C\u00e2nd m-a v\u0103zut, s-a \u00eenro\u0219it toat\u0103. \u201eTu\u2026 tu mi-ai f\u0103cut asta?\u201d a \u021bipat, dar nimeni n-a mai ascultat-o.<\/p>\n\n\n\n<p><\/p>\n\n\n\n<p>Am ajuns \u00een fa\u021ba altarului, iar Andrei s-a aplecat spre mine. \u201eE\u0219ti minunat\u0103\u201d, mi-a \u0219optit. Preotul a \u00eenceput ceremonia, iar lumea din jur disp\u0103ruse. \u00cen sf\u00e2r\u0219it, era momentul nostru.<\/p>\n\n\n\n<p><\/p>\n\n\n\n<p>C\u00e2nd am ie\u0219it din biseric\u0103, Ioana \u0219i p\u0103rin\u021bii mei plecaser\u0103 deja. L\u0103saser\u0103 \u00een urm\u0103 doar zgomotul pa\u0219ilor gr\u0103bi\u021bi \u0219i c\u00e2teva priviri ru\u0219inate. Invita\u021bii, \u00eens\u0103, erau veseli, iar atmosfera era cald\u0103 \u0219i sincer\u0103.<\/p>\n\n\n\n<p>Mai t\u00e2rziu, la petrecere, Andrei a ridicat un pahar \u0219i a spus: \u201eUneori, familia nu \u00eenseamn\u0103 cine \u021bi-a dat via\u021b\u0103. \u00censeamn\u0103 cine \u00ee\u021bi respect\u0103 via\u021ba.\u201d<\/p>\n\n\n\n<p>Am sim\u021bit cum mi se umezes c ochii. Pentru prima dat\u0103, nu mai sim\u021beam nevoia s\u0103 demonstrez nimic. Nu mai eram \u201esora mai mic\u0103 a Ioanei\u201d. Eram eu, femeia care \u00ee\u0219i alesese singur\u0103 fericirea.<\/p>\n\n\n\n<p>\u00cen acea sear\u0103, am dansat descul\u021b\u0103, sub lumini calde, f\u0103r\u0103 griji, f\u0103r\u0103 umbr\u0103. Iar c\u00e2nd Andrei m-a str\u00e2ns \u00een bra\u021be, am \u0219tiut c\u0103 adev\u0103rata r\u0103zbunare nu fusese umilin\u021ba surorii mele, ci lini\u0219tea mea.<\/p>\n\n\n\n<p>Adev\u0103rata victorie fusese c\u0103, \u00een sf\u00e2r\u0219it, m\u0103 sim\u021beam liber\u0103.<\/p>\n\n\n\n<p><em>Aceast\u0103 lucrare este inspirat\u0103 din evenimente \u0219i persoane reale, \u00eens\u0103 a fost fic\u021bionalizat\u0103 \u00een scopuri creative. Numele, personajele \u0219i detaliile au fost schimbate pentru a proteja intimitatea \u0219i pentru a \u00eembun\u0103t\u0103\u021bi nara\u021biunea. Orice asem\u0103nare cu persoane reale, \u00een via\u021b\u0103 sau decedate, sau cu evenimente reale este pur \u00eent\u00e2mpl\u0103toare \u0219i nu este inten\u021bionat\u0103 de c\u0103tre autor.<\/em><\/p>\n\n\n\n<p><em>Autorul \u0219i editorul nu \u00ee\u0219i asum\u0103 responsabilitatea pentru exactitatea evenimentelor sau pentru modul \u00een care sunt portretizate personajele \u0219i nu sunt r\u0103spunz\u0103tori pentru eventuale interpret\u0103ri gre\u0219ite. Aceast\u0103 poveste este oferit\u0103 \u201eca atare\u201d, iar orice opinii exprimate apar\u021bin personajelor \u0219i nu reflect\u0103 punctele de vedere ale autorului sau ale editorului.<\/em><\/p>\n\n\n\n<p><a href=\"https:\/\/www.pinterest.com\/pin\/create\/button\/?url=https%3A%2F%2Fbumzi.ro%2F%3Fp%3D8492&amp;description=P%C4%83rin%C8%9Bii+mei+au+cerut+ca+sora+mea+s%C4%83+mearg%C4%83+prima+spre+altar+la+nunta+mea\" target=\"_blank\" rel=\"noreferrer noopener\"><\/a><\/p>\n\n\n\n<p><a href=\"https:\/\/www.facebook.com\/sharer\/sharer.php?u=https%3A%2F%2Fbumzi.ro%2F%3Fp%3D8492\" target=\"_blank\" rel=\"noreferrer noopener\"><\/a><\/p>\n\n\n\n<p><a href=\"https:\/\/twitter.com\/intent\/tweet?url=https%3A%2F%2Fbumzi.ro%2F%3Fp%3D8492&amp;text=P%C4%83rin%C8%9Bii+mei+au+cerut+ca+sora+mea+s%C4%83+mearg%C4%83+prima+spre+altar+la+nunta+mea\" target=\"_blank\" rel=\"noreferrer noopener\"><\/a><a href=\"https:\/\/bumzi.ro\/?p=8489\"><\/a><\/p>\n","protected":false},"excerpt":{"rendered":"<p>C\u00e2nd am ajuns la biseric\u0103, aerul era plin de parfum scump \u0219i de priviri curioase. Ioana venise cu o or\u0103 mai devreme, preg\u0103tit\u0103 s\u0103-\u0219i joace<\/p>\n","protected":false},"author":1,"featured_media":40932,"comment_status":"closed","ping_status":"closed","sticky":false,"template":"","format":"standard","meta":[],"categories":[1],"tags":[],"_links":{"self":[{"href":"https:\/\/calatorinromania.com\/index.php?rest_route=\/wp\/v2\/posts\/42480"}],"collection":[{"href":"https:\/\/calatorinromania.com\/index.php?rest_route=\/wp\/v2\/posts"}],"about":[{"href":"https:\/\/calatorinromania.com\/index.php?rest_route=\/wp\/v2\/types\/post"}],"author":[{"embeddable":true,"href":"https:\/\/calatorinromania.com\/index.php?rest_route=\/wp\/v2\/users\/1"}],"replies":[{"embeddable":true,"href":"https:\/\/calatorinromania.com\/index.php?rest_route=%2Fwp%2Fv2%2Fcomments&post=42480"}],"version-history":[{"count":1,"href":"https:\/\/calatorinromania.com\/index.php?rest_route=\/wp\/v2\/posts\/42480\/revisions"}],"predecessor-version":[{"id":42481,"href":"https:\/\/calatorinromania.com\/index.php?rest_route=\/wp\/v2\/posts\/42480\/revisions\/42481"}],"wp:featuredmedia":[{"embeddable":true,"href":"https:\/\/calatorinromania.com\/index.php?rest_route=\/wp\/v2\/media\/40932"}],"wp:attachment":[{"href":"https:\/\/calatorinromania.com\/index.php?rest_route=%2Fwp%2Fv2%2Fmedia&parent=42480"}],"wp:term":[{"taxonomy":"category","embeddable":true,"href":"https:\/\/calatorinromania.com\/index.php?rest_route=%2Fwp%2Fv2%2Fcategories&post=42480"},{"taxonomy":"post_tag","embeddable":true,"href":"https:\/\/calatorinromania.com\/index.php?rest_route=%2Fwp%2Fv2%2Ftags&post=42480"}],"curies":[{"name":"wp","href":"https:\/\/api.w.org\/{rel}","templated":true}]}}