{"id":42478,"date":"2025-10-11T08:57:32","date_gmt":"2025-10-11T08:57:32","guid":{"rendered":"https:\/\/calatorinromania.com\/?p=42478"},"modified":"2025-10-11T08:57:33","modified_gmt":"2025-10-11T08:57:33","slug":"un-mecanic-ajuta-o-soferita-fara-bani","status":"publish","type":"post","link":"https:\/\/calatorinromania.com\/?p=42478","title":{"rendered":"\u201dUn mecanic ajut\u0103 o \u0219oferi\u021b\u0103 f\u0103r\u0103 bani\u201d"},"content":{"rendered":"\n<p>Am r\u0103mas o clip\u0103 \u00een t\u0103cere, \u021bin\u00e2nd cheia francez\u0103 \u00een m\u00e2ini, f\u0103r\u0103 s\u0103 \u0219tiu dac\u0103 trebuie s\u0103-i spun c\u0103 nu pot lucra f\u0103r\u0103 plat\u0103 sau s\u0103 m\u0103 las purtat de instinct. Era ceva la femeia aceea care m\u0103 dezarma, de\u0219i via\u021ba la frontier\u0103 m-a \u00eenv\u0103\u021bat s\u0103 fiu dur \u0219i s\u0103 nu las pe nimeni s\u0103 profite de mine.<\/p>\n\n\n\n<p><\/p>\n\n\n\n<p>Elena privea \u00een jur nelini\u0219tit\u0103, iar de pe \u0219osea se ridica praful greu al verii. \u00centr-un col\u021b al atelierului, ventilatorul sc\u00e2r\u021b\u00e2ia, arunc\u00e2nd aer cald care nu ajuta la nimic. Mi-am \u0219ters fruntea cu dosul m\u00e2inii \u0219i i-am spus \u00eencet:<\/p>\n\n\n\n<p><\/p>\n\n\n\n<p>\u2014 Bine, hai s\u0103 vedem ce putem face.<\/p>\n\n\n\n<p><\/p>\n\n\n\n<p>Ochii ei verzi se umezir\u0103 pentru o clip\u0103. Era recuno\u0219tin\u021b\u0103 amestecat\u0103 cu team\u0103. Am \u00eenceput s\u0103 lucrez, schimb\u00e2nd furtunul, preg\u0103tind radiatorul pentru sudur\u0103. Dincolo de gesturile mecanice, sim\u021beam c\u0103 se a\u0219ezase o povar\u0103 invizibil\u0103 \u00eentre noi.<\/p>\n\n\n\n<p><\/p>\n\n\n\n<p>\u2014 De ce te gr\u0103be\u0219ti at\u00e2t? am \u00eentrebat, \u00eencerc\u00e2nd s\u0103 par casual, dar cu inima ciudat de curioas\u0103.<\/p>\n\n\n\n<p><\/p>\n\n\n\n<p>Ea oft\u0103.<\/p>\n\n\n\n<p><\/p>\n\n\n\n<p>\u2014 Trebuie s\u0103 duc marfa p\u00e2n\u0103 la r\u0103s\u0103rit. Dac\u0103 nu ajung, pierd tot. \u0218i\u2026 oamenii care m\u0103 urm\u0103resc nu sunt dintre cei care iart\u0103.<\/p>\n\n\n\n<p><\/p>\n\n\n\n<p>Am ridicat privirea spre ea. Am \u00een\u021beles c\u0103 nu era o simpl\u0103 poveste de drum, ci ceva mult mai serios.<\/p>\n\n\n\n<p><\/p>\n\n\n\n<p>Pe la noi, prin sate, oamenii cred \u00een semne. \u201eDac\u0103 se uit\u0103 omul drept \u00een ochii t\u0103i \u0219i nu clipe\u0219te, spune adev\u0103rul\u201d, zicea bunicul meu. Ei bine, Elena nu clipea. \u0218i adev\u0103rul ei era greu ca plumbul.<\/p>\n\n\n\n<p><\/p>\n\n\n\n<p>Am lucrat ore \u00eentregi, iar ea nu s-a mi\u0219cat de l\u00e2ng\u0103 mine. \u00cemi \u00eentindea sculele, m\u0103 ajuta cum putea, de parc\u0103 ar fi fost parte din echip\u0103. Din c\u00e2nd \u00een c\u00e2nd, se uita spre drum, \u0219i tres\u0103rea la fiecare far care se aprindea \u00een dep\u0103rtare.<\/p>\n\n\n\n<p><\/p>\n\n\n\n<p>C\u00e2nd am terminat, era deja noapte. Am pornit camionul, \u0219i motorul a r\u0103spuns ca o inim\u0103 puternic\u0103. Elena \u0219i-a dus m\u00e2na la piept \u0219i a z\u00e2mbit pentru prima dat\u0103.<\/p>\n\n\n\n<p><\/p>\n\n\n\n<p>\u2014 Nu am cum s\u0103 v\u0103 pl\u0103tesc acum, Diego, a spus \u00eencet, dar am s\u0103-mi amintesc de dumneavoastr\u0103 toat\u0103 via\u021ba.<\/p>\n\n\n\n<p>Am cl\u0103tinat din cap.<br>\u2014 Nu banii sunt totul, Elena. La noi, \u00een Rom\u00e2nia, oamenii din sate au un obicei: c\u00e2nd cineva e la necaz, \u00eei dai o m\u00e2n\u0103 de ajutor, pentru c\u0103 \u00eentr-o zi, poate chiar tu vei fi cel care va avea nevoie.<\/p>\n\n\n\n<p>Ea a clipit mirat\u0103.<br>\u2014 \u00cen Rom\u00e2nia?<\/p>\n\n\n\n<p>Am z\u00e2mbit.<br>\u2014 Da. Acolo m-am n\u0103scut. Am venit aici acum mul\u021bi ani. \u0218i am r\u0103mas cu \u00eenv\u0103\u021b\u0103mintele lor: \u201eCine face bine, g\u0103se\u0219te bine.\u201d<\/p>\n\n\n\n<p>Elena m-a privit lung, apoi a f\u0103cut un gest nea\u0219teptat. A scos din buzunar o mic\u0103 icoan\u0103 veche, cu Maica Domnului, \u0219i mi-a pus-o \u00een m\u00e2n\u0103.<\/p>\n\n\n\n<p>\u2014 Nu am bani, dar am asta. E a mea de c\u00e2nd eram copil. Poate v\u0103 poart\u0103 noroc.<\/p>\n\n\n\n<p>Am r\u0103mas f\u0103r\u0103 cuvinte. \u00cen m\u00e2na mea, icoana avea greutatea unei promisiuni. Nu era aur, nu era argint, dar sim\u021beam c\u0103 primisem ceva mult mai valoros.<\/p>\n\n\n\n<p>Camionul ei se \u00eendep\u0103rta pe \u0219oseaua pustie, iar farurile disp\u0103reau \u00een noapte. Am r\u0103mas singur, cu icoana \u00een palm\u0103 \u0219i cu un sentiment straniu c\u0103 via\u021ba mea tocmai \u00ee\u0219i schimbase direc\u021bia.<\/p>\n\n\n\n<p>De atunci, \u00een fiecare diminea\u021b\u0103, c\u00e2nd deschid atelierul \u0219i privesc spre drum, m\u0103 g\u00e2ndesc la Elena \u0219i la ochii ei verzi. \u0218i la felul \u00een care, \u00eentr-o singur\u0103 zi, o str\u0103in\u0103 mi-a ar\u0103tat c\u0103 nu banii, ci inimile curate \u021bin lumea \u00een mi\u0219care.<\/p>\n\n\n\n<p>Iar icoana aceea, mic\u0103 \u0219i uzat\u0103, st\u0103 \u0219i ast\u0103zi pe peretele atelierului. Oamenii o v\u0103d \u0219i z\u00e2mbesc, f\u0103r\u0103 s\u0103 \u0219tie povestea. Dar pentru mine, e amintirea vie a unei nop\u021bi \u00een care am ales s\u0103 cred \u00een omenie, iar r\u0103splata a venit \u00eentr-un fel pe care nu l-a\u0219 fi putut imagina niciodat\u0103.<\/p>\n\n\n\n<p><em>Aceast\u0103 lucrare este inspirat\u0103 din evenimente \u0219i persoane reale, \u00eens\u0103 a fost fic\u021bionalizat\u0103 \u00een scopuri creative. Numele, personajele \u0219i detaliile au fost schimbate pentru a proteja intimitatea \u0219i pentru a \u00eembun\u0103t\u0103\u021bi nara\u021biunea. Orice asem\u0103nare cu persoane reale, \u00een via\u021b\u0103 sau decedate, sau cu evenimente reale este pur \u00eent\u00e2mpl\u0103toare \u0219i nu este inten\u021bionat\u0103 de c\u0103tre autor.<\/em><\/p>\n\n\n\n<p><em>Autorul \u0219i editorul nu \u00ee\u0219i asum\u0103 responsabilitatea pentru exactitatea evenimentelor sau pentru modul \u00een care sunt portretizate personajele \u0219i nu sunt r\u0103spunz\u0103tori pentru eventuale interpret\u0103ri gre\u0219ite. Aceast\u0103 poveste este oferit\u0103 \u201eca atare\u201d, iar orice opinii exprimate apar\u021bin personajelor \u0219i nu reflect\u0103 punctele de vedere ale autorului sau ale editorului.<\/em><\/p>\n","protected":false},"excerpt":{"rendered":"<p>Am r\u0103mas o clip\u0103 \u00een t\u0103cere, \u021bin\u00e2nd cheia francez\u0103 \u00een m\u00e2ini, f\u0103r\u0103 s\u0103 \u0219tiu dac\u0103 trebuie s\u0103-i spun c\u0103 nu pot lucra f\u0103r\u0103 plat\u0103 sau<\/p>\n","protected":false},"author":1,"featured_media":40932,"comment_status":"closed","ping_status":"closed","sticky":false,"template":"","format":"standard","meta":[],"categories":[1],"tags":[],"_links":{"self":[{"href":"https:\/\/calatorinromania.com\/index.php?rest_route=\/wp\/v2\/posts\/42478"}],"collection":[{"href":"https:\/\/calatorinromania.com\/index.php?rest_route=\/wp\/v2\/posts"}],"about":[{"href":"https:\/\/calatorinromania.com\/index.php?rest_route=\/wp\/v2\/types\/post"}],"author":[{"embeddable":true,"href":"https:\/\/calatorinromania.com\/index.php?rest_route=\/wp\/v2\/users\/1"}],"replies":[{"embeddable":true,"href":"https:\/\/calatorinromania.com\/index.php?rest_route=%2Fwp%2Fv2%2Fcomments&post=42478"}],"version-history":[{"count":1,"href":"https:\/\/calatorinromania.com\/index.php?rest_route=\/wp\/v2\/posts\/42478\/revisions"}],"predecessor-version":[{"id":42479,"href":"https:\/\/calatorinromania.com\/index.php?rest_route=\/wp\/v2\/posts\/42478\/revisions\/42479"}],"wp:featuredmedia":[{"embeddable":true,"href":"https:\/\/calatorinromania.com\/index.php?rest_route=\/wp\/v2\/media\/40932"}],"wp:attachment":[{"href":"https:\/\/calatorinromania.com\/index.php?rest_route=%2Fwp%2Fv2%2Fmedia&parent=42478"}],"wp:term":[{"taxonomy":"category","embeddable":true,"href":"https:\/\/calatorinromania.com\/index.php?rest_route=%2Fwp%2Fv2%2Fcategories&post=42478"},{"taxonomy":"post_tag","embeddable":true,"href":"https:\/\/calatorinromania.com\/index.php?rest_route=%2Fwp%2Fv2%2Ftags&post=42478"}],"curies":[{"name":"wp","href":"https:\/\/api.w.org\/{rel}","templated":true}]}}