{"id":42476,"date":"2025-10-11T08:51:03","date_gmt":"2025-10-11T08:51:03","guid":{"rendered":"https:\/\/calatorinromania.com\/?p=42476"},"modified":"2025-10-11T08:51:04","modified_gmt":"2025-10-11T08:51:04","slug":"timp-de-zece-ani-mi-am-crescut-singura-copilul-fara-tata","status":"publish","type":"post","link":"https:\/\/calatorinromania.com\/?p=42476","title":{"rendered":"\u201eTimp de zece ani mi-am crescut singur\u0103 copilul, f\u0103r\u0103 tat\u0103"},"content":{"rendered":"\n<p>Am ridicat privirea, speriat\u0103 \u0219i ne\u00eencrez\u0103toare. Din prima ma\u0219in\u0103 a cobor\u00e2t un b\u0103rbat \u00eenalt, \u00eembr\u0103cat elegant, cu umbrel\u0103 neagr\u0103 \u0219i pantofi care sclipeau pe noroiul uli\u021bei.<br>To\u021bi au t\u0103cut. P\u00e2n\u0103 \u0219i ploaia p\u0103rea c\u0103 s-a oprit pentru o clip\u0103.<\/p>\n\n\n\n<p><\/p>\n\n\n\n<p>C\u00e2nd l-am v\u0103zut mai bine, inima mi s-a oprit. Era el. Omul pe care-l a\u0219teptasem zece ani. Tat\u0103l copilului meu.<\/p>\n\n\n\n<p><\/p>\n\n\n\n<p>Am r\u0103mas \u00eencremenit\u0103, cu acul \u00een m\u00e2n\u0103 \u0219i firele de a\u021b\u0103 at\u00e2rn\u00e2nd. El s-a apropiat \u00eencet, cu privirea plin\u0103 de emo\u021bie. Vecinii priveau din praguri, cu gura c\u0103scat\u0103, iar copiii au \u00eenceput s\u0103 \u0219u\u0219oteasc\u0103 \u00eentre ei.<\/p>\n\n\n\n<p><\/p>\n\n\n\n<p>\u2014 \u201eAna\u2026\u201d a spus el, cu o voce stins\u0103, aproape tremur\u00e2nd\u0103.<\/p>\n\n\n\n<p><br>\u2014 \u201eAm c\u0103utat ani de zile s\u0103 v\u0103 g\u0103sesc\u2026 pe tine \u0219i pe b\u0103iat.\u201d<\/p>\n\n\n\n<p><\/p>\n\n\n\n<p>N-am putut scoate un cuv\u00e2nt. Doar lacrimile au \u00eenceput s\u0103-mi curg\u0103 pe obraji, amestec\u00e2ndu-se cu ploaia.<br>Fiul meu a ie\u0219it din cas\u0103 \u0219i s-a oprit \u00een mijlocul cur\u021bii, privind c\u00e2nd la mine, c\u00e2nd la str\u0103inul acela care p\u0103rea c\u0103 a venit din alt\u0103 lume.<\/p>\n\n\n\n<p><\/p>\n\n\n\n<p>B\u0103rbatul s-a aplecat, a deschis bra\u021bele \u0219i, cu glasul fr\u00e2nt, a spus:<\/p>\n\n\n\n<p><br>\u2014 \u201eTat\u0103l t\u0103u\u2026 \u021bi-a fost dor de mine?\u201d<\/p>\n\n\n\n<p><\/p>\n\n\n\n<p>Copilul a r\u0103mas nemi\u0219cat o clip\u0103. Apoi, \u00eencet, s-a apropiat. L-a privit lung, ca \u0219i cum ar fi vrut s\u0103 vad\u0103 dac\u0103 viseaz\u0103.<\/p>\n\n\n\n<p><br>\u0218i, brusc, a alergat spre el, arunc\u00e2ndu-se \u00een bra\u021bele lui.<\/p>\n\n\n\n<p><\/p>\n\n\n\n<p>Atunci, s-a auzit un suspin lung din partea vecinilor. O femeie \u0219i-a dus m\u00e2na la gur\u0103, alta \u0219i-a f\u0103cut cruce.<br>Unul dintre b\u0103rba\u021bii care r\u00e2seser\u0103 de mine ani la r\u00e2nd \u0219i-a plecat capul ru\u0219inat.<\/p>\n\n\n\n<p><\/p>\n\n\n\n<p>El m-a privit peste um\u0103rul copilului, cu lacrimi \u00een ochi.<br>\u2014 \u201eAna, am fost un la\u0219. Tat\u0103l meu s-a opus, m-au trimis departe, m-au f\u0103cut s\u0103 cred c\u0103 nu te voi mai g\u0103si. Dar am plecat de acas\u0103, am muncit, am str\u00e2ns bani \u0219i m-am \u00eentors. Nu pentru mine. Pentru voi.\u201d<\/p>\n\n\n\n<p>Am sim\u021bit cum \u00eemi fuge p\u0103m\u00e2ntul de sub picioare. Dup\u0103 at\u00e2\u021bia ani de suferin\u021b\u0103, cuvintele acelea p\u0103reau un vis.<br>Nu \u0219tiam dac\u0103 s\u0103-l iert sau s\u0103-l alung. Dar c\u00e2nd mi-am v\u0103zut copilul \u00een bra\u021bele lui, am sim\u021bit cum toat\u0103 am\u0103r\u0103ciunea din mine se tope\u0219te.<\/p>\n\n\n\n<p>\u2014 \u201eAm venit s\u0103 v\u0103 iau acas\u0103,\u201d a mai spus. \u201eS\u0103 v\u0103 dau tot ce nu a\u021bi avut. \u0218i, dac\u0103 m\u0103 ier\u021bi\u2026 s\u0103 fim din nou o familie.\u201d<\/p>\n\n\n\n<p>Oamenii din sat au \u00eenceput s\u0103 pl\u00e2ng\u0103. Unii ru\u0219ina\u021bi, al\u021bii sincer mi\u0219ca\u021bi.<br>Eu am f\u0103cut un pas \u00eenainte, am pus m\u00e2na pe um\u0103rul fiului meu \u0219i am spus, printre lacrimi:<\/p>\n\n\n\n<p>\u2014 \u201eNoi nu vrem palate. Avem nevoie doar de pace, de iubire \u0219i de un acoperi\u0219 curat deasupra capului.\u201d<\/p>\n\n\n\n<p>El a z\u00e2mbit \u0219i, pentru prima dat\u0103 dup\u0103 ani \u00eentregi, am sim\u021bit c\u0103 povara din inima mea se ridic\u0103.<br>Copilul nostru r\u00e2dea \u0219i pl\u00e2ngea \u00een acela\u0219i timp, iar ploaia c\u0103dea peste noi, cur\u0103\u021b\u00e2nd parc\u0103 to\u021bi anii de durere.<\/p>\n\n\n\n<p>Vecinii s-au retras \u00eencet, t\u0103cu\u021bi. Iar acolo, \u00een mijlocul cur\u021bii pline de noroi, trei suflete se reg\u0103seau dup\u0103 o via\u021b\u0103 pierdut\u0103.<\/p>\n\n\n\n<p>Nu \u0219tiu dac\u0103 iertarea vine u\u0219or, dar \u0219tiu c\u0103 uneori via\u021ba \u00ee\u021bi d\u0103 o a doua \u0219ans\u0103 exact c\u00e2nd ai \u00eencetat s\u0103 o mai a\u0219tep\u021bi.<br>Iar \u00een acea zi, pentru prima oar\u0103 dup\u0103 zece ani, am sim\u021bit c\u0103 pot respira din nou.<\/p>\n\n\n\n<p><em>Aceast\u0103 lucrare este inspirat\u0103 din evenimente \u0219i persoane reale, \u00eens\u0103 a fost fic\u021bionalizat\u0103 \u00een scopuri creative. Numele, personajele \u0219i detaliile au fost schimbate pentru a proteja intimitatea \u0219i pentru a \u00eembun\u0103t\u0103\u021bi nara\u021biunea. Orice asem\u0103nare cu persoane reale, \u00een via\u021b\u0103 sau decedate, sau cu evenimente reale este pur \u00eent\u00e2mpl\u0103toare \u0219i nu este inten\u021bionat\u0103 de c\u0103tre autor.<\/em><\/p>\n\n\n\n<p><em>Autorul \u0219i editorul nu \u00ee\u0219i asum\u0103 responsabilitatea pentru exactitatea evenimentelor sau pentru modul \u00een care sunt portretizate personajele \u0219i nu sunt r\u0103spunz\u0103tori pentru eventuale interpret\u0103ri gre\u0219ite. Aceast\u0103 poveste este oferit\u0103 \u201eca atare\u201d, iar orice opinii exprimate apar\u021bin personajelor \u0219i nu reflect\u0103 punctele de vedere ale autorului sau ale editorului.<\/em><\/p>\n","protected":false},"excerpt":{"rendered":"<p>Am ridicat privirea, speriat\u0103 \u0219i ne\u00eencrez\u0103toare. Din prima ma\u0219in\u0103 a cobor\u00e2t un b\u0103rbat \u00eenalt, \u00eembr\u0103cat elegant, cu umbrel\u0103 neagr\u0103 \u0219i pantofi care sclipeau pe noroiul<\/p>\n","protected":false},"author":1,"featured_media":40932,"comment_status":"closed","ping_status":"closed","sticky":false,"template":"","format":"standard","meta":[],"categories":[1],"tags":[],"_links":{"self":[{"href":"https:\/\/calatorinromania.com\/index.php?rest_route=\/wp\/v2\/posts\/42476"}],"collection":[{"href":"https:\/\/calatorinromania.com\/index.php?rest_route=\/wp\/v2\/posts"}],"about":[{"href":"https:\/\/calatorinromania.com\/index.php?rest_route=\/wp\/v2\/types\/post"}],"author":[{"embeddable":true,"href":"https:\/\/calatorinromania.com\/index.php?rest_route=\/wp\/v2\/users\/1"}],"replies":[{"embeddable":true,"href":"https:\/\/calatorinromania.com\/index.php?rest_route=%2Fwp%2Fv2%2Fcomments&post=42476"}],"version-history":[{"count":1,"href":"https:\/\/calatorinromania.com\/index.php?rest_route=\/wp\/v2\/posts\/42476\/revisions"}],"predecessor-version":[{"id":42477,"href":"https:\/\/calatorinromania.com\/index.php?rest_route=\/wp\/v2\/posts\/42476\/revisions\/42477"}],"wp:featuredmedia":[{"embeddable":true,"href":"https:\/\/calatorinromania.com\/index.php?rest_route=\/wp\/v2\/media\/40932"}],"wp:attachment":[{"href":"https:\/\/calatorinromania.com\/index.php?rest_route=%2Fwp%2Fv2%2Fmedia&parent=42476"}],"wp:term":[{"taxonomy":"category","embeddable":true,"href":"https:\/\/calatorinromania.com\/index.php?rest_route=%2Fwp%2Fv2%2Fcategories&post=42476"},{"taxonomy":"post_tag","embeddable":true,"href":"https:\/\/calatorinromania.com\/index.php?rest_route=%2Fwp%2Fv2%2Ftags&post=42476"}],"curies":[{"name":"wp","href":"https:\/\/api.w.org\/{rel}","templated":true}]}}