{"id":42472,"date":"2025-10-11T08:45:33","date_gmt":"2025-10-11T08:45:33","guid":{"rendered":"https:\/\/calatorinromania.com\/?p=42472"},"modified":"2025-10-11T08:45:33","modified_gmt":"2025-10-11T08:45:33","slug":"la-o-benzinarie-un-caine-vagabond-a-latrat-si-i-a-rupt-pantalonii-unui-angajat","status":"publish","type":"post","link":"https:\/\/calatorinromania.com\/?p=42472","title":{"rendered":"\u201eLa o benzin\u0103rie, un c\u00e2ine vagabond a l\u0103trat \u0219i i-a rupt pantalonii unui angajat"},"content":{"rendered":"\n<p>\u2026s-a aplecat brusc, mirosind portofelul, apoi s-a uitat spre ei \u0219i a \u00eenceput din nou s\u0103 latre. De data asta, nu spre oameni, ci spre \u00eentunericul din spatele benzin\u0103riei.<\/p>\n\n\n\n<p><\/p>\n\n\n\n<p>Mihai s-a uitat \u00een direc\u021bia aceea. P\u0103rea doar un col\u021b de parcare, cu c\u00e2teva containere \u0219i o gr\u0103mad\u0103 de pale\u021bi uzi. Totu\u0219i, c\u00e2inele nu se clintea. L\u0103tra tot mai tare, cu coada ridicat\u0103 \u0219i cu ochii fixa\u021bi acolo, ca \u0219i cum ar fi vrut s\u0103 le spun\u0103 ceva.<\/p>\n\n\n\n<p><\/p>\n\n\n\n<p>\u2014 Ce-i, b\u0103, acolo? \u2014 a murmurat Mihai, f\u0103c\u00e2nd un pas \u00eenainte.<\/p>\n\n\n\n<p><\/p>\n\n\n\n<p>D\u0103nu\u021b a oftat. \u2014 Las\u0103-l, frate, probabil a sim\u021bit un \u0219obolan sau ceva.<\/p>\n\n\n\n<p><\/p>\n\n\n\n<p>Dar \u00een clipa urm\u0103toare, un zgomot surd a venit din direc\u021bia respectiv\u0103. Ca un geam spart sau un capac de canal lovit cu putere. Am\u00e2ndoi au tres\u0103rit.<\/p>\n\n\n\n<p><\/p>\n\n\n\n<p>C\u00e2inele a pornit \u00een fug\u0103, iar Mihai, f\u0103r\u0103 s\u0103 stea pe g\u00e2nduri, a luat o lantern\u0103 \u0219i s-a dus dup\u0103 el. Lumina t\u0103ia pic\u0103turile de ploaie \u00een dungi str\u0103lucitoare. C\u00e2nd a ajuns \u00een spate, a v\u0103zut ceva ce i-a \u00eenghe\u021bat s\u00e2ngele \u00een vene.<\/p>\n\n\n\n<p><\/p>\n\n\n\n<p>\u00cen spatele containerului, pe jos, era un b\u0103rbat c\u0103zut. Ud leoarc\u0103, cu o ran\u0103 la frunte \u0219i hainele pline de noroi. Respira greu. C\u00e2inele \u00eei lingea m\u00e2na, gem\u00e2nd \u00eencet, ca \u0219i cum \u00eencerca s\u0103-l \u00eencurajeze.<\/p>\n\n\n\n<p><\/p>\n\n\n\n<p>\u2014 D\u0103nu\u021b! \u2014 a strigat Mihai. \u2014 Vino repede!<\/p>\n\n\n\n<p><\/p>\n\n\n\n<p>C\u00e2nd au ajuns am\u00e2ndoi, omul a deschis ochii. \u2014 Ajuta\u021bi-m\u0103\u2026 am alunecat\u2026 nu pot s\u0103 m\u0103 ridic\u2026<\/p>\n\n\n\n<p><\/p>\n\n\n\n<p>Fusese un \u0219ofer care parcase \u00een spate cu ore bune \u00eenainte. Venise s\u0103 cear\u0103 ajutor, dar se lovise \u0219i r\u0103m\u0103sese acolo, f\u0103r\u0103 putere. Dac\u0103 nu era c\u00e2inele acela, probabil ar fi fost g\u0103sit diminea\u021b\u0103, prea t\u00e2rziu.<\/p>\n\n\n\n<p><\/p>\n\n\n\n<p>D\u0103nu\u021b, cu hainele ude \u0219i tremur\u00e2nd, s-a aplecat peste el. \u2014 S\u0103 chem\u0103m ambulan\u021ba!<\/p>\n\n\n\n<p><\/p>\n\n\n\n<p>Mihai a scos telefonul, dar privirea i-a r\u0103mas la c\u00e2ine. Animalul st\u0103tea \u00een genunchi l\u00e2ng\u0103 b\u0103rbat, cu urechile plecate \u0219i ochii mari, plini de team\u0103 \u0219i grij\u0103.<\/p>\n\n\n\n<p><\/p>\n\n\n\n<p>C\u00e2nd salvarea a sosit, paramedicii au spus c\u0103 omul avea hipotermie, dar va tr\u0103i. L-au urcat \u00een ambulan\u021b\u0103 \u0219i, \u00een tot timpul acela, c\u00e2inele nu s-a mi\u0219cat de l\u00e2ng\u0103 el.<\/p>\n\n\n\n<p>\u2014 E al dumneavoastr\u0103? \u2014 a \u00eentrebat unul dintre medici.<\/p>\n\n\n\n<p>\u2014 Nu, a ap\u0103rut de nic\u0103ieri, \u2014 a r\u0103spuns Mihai. \u2014 Cred c\u0103 el i-a salvat via\u021ba.<\/p>\n\n\n\n<p>C\u00e2nd ambulan\u021ba a plecat, c\u00e2inele s-a \u00eentors \u0219i i-a privit o clip\u0103. Apoi s-a dus spre pomp\u0103, acolo unde st\u0103tuse la \u00eenceput, \u0219i s-a a\u0219ezat, ca \u0219i cum misiunea lui se terminase.<\/p>\n\n\n\n<p>D\u0103nu\u021b a oftat. \u2014 Uite, dac\u0103 tot e pe aici\u2026 hai s\u0103-i d\u0103m ceva de m\u00e2ncare.<\/p>\n\n\n\n<p>Au intrat \u00een magazin \u0219i i-au adus o pung\u0103 de c\u00e2rna\u021bi. C\u00e2inele i-a mirosit, a m\u00e2ncat \u00eencet \u0219i apoi s-a ghemuit l\u00e2ng\u0103 u\u0219\u0103.<\/p>\n\n\n\n<p>De atunci, n-a mai plecat. \u00cen fiecare noapte, c\u00e2nd ploaia lovea acoperi\u0219ul \u0219i lumina becurilor tremura \u00een b\u0103l\u021bi, \u201eRo\u0219catul\u201d \u2014 a\u0219a cum i-au spus \u2014 st\u0103tea de paz\u0103 l\u00e2ng\u0103 pomp\u0103.<\/p>\n\n\n\n<p>Clien\u021bii \u00eel \u0219tiau, \u00eei aduceau resturi, iar Mihai \u00eei f\u0103cuse chiar \u0219i un culcu\u0219 cu o p\u0103tur\u0103 groas\u0103 \u00een spatele magazinului.<\/p>\n\n\n\n<p>Iar acolo, printre mirosul de benzin\u0103 \u0219i asfalt ud, un c\u00e2ine vagabond a devenit erou.<\/p>\n\n\n\n<p>Nu pentru c\u0103 a mu\u0219cat un om, ci pentru c\u0103, \u00eentr-o noapte ploioas\u0103, a ales s\u0103 nu plece.<\/p>\n\n\n\n<p><em>Aceast\u0103 lucrare este inspirat\u0103 din evenimente \u0219i persoane reale, \u00eens\u0103 a fost fic\u021bionalizat\u0103 \u00een scopuri creative. Numele, personajele \u0219i detaliile au fost schimbate pentru a proteja intimitatea \u0219i pentru a \u00eembun\u0103t\u0103\u021bi nara\u021biunea. Orice asem\u0103nare cu persoane reale, \u00een via\u021b\u0103 sau decedate, sau cu evenimente reale este pur \u00eent\u00e2mpl\u0103toare \u0219i nu este inten\u021bionat\u0103 de c\u0103tre autor.<\/em><\/p>\n\n\n\n<p><em>Autorul \u0219i editorul nu \u00ee\u0219i asum\u0103 responsabilitatea pentru exactitatea evenimentelor sau pentru modul \u00een care sunt portretizate personajele \u0219i nu sunt r\u0103spunz\u0103tori pentru eventuale interpret\u0103ri gre\u0219ite. Aceast\u0103 poveste este oferit\u0103 \u201eca atare\u201d, iar orice opinii exprimate apar\u021bin personajelor \u0219i nu reflect\u0103 punctele de vedere ale autorului sau ale editorului.<\/em><\/p>\n","protected":false},"excerpt":{"rendered":"<p>\u2026s-a aplecat brusc, mirosind portofelul, apoi s-a uitat spre ei \u0219i a \u00eenceput din nou s\u0103 latre. De data asta, nu spre oameni, ci spre<\/p>\n","protected":false},"author":1,"featured_media":40932,"comment_status":"closed","ping_status":"closed","sticky":false,"template":"","format":"standard","meta":[],"categories":[1],"tags":[],"_links":{"self":[{"href":"https:\/\/calatorinromania.com\/index.php?rest_route=\/wp\/v2\/posts\/42472"}],"collection":[{"href":"https:\/\/calatorinromania.com\/index.php?rest_route=\/wp\/v2\/posts"}],"about":[{"href":"https:\/\/calatorinromania.com\/index.php?rest_route=\/wp\/v2\/types\/post"}],"author":[{"embeddable":true,"href":"https:\/\/calatorinromania.com\/index.php?rest_route=\/wp\/v2\/users\/1"}],"replies":[{"embeddable":true,"href":"https:\/\/calatorinromania.com\/index.php?rest_route=%2Fwp%2Fv2%2Fcomments&post=42472"}],"version-history":[{"count":1,"href":"https:\/\/calatorinromania.com\/index.php?rest_route=\/wp\/v2\/posts\/42472\/revisions"}],"predecessor-version":[{"id":42473,"href":"https:\/\/calatorinromania.com\/index.php?rest_route=\/wp\/v2\/posts\/42472\/revisions\/42473"}],"wp:featuredmedia":[{"embeddable":true,"href":"https:\/\/calatorinromania.com\/index.php?rest_route=\/wp\/v2\/media\/40932"}],"wp:attachment":[{"href":"https:\/\/calatorinromania.com\/index.php?rest_route=%2Fwp%2Fv2%2Fmedia&parent=42472"}],"wp:term":[{"taxonomy":"category","embeddable":true,"href":"https:\/\/calatorinromania.com\/index.php?rest_route=%2Fwp%2Fv2%2Fcategories&post=42472"},{"taxonomy":"post_tag","embeddable":true,"href":"https:\/\/calatorinromania.com\/index.php?rest_route=%2Fwp%2Fv2%2Ftags&post=42472"}],"curies":[{"name":"wp","href":"https:\/\/api.w.org\/{rel}","templated":true}]}}