{"id":42470,"date":"2025-10-11T08:43:38","date_gmt":"2025-10-11T08:43:38","guid":{"rendered":"https:\/\/calatorinromania.com\/?p=42470"},"modified":"2025-10-11T08:43:38","modified_gmt":"2025-10-11T08:43:38","slug":"m-am-intors-din-calatorie-cu-o-zi-mai-devreme-si-am-gasit-o-pe-fetita-mea-de-9-ani-singura-in-genunchi","status":"publish","type":"post","link":"https:\/\/calatorinromania.com\/?p=42470","title":{"rendered":"M-am \u00eentors din c\u0103l\u0103torie cu o zi mai devreme \u0219i am g\u0103sit-o pe feti\u021ba mea de 9 ani singur\u0103, \u00een genunchi"},"content":{"rendered":"\n<p>Am \u00eenchis telefonul \u0219i l-am pus pe modul silen\u021bios. Lini\u0219tea care se a\u0219ternuse \u00een cas\u0103 nu mai era ap\u0103s\u0103toare, ci u\u0219ur\u0103toare. Lia dormea \u00eentins\u0103 pe canapea, cu o p\u0103tur\u0103 peste umeri \u0219i o juc\u0103rie str\u00e2ns\u0103 \u00een bra\u021be. Mi s-a rupt sufletul s-o v\u0103d a\u0219a mic\u0103, epuizat\u0103, dar \u00een sf\u00e2r\u0219it lini\u0219tit\u0103.<\/p>\n\n\n\n<p><\/p>\n\n\n\n<p>Am aprins o lum\u00e2nare \u00een buc\u0103t\u0103rie \u0219i m-am a\u0219ezat la mas\u0103. \u00cen minte \u00eemi tot r\u0103suna o \u00eentrebare:\u00a0<strong>Cum au putut?<\/strong>\u00a0Cum au putut s\u0103 lase un copil singur ore \u00eentregi \u0219i s\u0103 se duc\u0103 s\u0103 se distreze?<\/p>\n\n\n\n<p><\/p>\n\n\n\n<p>C\u00e2nd so\u021bul meu a intrat pe u\u0219\u0103 a doua zi, era palid. Se uita la mine de parc\u0103 ar fi intrat \u00eentr-un vis ur\u00e2t.<br>\u2014 Ce s-a \u00eent\u00e2mplat? Mama mi-a spus c\u0103 ai plecat cu Lia f\u0103r\u0103 s\u0103 zici nimic.<\/p>\n\n\n\n<p><\/p>\n\n\n\n<p>Am inspirat ad\u00e2nc. \u2014 Am venit acas\u0103 mai devreme. \u0218i am g\u0103sit-o singur\u0103. \u00cen genunchi. Cur\u0103\u021b\u00e2nd podeaua.<\/p>\n\n\n\n<p><\/p>\n\n\n\n<p>Ochii lui s-au m\u0103rit. \u2014 Nu se poate\u2026<\/p>\n\n\n\n<p>\u2014 Ba da. Poate. \u0218i \u0219tii de ce? Pentru c\u0103 p\u0103rin\u021bii t\u0103i cred c\u0103 iubirea se c\u00e2\u0219tig\u0103 cu supunere, nu cu grij\u0103.<\/p>\n\n\n\n<p>T\u0103cerea care a urmat a fost lung\u0103. Apoi, \u00eencet, a spus:<br>\u2014 O s\u0103 vorbesc cu ei.<\/p>\n\n\n\n<p>Am dat din cap. \u2014 Nu, nu o s\u0103 vorbe\u0219ti. Eu am vorbit deja. \u0218i am spus tot ce aveam de spus.<\/p>\n\n\n\n<p>\u00cei trimisesem un mesaj scurt \u00een noaptea aceea:<br><em>\u201eS\u0103 nu mai veni\u021bi la noi. Niciodat\u0103.\u201d<\/em><\/p>\n\n\n\n<p>A fost singurul mesaj la care n-am primit r\u0103spuns, dar nici n-aveam nevoie de unul.<\/p>\n\n\n\n<p>\u00cen zilele care au urmat, telefoanele s-au oprit. Lumea a \u00eenceput s\u0103 vorbeasc\u0103, desigur. C\u0103 sunt rea, c\u0103 m-am r\u0103zbunat, c\u0103 am exagerat. Dar eu nu mai sim\u021beam vin\u0103.<\/p>\n\n\n\n<p>Lia redevenise copil. R\u00e2dea din nou, m\u00e2nca cu poft\u0103, dormea lini\u0219tit\u0103. \u00centr-o sear\u0103, \u00een timp ce o \u00eenveleam, m-a privit cu ochii ei mari \u0219i a spus:<br>\u2014 Mam\u0103, acum e bine.<\/p>\n\n\n\n<p>Am sim\u021bit lacrimile \u00een g\u00e2t, dar le-am \u00eenghi\u021bit.<br>\u2014 Da, puiule. Acum e bine.<\/p>\n\n\n\n<p>Am \u00eenv\u0103\u021bat atunci c\u0103 uneori lini\u0219tea nu vine c\u00e2nd taci, ci c\u00e2nd spui&nbsp;<strong>\u201eGata, p\u00e2n\u0103 aici.\u201d<\/strong><\/p>\n\n\n\n<p>Nu e u\u0219or s\u0103 rupi leg\u0103turi de familie, dar e mai greu s\u0103-\u021bi vezi copilul r\u0103nit de cei care ar fi trebuit s\u0103-l iubeasc\u0103. \u0218i \u00een lumea asta, unde to\u021bi par s\u0103 judece f\u0103r\u0103 s\u0103 \u0219tie, am ales s\u0103 fiu mama care \u00ee\u0219i protejeaz\u0103 copilul cu orice pre\u021b, nu nora care tace din ru\u0219ine.<\/p>\n\n\n\n<p>\u00centr-o duminic\u0103, pe la pr\u00e2nz, Lia m-a luat de m\u00e2n\u0103 \u0219i mi-a zis:<br>\u2014 Hai s\u0103 facem cl\u0103tite, doar noi dou\u0103.<\/p>\n\n\n\n<p>Am r\u00e2s. \u2014 Bine, dar tu amesteci compozi\u021bia.<\/p>\n\n\n\n<p>A ridicat lingura, serioas\u0103, \u0219i a \u00eenceput s\u0103 bat\u0103 ou\u0103le. Buc\u0103t\u0103ria mirosea a vanilie \u0219i a pace. \u0218i pentru prima dat\u0103 dup\u0103 mult timp, am sim\u021bit c\u0103 suntem exact unde trebuie s\u0103 fim.<\/p>\n\n\n\n<p>Pentru c\u0103 uneori, cele mai grele decizii nu te rup \u2014 te elibereaz\u0103.<\/p>\n\n\n\n<p><em>Aceast\u0103 lucrare este inspirat\u0103 din evenimente \u0219i persoane reale, \u00eens\u0103 a fost fic\u021bionalizat\u0103 \u00een scopuri creative. Numele, personajele \u0219i detaliile au fost schimbate pentru a proteja intimitatea \u0219i pentru a \u00eembun\u0103t\u0103\u021bi nara\u021biunea. Orice asem\u0103nare cu persoane reale, \u00een via\u021b\u0103 sau decedate, sau cu evenimente reale este pur \u00eent\u00e2mpl\u0103toare \u0219i nu este inten\u021bionat\u0103 de c\u0103tre autor.<\/em><\/p>\n\n\n\n<p><em>Autorul \u0219i editorul nu \u00ee\u0219i asum\u0103 responsabilitatea pentru exactitatea evenimentelor sau pentru modul \u00een care sunt portretizate personajele \u0219i nu sunt r\u0103spunz\u0103tori pentru eventuale interpret\u0103ri gre\u0219ite. Aceast\u0103 poveste este oferit\u0103 \u201eca atare\u201d, iar orice opinii exprimate apar\u021bin personajelor \u0219i nu reflect\u0103 punctele de vedere ale autorului sau ale editorului.<\/em><\/p>\n","protected":false},"excerpt":{"rendered":"<p>Am \u00eenchis telefonul \u0219i l-am pus pe modul silen\u021bios. Lini\u0219tea care se a\u0219ternuse \u00een cas\u0103 nu mai era ap\u0103s\u0103toare, ci u\u0219ur\u0103toare. Lia dormea \u00eentins\u0103 pe<\/p>\n","protected":false},"author":1,"featured_media":40932,"comment_status":"closed","ping_status":"closed","sticky":false,"template":"","format":"standard","meta":[],"categories":[1],"tags":[],"_links":{"self":[{"href":"https:\/\/calatorinromania.com\/index.php?rest_route=\/wp\/v2\/posts\/42470"}],"collection":[{"href":"https:\/\/calatorinromania.com\/index.php?rest_route=\/wp\/v2\/posts"}],"about":[{"href":"https:\/\/calatorinromania.com\/index.php?rest_route=\/wp\/v2\/types\/post"}],"author":[{"embeddable":true,"href":"https:\/\/calatorinromania.com\/index.php?rest_route=\/wp\/v2\/users\/1"}],"replies":[{"embeddable":true,"href":"https:\/\/calatorinromania.com\/index.php?rest_route=%2Fwp%2Fv2%2Fcomments&post=42470"}],"version-history":[{"count":1,"href":"https:\/\/calatorinromania.com\/index.php?rest_route=\/wp\/v2\/posts\/42470\/revisions"}],"predecessor-version":[{"id":42471,"href":"https:\/\/calatorinromania.com\/index.php?rest_route=\/wp\/v2\/posts\/42470\/revisions\/42471"}],"wp:featuredmedia":[{"embeddable":true,"href":"https:\/\/calatorinromania.com\/index.php?rest_route=\/wp\/v2\/media\/40932"}],"wp:attachment":[{"href":"https:\/\/calatorinromania.com\/index.php?rest_route=%2Fwp%2Fv2%2Fmedia&parent=42470"}],"wp:term":[{"taxonomy":"category","embeddable":true,"href":"https:\/\/calatorinromania.com\/index.php?rest_route=%2Fwp%2Fv2%2Fcategories&post=42470"},{"taxonomy":"post_tag","embeddable":true,"href":"https:\/\/calatorinromania.com\/index.php?rest_route=%2Fwp%2Fv2%2Ftags&post=42470"}],"curies":[{"name":"wp","href":"https:\/\/api.w.org\/{rel}","templated":true}]}}