{"id":42468,"date":"2025-10-11T08:36:34","date_gmt":"2025-10-11T08:36:34","guid":{"rendered":"https:\/\/calatorinromania.com\/?p=42468"},"modified":"2025-10-11T08:36:34","modified_gmt":"2025-10-11T08:36:34","slug":"un-politist-a-observat-un-baietel-de-cel-mult-trei-ani","status":"publish","type":"post","link":"https:\/\/calatorinromania.com\/?p=42468","title":{"rendered":"Un poli\u021bist a observat un b\u0103ie\u021bel, de cel mult trei ani"},"content":{"rendered":"\n<p>C\u00e2nd mama b\u0103iatului a fost g\u0103sit\u0103, femeia abia mai putea vorbi. Pl\u00e2ngea continuu, tremura din tot corpul \u0219i repeta acela\u0219i lucru: \u201eNu \u0219tiu cum s-a \u00eent\u00e2mplat\u2026 doar o clip\u0103 am \u00eentors spatele.\u201d<\/p>\n\n\n\n<p><\/p>\n\n\n\n<p>Se afla la marginea satului, \u00eentr-o gospod\u0103rie mic\u0103 \u0219i s\u0103r\u0103c\u0103cioas\u0103. Tat\u0103l copilului era plecat la munc\u0103 \u00een str\u0103in\u0103tate, iar femeia, cople\u0219it\u0103 de griji, \u00eencerca s\u0103 se descurce singur\u0103 cu doi copii mici. \u00cen ziua aceea, plecase s\u0103 aduc\u0103 ap\u0103 de la f\u00e2nt\u00e2n\u0103, l\u0103s\u00e2ndu-l pe cel mic \u00een curte, \u00een timp ce fratele lui dormea. C\u00e2nd s-a \u00eentors, b\u0103ie\u021belul disp\u0103ruse.<\/p>\n\n\n\n<p><\/p>\n\n\n\n<p>Panica a cuprins tot satul. Oamenii au pornit \u00een c\u0103utarea copilului, dar f\u0103r\u0103 succes. Nimeni nu \u0219tia c\u0103 micu\u021bul r\u0103t\u0103cise pe drumul principal \u0219i mersese kilometri \u00eentregi, p\u00e2n\u0103 aproape de \u0219oseaua mare, unde fusese v\u0103zut de poli\u021bist.<\/p>\n\n\n\n<p><\/p>\n\n\n\n<p>C\u00e2nd femeia a ajuns la sec\u021bie \u0219i l-a v\u0103zut, a c\u0103zut \u00een genunchi. L-a str\u00e2ns la piept \u0219i a \u00eenceput s\u0103 pl\u00e2ng\u0103 at\u00e2t de tare, \u00eenc\u00e2t to\u021bi cei din jur au t\u0103cut. Copilul, speriat, s-a ag\u0103\u021bat de g\u00e2tul ei \u0219i a rostit, pentru prima dat\u0103, un cuv\u00e2nt: \u201emama\u201d.<\/p>\n\n\n\n<p><\/p>\n\n\n\n<p>Poli\u021bistul care \u00eel g\u0103sise s-a uitat \u00een t\u0103cere la scen\u0103. Era tat\u0103 \u0219i el, \u0219i sim\u021bea un nod \u00een g\u00e2t. Se g\u00e2ndea c\u0103, \u00een doar c\u00e2teva minute, via\u021ba acelui copil ar fi putut s\u0103 se termine tragic, pe marginea unei \u0219osele pe care nimeni nu se oprea.<\/p>\n\n\n\n<p><\/p>\n\n\n\n<p>Doctorii au spus c\u0103 micu\u021bul fusese deshidratat, fl\u0103m\u00e2nd \u0219i aproape \u00eenghe\u021bat. Dar inima lui era puternic\u0103. A stat internat dou\u0103 zile, timp \u00een care poli\u021bistul l-a vizitat zilnic, aduc\u00e2ndu-i juc\u0103rii \u0219i fructe. Copilul \u00eel recuno\u0219tea de fiecare dat\u0103 \u0219i z\u00e2mbea timid.<\/p>\n\n\n\n<p><\/p>\n\n\n\n<p>Dup\u0103 externare, mama a fost chemat\u0103 la prim\u0103rie, unde autorit\u0103\u021bile au decis s\u0103 o sprijine. Poli\u021bistul, impresionat de poveste, a vorbit cu c\u00e2\u021biva colegi \u0219i au str\u00e2ns bani pentru familie \u2013 haine, alimente \u0219i c\u00e2teva sute de lei pentru iarn\u0103.<\/p>\n\n\n\n<p><\/p>\n\n\n\n<p>C\u00e2nd i-au dus lucrurile, femeia a izbucnit din nou \u00een lacrimi.<br>\u2013 Nu \u0219tiu cum s\u0103 v\u0103 mul\u021bumesc\u2026 Dumnezeu v-a trimis la timp, a spus ea.<\/p>\n\n\n\n<p>Poli\u021bistul a z\u00e2mbit.<br>\u2013 Eu doar mi-am f\u0103cut datoria, dar uneori, datoria asta \u00eenseamn\u0103 mai mult dec\u00e2t o uniform\u0103. \u00censeamn\u0103 inim\u0103.<\/p>\n\n\n\n<p>Dup\u0103 c\u00e2teva zile, copilul a fost v\u0103zut juc\u00e2ndu-se din nou \u00een curte, cu fratele lui. Avea obrajii ro\u0219ii \u0219i z\u00e2mbea larg. Mama st\u0103tea pe banc\u0103, privind spre poart\u0103 din c\u00e2nd \u00een c\u00e2nd, de team\u0103 s\u0103 nu-l piard\u0103 din nou din ochi.<\/p>\n\n\n\n<p>Povestea s-a r\u0103sp\u00e2ndit repede, iar oamenii din sat au \u00eenceput s\u0103 o ajute pe femeie. Un vecin i-a reparat gardul, altul i-a adus lemne pentru foc. To\u021bi \u0219tiau c\u00e2t de u\u0219or se poate schimba via\u021ba \u00eentr-o clip\u0103 de neaten\u021bie.<\/p>\n\n\n\n<p>Iar poli\u021bistul, de c\u00e2te ori trecea prin sat, \u00eencetinea ma\u0219ina \u0219i saluta copilul. B\u0103ie\u021belul ridica m\u00e2na \u0219i striga:<br>\u2013 Uite, mama, nenea care m-a salvat!<\/p>\n\n\n\n<p>\u00centr-o lume gr\u0103bit\u0103, plin\u0103 de oameni care privesc dar nu v\u0103d, acel gest simplu al unui om cu suflet a f\u0103cut diferen\u021ba.<br>Uneori, nu trebuie s\u0103 fii erou. Trebuie doar s\u0103 te opre\u0219ti.<\/p>\n\n\n\n<p><em>Aceast\u0103 lucrare este inspirat\u0103 din evenimente \u0219i persoane reale, \u00eens\u0103 a fost fic\u021bionalizat\u0103 \u00een scopuri creative. Numele, personajele \u0219i detaliile au fost schimbate pentru a proteja intimitatea \u0219i pentru a \u00eembun\u0103t\u0103\u021bi nara\u021biunea. Orice asem\u0103nare cu persoane reale, \u00een via\u021b\u0103 sau decedate, sau cu evenimente reale este pur \u00eent\u00e2mpl\u0103toare \u0219i nu este inten\u021bionat\u0103 de c\u0103tre autor.<\/em><\/p>\n\n\n\n<p><em>Autorul \u0219i editorul nu \u00ee\u0219i asum\u0103 responsabilitatea pentru exactitatea evenimentelor sau pentru modul \u00een care sunt portretizate personajele \u0219i nu sunt r\u0103spunz\u0103tori pentru eventuale interpret\u0103ri gre\u0219ite. Aceast\u0103 poveste este oferit\u0103 \u201eca atare\u201d, iar orice opinii exprimate apar\u021bin personajelor \u0219i nu reflect\u0103 punctele de vedere ale autorului sau ale editorului.<\/em><\/p>\n","protected":false},"excerpt":{"rendered":"<p>C\u00e2nd mama b\u0103iatului a fost g\u0103sit\u0103, femeia abia mai putea vorbi. Pl\u00e2ngea continuu, tremura din tot corpul \u0219i repeta acela\u0219i lucru: \u201eNu \u0219tiu cum s-a<\/p>\n","protected":false},"author":1,"featured_media":40939,"comment_status":"closed","ping_status":"closed","sticky":false,"template":"","format":"standard","meta":[],"categories":[1],"tags":[],"_links":{"self":[{"href":"https:\/\/calatorinromania.com\/index.php?rest_route=\/wp\/v2\/posts\/42468"}],"collection":[{"href":"https:\/\/calatorinromania.com\/index.php?rest_route=\/wp\/v2\/posts"}],"about":[{"href":"https:\/\/calatorinromania.com\/index.php?rest_route=\/wp\/v2\/types\/post"}],"author":[{"embeddable":true,"href":"https:\/\/calatorinromania.com\/index.php?rest_route=\/wp\/v2\/users\/1"}],"replies":[{"embeddable":true,"href":"https:\/\/calatorinromania.com\/index.php?rest_route=%2Fwp%2Fv2%2Fcomments&post=42468"}],"version-history":[{"count":1,"href":"https:\/\/calatorinromania.com\/index.php?rest_route=\/wp\/v2\/posts\/42468\/revisions"}],"predecessor-version":[{"id":42469,"href":"https:\/\/calatorinromania.com\/index.php?rest_route=\/wp\/v2\/posts\/42468\/revisions\/42469"}],"wp:featuredmedia":[{"embeddable":true,"href":"https:\/\/calatorinromania.com\/index.php?rest_route=\/wp\/v2\/media\/40939"}],"wp:attachment":[{"href":"https:\/\/calatorinromania.com\/index.php?rest_route=%2Fwp%2Fv2%2Fmedia&parent=42468"}],"wp:term":[{"taxonomy":"category","embeddable":true,"href":"https:\/\/calatorinromania.com\/index.php?rest_route=%2Fwp%2Fv2%2Fcategories&post=42468"},{"taxonomy":"post_tag","embeddable":true,"href":"https:\/\/calatorinromania.com\/index.php?rest_route=%2Fwp%2Fv2%2Ftags&post=42468"}],"curies":[{"name":"wp","href":"https:\/\/api.w.org\/{rel}","templated":true}]}}