{"id":42466,"date":"2025-10-11T08:32:32","date_gmt":"2025-10-11T08:32:32","guid":{"rendered":"https:\/\/calatorinromania.com\/?p=42466"},"modified":"2025-10-11T08:32:32","modified_gmt":"2025-10-11T08:32:32","slug":"tractoristul-ara-pamantul-langa-rau-iar-plugul-s-a-agatat-de-un-lant","status":"publish","type":"post","link":"https:\/\/calatorinromania.com\/?p=42466","title":{"rendered":"Tractoristul ara p\u0103m\u00e2ntul l\u00e2ng\u0103 r\u00e2u, iar plugul s-a ag\u0103\u021bat de un lan\u021b"},"content":{"rendered":"\n<p>\u00cen m\u00e2inile lui, sc\u0103ldat \u00een n\u0103mol \u0219i ap\u0103 tulbure, se afla un cuf\u0103r vechi din fier, \u00eenchis cu un lac\u0103t uria\u0219. Ion a r\u0103mas nemi\u0219cat c\u00e2teva secunde, \u00eencerc\u00e2nd s\u0103 \u00een\u021beleag\u0103 ce vede. Lan\u021bul p\u0103rea rupt de rugin\u0103, iar cuf\u0103rul avea gravat un simbol ciudat, asem\u0103n\u0103tor unei ancore.<\/p>\n\n\n\n<p><\/p>\n\n\n\n<p>Inima \u00eei b\u0103tea tare. A privit \u00een jur \u2013 nu era nimeni. Doar c\u00e2teva pesc\u0103ru\u0219i \u0219i zgomotul monoton al motorului. Cu mi\u0219c\u0103ri lente, a scos cheia englezeasc\u0103 din trusa tractorului \u0219i a \u00eencercat s\u0103 desfac\u0103 lac\u0103tul, dar metalul era tare ca piatra. A lovit u\u0219or cu o rang\u0103, \u0219i lac\u0103tul s-a spart \u00een dou\u0103.<\/p>\n\n\n\n<p><\/p>\n\n\n\n<p>C\u00e2nd a ridicat capacul, a sim\u021bit mirosul greu al fierului vechi amestecat cu p\u0103m\u00e2nt umed. \u00cen\u0103untru erau mai multe pungi de p\u00e2nz\u0103, pline ochi cu monede vechi, str\u0103lucind u\u0219or \u00een lumina palid\u0103 a soarelui. A scos una \u0219i a \u0219ters-o de m\u00e2nec\u0103 \u2014 pe ea se vedea chipul unui domnitor.<\/p>\n\n\n\n<p><\/p>\n\n\n\n<p>Ion a \u00een\u021beles imediat c\u0103 nu era vorba de o simpl\u0103 bucat\u0103 de fier. \u021ainea \u00een m\u00e2n\u0103 o comoar\u0103.<\/p>\n\n\n\n<p><\/p>\n\n\n\n<p>A stat mult timp pe c\u00e2mp, f\u0103r\u0103 s\u0103 \u0219tie ce s\u0103 fac\u0103. \u00cen minte \u00eei treceau tot felul de g\u00e2nduri: s\u0103 anun\u021be poli\u021bia, s\u0103 cheme primarul, sau\u2026 s\u0103 tac\u0103 \u0219i s\u0103 duc\u0103 cuf\u0103rul acas\u0103. G\u00e2ndul la banii care i-ar putea salva ferma \u00eel rodea. De ani de zile, ferma \u201eR\u0103s\u0103ritul\u201d abia mai scotea profit. Tractoarele erau vechi, datoriile la furnizori tot mai mari, iar salariile muncitorilor se pl\u0103teau cu \u00eent\u00e2rziere.<\/p>\n\n\n\n<p><\/p>\n\n\n\n<p>\u201eDac\u0103 a\u0219 vinde doar o parte\u2026 doar c\u00e2teva monede\u201d, \u0219i-a spus el \u00een \u0219oapt\u0103.<\/p>\n\n\n\n<p><\/p>\n\n\n\n<p>Dar ceva \u00een interiorul lui \u00eel oprea. Tat\u0103l lui, \u0219i el tractorist odinioar\u0103, \u00eei spusese mereu: \u201eB\u0103iete, cinstea e singura avere care nu rugine\u0219te.\u201d<\/p>\n\n\n\n<p><\/p>\n\n\n\n<p>A oftat ad\u00e2nc, s-a urcat \u00een tractor \u0219i a pornit spre sat, cu cuf\u0103rul legat \u00een spate. Pe drum, norii s-au risipit, iar printre crengi s-a ivit o raz\u0103 de soare.<\/p>\n\n\n\n<p>Ajuns la prim\u0103rie, a cerut s\u0103-l vad\u0103 pe primar. C\u00e2nd a pus cuf\u0103rul pe podea \u0219i i-a povestit totul, oamenii s-au str\u00e2ns curio\u0219i \u00een jur. Primarul, un b\u0103rbat trecut de 60 de ani, a privit monedele \u0219i a chemat imediat muzeul jude\u021bean.<\/p>\n\n\n\n<p>C\u00e2teva zile mai t\u00e2rziu, speciali\u0219tii au confirmat: comoara provenea dintr-un transport pierdut \u00een timpul celui de-al Doilea R\u0103zboi Mondial. Era evaluat\u0103 la peste 1,5 milioane de lei.<\/p>\n\n\n\n<p>Statul i-a oferit lui Ion o recompens\u0103 consistent\u0103 \u2014 15% din valoare. C\u00e2nd a primit banii, a pl\u00e2ns. A cump\u0103rat dou\u0103 tractoare noi, a pl\u0103tit datoriile fermei \u0219i le-a m\u0103rit salariile muncitorilor.<\/p>\n\n\n\n<p>Peste c\u00e2teva luni, c\u00e2mpurile fermei \u201eR\u0103s\u0103ritul\u201d au \u00eenverzit mai frumos ca niciodat\u0103. Iar oamenii din sat povesteau tuturor despre omul simplu care a ales cinstea \u00een locul l\u0103comiei.<\/p>\n\n\n\n<p>\u00centr-o sear\u0103, Ion a ie\u0219it din nou pe malul Dun\u0103rii, acolo unde g\u0103sise cuf\u0103rul. A privit apusul, a z\u00e2mbit \u0219i a \u0219optit: \u201eTat\u0103, ai avut dreptate\u2026 cinstea chiar nu rugine\u0219te.\u201d<\/p>\n\n\n\n<p><em>Aceast\u0103 lucrare este inspirat\u0103 din evenimente \u0219i persoane reale, \u00eens\u0103 a fost fic\u021bionalizat\u0103 \u00een scopuri creative. Numele, personajele \u0219i detaliile au fost schimbate pentru a proteja intimitatea \u0219i pentru a \u00eembun\u0103t\u0103\u021bi nara\u021biunea. Orice asem\u0103nare cu persoane reale, \u00een via\u021b\u0103 sau decedate, sau cu evenimente reale este pur \u00eent\u00e2mpl\u0103toare \u0219i nu este inten\u021bionat\u0103 de c\u0103tre autor.<\/em><\/p>\n\n\n\n<p><em>Autorul \u0219i editorul nu \u00ee\u0219i asum\u0103 responsabilitatea pentru exactitatea evenimentelor sau pentru modul \u00een care sunt portretizate personajele \u0219i nu sunt r\u0103spunz\u0103tori pentru eventuale interpret\u0103ri gre\u0219ite. Aceast\u0103 poveste este oferit\u0103 \u201eca atare\u201d, iar orice opinii exprimate apar\u021bin personajelor \u0219i nu reflect\u0103 punctele de vedere ale autorului sau ale editorului.<\/em><\/p>\n","protected":false},"excerpt":{"rendered":"<p>\u00cen m\u00e2inile lui, sc\u0103ldat \u00een n\u0103mol \u0219i ap\u0103 tulbure, se afla un cuf\u0103r vechi din fier, \u00eenchis cu un lac\u0103t uria\u0219. Ion a r\u0103mas nemi\u0219cat<\/p>\n","protected":false},"author":1,"featured_media":40939,"comment_status":"closed","ping_status":"closed","sticky":false,"template":"","format":"standard","meta":[],"categories":[1],"tags":[],"_links":{"self":[{"href":"https:\/\/calatorinromania.com\/index.php?rest_route=\/wp\/v2\/posts\/42466"}],"collection":[{"href":"https:\/\/calatorinromania.com\/index.php?rest_route=\/wp\/v2\/posts"}],"about":[{"href":"https:\/\/calatorinromania.com\/index.php?rest_route=\/wp\/v2\/types\/post"}],"author":[{"embeddable":true,"href":"https:\/\/calatorinromania.com\/index.php?rest_route=\/wp\/v2\/users\/1"}],"replies":[{"embeddable":true,"href":"https:\/\/calatorinromania.com\/index.php?rest_route=%2Fwp%2Fv2%2Fcomments&post=42466"}],"version-history":[{"count":1,"href":"https:\/\/calatorinromania.com\/index.php?rest_route=\/wp\/v2\/posts\/42466\/revisions"}],"predecessor-version":[{"id":42467,"href":"https:\/\/calatorinromania.com\/index.php?rest_route=\/wp\/v2\/posts\/42466\/revisions\/42467"}],"wp:featuredmedia":[{"embeddable":true,"href":"https:\/\/calatorinromania.com\/index.php?rest_route=\/wp\/v2\/media\/40939"}],"wp:attachment":[{"href":"https:\/\/calatorinromania.com\/index.php?rest_route=%2Fwp%2Fv2%2Fmedia&parent=42466"}],"wp:term":[{"taxonomy":"category","embeddable":true,"href":"https:\/\/calatorinromania.com\/index.php?rest_route=%2Fwp%2Fv2%2Fcategories&post=42466"},{"taxonomy":"post_tag","embeddable":true,"href":"https:\/\/calatorinromania.com\/index.php?rest_route=%2Fwp%2Fv2%2Ftags&post=42466"}],"curies":[{"name":"wp","href":"https:\/\/api.w.org\/{rel}","templated":true}]}}