{"id":41499,"date":"2025-08-29T06:05:16","date_gmt":"2025-08-29T06:05:16","guid":{"rendered":"https:\/\/calatorinromania.com\/?p=41499"},"modified":"2025-08-29T06:05:16","modified_gmt":"2025-08-29T06:05:16","slug":"%f0%9f%8c%bf-avantajele-frunzelor-de-dafin-de-ce-e-bine-sa-le-folosim-in-preparatele-cu-carne-%f0%9f%8d%97%f0%9f%a5%98","status":"publish","type":"post","link":"https:\/\/calatorinromania.com\/?p=41499","title":{"rendered":"\ud83c\udf3f Avantajele frunzelor de dafin \u2013 De ce e bine s\u0103 le folosim \u00een preparatele cu carne \ud83c\udf57\ud83e\udd58"},"content":{"rendered":"\n<p>Frunzele de dafin sunt unul dintre cele mai folosite condimente \u00een buc\u0103t\u0103ria tradi\u021bional\u0103. Fie c\u0103 preg\u0103te\u0219ti <strong>sarmale, carne la cuptor, supe sau toc\u0103ni\u021be<\/strong>, c\u00e2teva frunze de dafin dau un gust aparte m\u00e2nc\u0103rii.<\/p>\n\n\n\n<p><\/p>\n\n\n\n<p>Dar \u0219tiai c\u0103, pe l\u00e2ng\u0103 arom\u0103, frunzele de dafin au \u0219i <strong>beneficii pentru s\u0103n\u0103tate<\/strong>? Hai s\u0103 vedem de ce merit\u0103 s\u0103 le adaugi \u00een re\u021betele tale \ud83d\udc47<\/p>\n\n\n\n<p><\/p>\n\n\n\n<h2>\u2705 Beneficiile frunzelor de dafin<\/h2>\n\n\n\n<p><\/p>\n\n\n\n<ul>\n<li>\ud83c\udf31 <strong>Sus\u021bin digestia<\/strong> \u2013 ceaiul din foi de dafin ajut\u0103 la combaterea balon\u0103rii, arsurilor gastrice \u0219i constipa\u021biei.<\/li>\n<\/ul>\n\n\n\n<p><\/p>\n\n\n\n<ul>\n<li>\ud83d\udc93 <strong>Protejeaz\u0103 inima<\/strong> \u2013 con\u021bin compu\u0219i cu efect antioxidant, care ajut\u0103 la men\u021binerea s\u0103n\u0103t\u0103\u021bii cardiovasculare.<\/li>\n<\/ul>\n\n\n\n<p><\/p>\n\n\n\n<ul>\n<li>\ud83c\udf75 <strong>Regleaz\u0103 glicemia<\/strong> \u2013 consumul de ceai de dafin, \u00een cure scurte \u0219i moderate, poate contribui la reducerea nivelului de zah\u0103r din s\u00e2nge (util pentru diabetici, dar doar cu recomandarea medicului!).<\/li>\n<\/ul>\n\n\n\n<p><\/p>\n\n\n\n<ul>\n<li>\ud83c\udf2c\ufe0f <strong>Amelioreaz\u0103 r\u0103celile \u0219i tusea<\/strong> \u2013 aburii din frunzele fierte de dafin ajut\u0103 la eliberarea c\u0103ilor respiratorii.<\/li>\n<\/ul>\n\n\n\n<p><\/p>\n\n\n\n<ul>\n<li>\ud83d\udecc <strong>\u00cembun\u0103t\u0103\u021besc somnul<\/strong> \u2013 consumate sub form\u0103 de ceai \u00eenainte de culcare, frunzele de dafin pot reduce anxietatea \u0219i insomnia.<\/li>\n<\/ul>\n\n\n\n<p><\/p>\n\n\n\n<ul>\n<li>\ud83e\uddb4 <strong>Con\u021bin vitamine \u0219i minerale<\/strong> \u2013 \u00een special vitamina C, fier \u0219i antioxidan\u021bi care ajut\u0103 la \u00eent\u0103rirea imunit\u0103\u021bii \u0219i reducerea inflama\u021biilor.<\/li>\n<\/ul>\n\n\n\n<p><\/p>\n\n\n\n<h2>\u26a0\ufe0f Aten\u021bie<\/h2>\n\n\n\n<ul>\n<li>Nu consuma frunza \u00eentreag\u0103 din m\u00e2ncare \u2013 este tare \u0219i poate provoca irita\u021bii.<\/li>\n\n\n\n<li>Ceaiul de dafin se bea <strong>\u00een cantit\u0103\u021bi moderate<\/strong> (nu mai mult de 2-3 ori pe s\u0103pt\u0103m\u00e2n\u0103).<\/li>\n\n\n\n<li>Femeile \u00eens\u0103rcinate sau persoanele cu probleme medicale trebuie s\u0103 cear\u0103 sfatul medicului \u00eenainte de a consuma regulat ceai de dafin.<\/li>\n<\/ul>\n\n\n\n<p><\/p>\n\n\n\n<p>\ud83d\udc49 A\u0219adar, frunza de dafin nu doar c\u0103 <strong>\u00eembun\u0103t\u0103\u021be\u0219te gustul preparatelor cu carne<\/strong>, dar aduce \u0219i beneficii pentru s\u0103n\u0103tate atunci c\u00e2nd este folosit\u0103 corect. \ud83c\udf3f\ud83d\udc9a<\/p>\n\n\n\n<p>Tu cum folose\u0219ti frunzele de dafin cel mai des? \u00cen sarmale, supe sau fripturi? \ud83d\ude0d<\/p>\n","protected":false},"excerpt":{"rendered":"<p>Frunzele de dafin sunt unul dintre cele mai folosite condimente \u00een buc\u0103t\u0103ria tradi\u021bional\u0103. Fie c\u0103 preg\u0103te\u0219ti sarmale, carne la cuptor, supe sau toc\u0103ni\u021be, c\u00e2teva frunze<\/p>\n","protected":false},"author":1,"featured_media":41500,"comment_status":"closed","ping_status":"closed","sticky":false,"template":"","format":"standard","meta":[],"categories":[1],"tags":[],"_links":{"self":[{"href":"https:\/\/calatorinromania.com\/index.php?rest_route=\/wp\/v2\/posts\/41499"}],"collection":[{"href":"https:\/\/calatorinromania.com\/index.php?rest_route=\/wp\/v2\/posts"}],"about":[{"href":"https:\/\/calatorinromania.com\/index.php?rest_route=\/wp\/v2\/types\/post"}],"author":[{"embeddable":true,"href":"https:\/\/calatorinromania.com\/index.php?rest_route=\/wp\/v2\/users\/1"}],"replies":[{"embeddable":true,"href":"https:\/\/calatorinromania.com\/index.php?rest_route=%2Fwp%2Fv2%2Fcomments&post=41499"}],"version-history":[{"count":1,"href":"https:\/\/calatorinromania.com\/index.php?rest_route=\/wp\/v2\/posts\/41499\/revisions"}],"predecessor-version":[{"id":41501,"href":"https:\/\/calatorinromania.com\/index.php?rest_route=\/wp\/v2\/posts\/41499\/revisions\/41501"}],"wp:featuredmedia":[{"embeddable":true,"href":"https:\/\/calatorinromania.com\/index.php?rest_route=\/wp\/v2\/media\/41500"}],"wp:attachment":[{"href":"https:\/\/calatorinromania.com\/index.php?rest_route=%2Fwp%2Fv2%2Fmedia&parent=41499"}],"wp:term":[{"taxonomy":"category","embeddable":true,"href":"https:\/\/calatorinromania.com\/index.php?rest_route=%2Fwp%2Fv2%2Fcategories&post=41499"},{"taxonomy":"post_tag","embeddable":true,"href":"https:\/\/calatorinromania.com\/index.php?rest_route=%2Fwp%2Fv2%2Ftags&post=41499"}],"curies":[{"name":"wp","href":"https:\/\/api.w.org\/{rel}","templated":true}]}}