{"id":41481,"date":"2025-08-27T07:44:55","date_gmt":"2025-08-27T07:44:55","guid":{"rendered":"https:\/\/calatorinromania.com\/?p=41481"},"modified":"2025-09-05T08:20:54","modified_gmt":"2025-09-05T08:20:54","slug":"m-au-tratat-ca-pe-o-servitoare-la-nunta-pana-cand-logodnicul-meu-miliardar-a-luat-microfonul","status":"publish","type":"post","link":"https:\/\/calatorinromania.com\/?p=41481","title":{"rendered":"M-AU TRATAT CA PE O SERVITOARE LA NUNT\u0102 \u2014 P\u00c2N\u0102 C\u00c2ND LOGODNICUL MEU MILIARDAR A LUAT MICROFONUL"},"content":{"rendered":"\n<h1><\/h1>\n\n\n\n<p>\u00cen sal\u0103 s-a l\u0103sat o lini\u0219te grea. Muzica s-a oprit brusc, iar privirile invita\u021bilor s-au \u00eentors spre Daniel. Eu st\u0103team cu \u0219erve\u021belul mototolit \u00een m\u00e2ini, cu rochia p\u0103tat\u0103, dorindu-mi s\u0103 dispar.<\/p>\n\n\n\n<p><\/p>\n\n\n\n<p>Daniel \u0219i-a dreaptat umerii \u0219i \u0219i-a trecut privirea peste \u00eentreaga sal\u0103.<\/p>\n\n\n\n<p><\/p>\n\n\n\n<p>\u201eAst\u0103zi este ziua surorii mele, o zi de bucurie, de familie \u0219i de iubire. Dar \u00eenainte ca aceast\u0103 s\u0103rb\u0103toare s\u0103 continue, nu pot s\u0103 nu vorbesc despre persoana care st\u0103 l\u00e2ng\u0103 mine de ani de zile. Isabela.\u201d<\/p>\n\n\n\n<p><\/p>\n\n\n\n<p>Am sim\u021bit cum obrajii \u00eemi iau foc. Invita\u021bii au \u00eenceput s\u0103 \u0219u\u0219oteasc\u0103, iar Carina a r\u0103mas cu z\u00e2mbetul \u00een\u021bepenit.<\/p>\n\n\n\n<p><\/p>\n\n\n\n<p>\u201eUnii dintre voi a\u021bi uitat cine este ea. A\u021bi uitat c\u0103 nu e o angajat\u0103, nu e cineva chemat aici ca s\u0103 care cutii sau s\u0103 serveasc\u0103 la mese. Este logodnica mea. Viitoarea mea so\u021bie. Femeia pe care o iubesc \u0219i care a muncit mai mult dec\u00e2t to\u021bi cei din aceast\u0103 \u00eenc\u0103pere pentru fiecare pas f\u0103cut \u00een via\u021b\u0103.\u201d<\/p>\n\n\n\n<p><\/p>\n\n\n\n<p>Am sim\u021bit lacrimile urc\u00e2ndu-mi \u00een ochi, iar un murmur a str\u0103b\u0103tut sala.<\/p>\n\n\n\n<p><\/p>\n\n\n\n<p>Daniel a continuat: \u201eC\u00e2nd am cunoscut-o, nu am v\u0103zut doar frumuse\u021bea ei, ci \u0219i puterea. O fat\u0103 care a crescut \u00eentr-o familie simpl\u0103, dar care nu a \u00eencetat niciodat\u0103 s\u0103 viseze. Care a lucrat dou\u0103 joburi, \u0219i-a pl\u0103tit studiile \u0219i totu\u0219i a g\u0103sit timp s\u0103 citeasc\u0103, s\u0103 r\u00e2d\u0103 \u0219i s\u0103 cread\u0103 \u00een oameni. Iar c\u00e2nd al\u021bii se odihnesc \u00een vile \u0219i pe plaje exotice, ea \u00ee\u0219i d\u0103ruie\u0219te timpul ca voluntar, ajut\u00e2nd acolo unde e nevoie.\u201d<\/p>\n\n\n\n<p><\/p>\n\n\n\n<p>O parte dintre invita\u021bi au \u00eenceput s\u0103 aplaude \u00eencet, timid, ca \u0219i cum se temeau s\u0103 nu deranjeze familia. Dar \u00een acea clip\u0103, nu mai conta.<\/p>\n\n\n\n<p>\u201eAst\u0103zi am v\u0103zut ceva dureros. Am v\u0103zut cum persoana pe care o iubesc a fost tratat\u0103 ca o servitoare la propria mas\u0103 de familie. Nu voi l\u0103sa ca asta s\u0103 continue. Nu azi, nu m\u00e2ine, niciodat\u0103.\u201d<\/p>\n\n\n\n<p>Carina \u0219i-a \u00eentors privirea, \u00eencerc\u00e2nd s\u0103 par\u0103 indiferent\u0103, dar obrajii \u00eei ardeau.<\/p>\n\n\n\n<p>Daniel \u0219i-a ridicat vocea: \u201eDac\u0103 Isabela nu este binevenit\u0103 aici ca egal, atunci nici eu nu sunt. Pentru c\u0103 ea este sufletul meu, iar cine nu o respect\u0103 pe ea, nu m\u0103 respect\u0103 nici pe mine.\u201d<\/p>\n\n\n\n<p>\u00cen acel moment, aplauzele au izbucnit. Prietenii no\u0219tri din sal\u0103, oamenii care ne cuno\u0219teau povestea, au \u00eenceput s\u0103 bat\u0103 din palme. \u0218i deodat\u0103, energia s-a schimbat. Din spatele s\u0103lii, o rud\u0103 mai \u00een v\u00e2rst\u0103 s-a ridicat \u0219i a spus: \u201eA\u0219a se vorbe\u0219te, m\u0103i b\u0103iete! Asta \u00eenseamn\u0103 dragoste adev\u0103rat\u0103.\u201d<\/p>\n\n\n\n<p>M-am ridicat \u00eencet, cu rochia p\u0103tat\u0103, dar cu inima plin\u0103. Daniel m-a luat de m\u00e2n\u0103 \u0219i m-a tras l\u00e2ng\u0103 el, \u00een fa\u021ba tuturor.<\/p>\n\n\n\n<p>\u201eNu vreau s\u0103 mai fie niciun secret. Ast\u0103zi, \u00een fa\u021ba tuturor, vreau s\u0103 spun: aceasta este femeia pe care o voi lua de so\u021bie. \u0218i abia a\u0219tept s\u0103 \u00eei spun \u2018so\u021bia mea\u2019 pentru tot restul vie\u021bii.\u201d<\/p>\n\n\n\n<p>Toat\u0103 sala a izbucnit \u00een aplauze \u0219i fluier\u0103turi de bucurie. Unii invita\u021bi chiar au \u00eenceput s\u0103 strige \u201eS\u0103rut-o!\u201d. Daniel m-a privit \u00een ochi, iar eu am sim\u021bit c\u0103 tot ce fusese greu p\u00e2n\u0103 atunci se topea. Apoi m-a s\u0103rutat, iar sala a explodat de emo\u021bie.<\/p>\n\n\n\n<p>Pentru prima dat\u0103 \u00een acea zi, nu m-am mai sim\u021bit mic\u0103. Nu m-am mai sim\u021bit singur\u0103. Am sim\u021bit c\u0103 eram v\u0103zut\u0103, iubit\u0103 \u0219i pre\u021buit\u0103.<\/p>\n\n\n\n<p>Dup\u0103 ce muzica a repornit, Daniel a venit l\u00e2ng\u0103 urechea mea \u0219i mi-a \u0219optit: \u201eDe azi \u00eenainte, niciodat\u0103 nu vei mai sim\u021bi c\u0103 nu apar\u021bii. Pentru c\u0103 lumea mea este \u0219i lumea ta.\u201d<\/p>\n\n\n\n<p>\u0218i, \u00een timp ce dansam, am realizat c\u0103 adev\u0103rata bog\u0103\u021bie nu st\u0103tea \u00een mo\u0219ii, \u00een vile sau \u00een conturi. Ci \u00een curajul de a-\u021bi ap\u0103ra iubirea, chiar \u0219i atunci c\u00e2nd to\u021bi ceilal\u021bi o privesc de sus.<\/p>\n\n\n\n<p>A\u0219a cum spunea bunica mea odinioar\u0103, \u00een satul nostru mic de la \u021bar\u0103: \u201eNu haina face omul, ci inima lui.\u201d \u0218i \u00een acea sear\u0103, \u00eentre trandafiri, lumini \u0219i aplauze, acea vorb\u0103 \u0219i-a g\u0103sit din nou adev\u0103rul.<\/p>\n\n\n\n<p>Pentru c\u0103 dragostea adev\u0103rat\u0103 nu te face s\u0103 te sim\u021bi mic. Dragostea adev\u0103rat\u0103 te ridic\u0103 \u00een picioare, chiar \u0219i atunci c\u00e2nd toat\u0103 lumea ar vrea s\u0103 te vad\u0103 \u00een genunchi.<\/p>\n\n\n\n<p><em>Aceast\u0103 lucrare este inspirat\u0103 din evenimente \u0219i persoane reale, \u00eens\u0103 a fost fic\u021bionalizat\u0103 \u00een scopuri creative. Numele, personajele \u0219i detaliile au fost schimbate pentru a proteja intimitatea \u0219i pentru a \u00eembun\u0103t\u0103\u021bi nara\u021biunea. Orice asem\u0103nare cu persoane reale, \u00een via\u021b\u0103 sau decedate, sau cu evenimente reale este pur \u00eent\u00e2mpl\u0103toare \u0219i nu este inten\u021bionat\u0103 de c\u0103tre autor.<\/em><\/p>\n\n\n\n<p><em>Autorul \u0219i editorul nu \u00ee\u0219i asum\u0103 responsabilitatea pentru exactitatea evenimentelor sau pentru modul \u00een care sunt portretizate personajele \u0219i nu sunt r\u0103spunz\u0103tori pentru eventuale interpret\u0103ri gre\u0219ite. Aceast\u0103 poveste este oferit\u0103 \u201eca atare\u201d, iar orice opinii exprimate apar\u021bin personajelor \u0219i nu reflect\u0103 punctele de vedere ale autorului sau ale editorului.<\/em><\/p>\n","protected":false},"excerpt":{"rendered":"<p>\u00cen sal\u0103 s-a l\u0103sat o lini\u0219te grea. Muzica s-a oprit brusc, iar privirile invita\u021bilor s-au \u00eentors spre Daniel. Eu st\u0103team cu \u0219erve\u021belul mototolit \u00een m\u00e2ini,<\/p>\n","protected":false},"author":1,"featured_media":40932,"comment_status":"closed","ping_status":"closed","sticky":false,"template":"","format":"standard","meta":[],"categories":[1],"tags":[],"_links":{"self":[{"href":"https:\/\/calatorinromania.com\/index.php?rest_route=\/wp\/v2\/posts\/41481"}],"collection":[{"href":"https:\/\/calatorinromania.com\/index.php?rest_route=\/wp\/v2\/posts"}],"about":[{"href":"https:\/\/calatorinromania.com\/index.php?rest_route=\/wp\/v2\/types\/post"}],"author":[{"embeddable":true,"href":"https:\/\/calatorinromania.com\/index.php?rest_route=\/wp\/v2\/users\/1"}],"replies":[{"embeddable":true,"href":"https:\/\/calatorinromania.com\/index.php?rest_route=%2Fwp%2Fv2%2Fcomments&post=41481"}],"version-history":[{"count":1,"href":"https:\/\/calatorinromania.com\/index.php?rest_route=\/wp\/v2\/posts\/41481\/revisions"}],"predecessor-version":[{"id":41482,"href":"https:\/\/calatorinromania.com\/index.php?rest_route=\/wp\/v2\/posts\/41481\/revisions\/41482"}],"wp:featuredmedia":[{"embeddable":true,"href":"https:\/\/calatorinromania.com\/index.php?rest_route=\/wp\/v2\/media\/40932"}],"wp:attachment":[{"href":"https:\/\/calatorinromania.com\/index.php?rest_route=%2Fwp%2Fv2%2Fmedia&parent=41481"}],"wp:term":[{"taxonomy":"category","embeddable":true,"href":"https:\/\/calatorinromania.com\/index.php?rest_route=%2Fwp%2Fv2%2Fcategories&post=41481"},{"taxonomy":"post_tag","embeddable":true,"href":"https:\/\/calatorinromania.com\/index.php?rest_route=%2Fwp%2Fv2%2Ftags&post=41481"}],"curies":[{"name":"wp","href":"https:\/\/api.w.org\/{rel}","templated":true}]}}