{"id":41457,"date":"2025-08-26T08:32:17","date_gmt":"2025-08-26T08:32:17","guid":{"rendered":"https:\/\/calatorinromania.com\/?p=41457"},"modified":"2025-08-26T08:32:17","modified_gmt":"2025-08-26T08:32:17","slug":"l-am-vazut-pe-tata-la-scoala","status":"publish","type":"post","link":"https:\/\/calatorinromania.com\/?p=41457","title":{"rendered":"L-am v\u0103zut pe tata la \u0219coal\u0103"},"content":{"rendered":"\n<p>\u00cen fa\u021ba mea st\u0103tea un b\u0103rbat at\u00e2t de asem\u0103n\u0103tor cu so\u021bul meu \u00eenc\u00e2t genunchii mi-au cedat pentru o clip\u0103. Avea aceea\u0219i privire bl\u00e2nd\u0103, aceea\u0219i expresie cald\u0103, p\u00e2n\u0103 \u0219i mersul \u00eei era identic. Mi s-a p\u0103rut c\u0103 timpul se fr\u00e2nsese \u00eenapoi \u0219i c\u0103 totul fusese doar un vis ur\u00e2t.<\/p>\n\n\n\n<p><\/p>\n\n\n\n<p>Dar apoi, privindu-l mai atent, am observat diferen\u021bele. P\u0103rul \u00eei era ceva mai scurt, privirea pu\u021bin mai obosit\u0103, iar hainele, de\u0219i simple, nu erau cele ale so\u021bului meu. Totu\u0219i, asem\u0103narea era at\u00e2t de puternic\u0103 \u00eenc\u00e2t \u00ee\u021bi t\u0103ia r\u0103suflarea.<\/p>\n\n\n\n<p><\/p>\n\n\n\n<p>Fiica mea s-a aruncat direct \u00een bra\u021bele lui. El s-a aplecat \u0219i a ridicat-o, str\u00e2ng\u00e2nd-o la piept cu o tandre\u021be care m-a f\u0103cut s\u0103 \u00eemi dau lacrimile. Eu st\u0103team neputincioas\u0103, cu m\u00e2inile tremur\u00e2nde, sim\u021bind cum toat\u0103 lumea din jur se opre\u0219te \u00een loc.<\/p>\n\n\n\n<p><\/p>\n\n\n\n<p>\u2014Cine\u2026 cine sunte\u021bi? am reu\u0219it s\u0103 articulez cu greu.<\/p>\n\n\n\n<p><\/p>\n\n\n\n<p>B\u0103rbatul m-a privit mirat, parc\u0103 \u00eencurcat. Apoi \u0219i-a l\u0103sat u\u0219or privirea \u00een jos \u0219i a spus cu o voce ad\u00e2nc\u0103, asem\u0103n\u0103toare p\u00e2n\u0103 la durere cu cea a so\u021bului meu:<\/p>\n\n\n\n<p><br>\u2014\u00cemi pare r\u0103u\u2026 nu voiam s\u0103 creez confuzie. Numele meu este Radu.<\/p>\n\n\n\n<p><\/p>\n\n\n\n<p>Am sim\u021bit c\u0103 p\u0103m\u00e2ntul mi se clatin\u0103 sub picioare. Radu\u2026 un nume simplu, dar pentru mine nu \u00eensemna nimic. \u0218i totu\u0219i, chipul lui spunea altceva.<\/p>\n\n\n\n<p><\/p>\n\n\n\n<p>M-am apropiat \u00eencet, cu inima b\u0103t\u00e2nd nebune\u0219te.<\/p>\n\n\n\n<p><br>\u2014De ce arat\u0103\u021bi\u2026 exact ca el?<\/p>\n\n\n\n<p><\/p>\n\n\n\n<p>B\u0103rbatul a oftat \u0219i m-a privit cu o triste\u021be ciudat\u0103.<\/p>\n\n\n\n<p><br>\u2014Nu \u0219tiu ce s\u0103 v\u0103 spun. Am venit de cur\u00e2nd \u00een ora\u0219, m-am angajat aici ca \u0219ofer pentru \u0219coal\u0103. C\u00e2nd am v\u0103zut-o pe feti\u021b\u0103, m-a privit ca \u0219i cum m-ar fi cunoscut dintotdeauna. \u0218i nu am avut puterea s\u0103 o resping\u2026<\/p>\n\n\n\n<p><\/p>\n\n\n\n<p>Lacrimile mi se rostogoleau pe obraji. Fiica mea r\u00e2dea \u00een bra\u021bele lui, cu acel r\u00e2s cristalin care p\u00e2n\u0103 atunci \u00eemi p\u0103rea pierdut. \u00cel striga \u201etata\u201d cu o bucurie sincer\u0103, ca \u0219i cum universul \u00eei adusese \u00eenapoi jum\u0103tatea de care fusese smuls\u0103.<\/p>\n\n\n\n<p>Am sim\u021bit o furie amestecat\u0103 cu durere.<br>\u2014\u0218ti\u021bi ce face\u021bi? \u00cei da\u021bi speran\u021be false unui copil! Ea crede c\u0103 sunte\u021bi tat\u0103l ei!<\/p>\n\n\n\n<p>Dar vocea mi s-a fr\u00e2nt, pentru c\u0103 \u00een ad\u00e2ncul meu nu puteam s\u0103 neg: \u0219i eu, pentru c\u00e2teva clipe, sim\u021bisem aceea\u0219i iluzie.<\/p>\n\n\n\n<p>Radu \u0219i-a l\u0103sat u\u0219or feti\u021ba jos \u0219i s-a apropiat de mine.<br>\u2014Doamn\u0103, nu am inten\u021bia s\u0103 r\u0103nesc pe nimeni. Dac\u0103 dori\u021bi, m\u0103 voi \u00eendep\u0103rta. Dar poate\u2026 poate c\u0103 e un semn. Uneori via\u021ba ne aduce \u00eempreun\u0103 pe c\u0103i greu de \u00een\u021beles.<\/p>\n\n\n\n<p>M-am \u00eentors spre fiica mea. Z\u00e2mbetul ei era at\u00e2t de pur, at\u00e2t de plin de lumin\u0103, \u00eenc\u00e2t mi-a str\u0103puns inima. De luni de zile nu o mai v\u0103zusem at\u00e2t de fericit\u0103. Cum puteam s\u0103-i smulg acea bucurie?<\/p>\n\n\n\n<p>Am sim\u021bit c\u0103 trebuie s\u0103 iau o decizie grea. \u00cen satul bunicilor mei, b\u0103tr\u00e2nii obi\u0219nuiau s\u0103 spun\u0103 c\u0103 \u201esufletul plecat \u00ee\u0219i trimite oglinda \u00een lume, ca s\u0103 nu r\u0103m\u00e2nem singuri\u201d. O vorb\u0103 pe care o considerasem doar o legend\u0103. Dar acum, \u00een fa\u021ba acestui b\u0103rbat, legenda c\u0103p\u0103ta carne \u0219i oase.<\/p>\n\n\n\n<p>\u00cen acea dup\u0103-amiaz\u0103, am mers acas\u0103 cu fiica mea \u021bop\u0103ind fericit\u0103 l\u00e2ng\u0103 \u201enoul ei prieten\u201d. Eu m\u0103 fr\u0103m\u00e2ntam, sf\u00e2\u0219iat\u0103 \u00eentre team\u0103 \u0219i speran\u021b\u0103. Noaptea, privind fotografia so\u021bului meu, am pl\u00e2ns \u00een \u0219oapt\u0103 \u0219i i-am cerut iertare. Sim\u021beam c\u0103, poate, \u00eemi trimisese acest om ca s\u0103 nu m\u0103 pr\u0103bu\u0219esc.<\/p>\n\n\n\n<p>Zilele au trecut. Radu venea adesea la \u0219coal\u0103 \u0219i, inevitabil, ne \u00eent\u00e2lneam. \u00cencet-\u00eencet, feti\u021ba mea a \u00eenceput s\u0103 r\u00e2d\u0103 mai mult, s\u0103 doarm\u0103 lini\u0219tit\u0103, s\u0103 deseneze din nou. Iar eu\u2026 eu sim\u021beam c\u0103 rana mea se \u00eenchide treptat.<\/p>\n\n\n\n<p>\u00centr-o duminic\u0103, l-am invitat la noi. Am g\u0103tit sarmale dup\u0103 re\u021beta mamei mele, cu foi de varz\u0103 acr\u0103 \u0219i sm\u00e2nt\u00e2n\u0103 de cas\u0103. Ne-am a\u0219ezat to\u021bi trei la mas\u0103, iar atmosfera era aproape ca odinioar\u0103. Am ridicat privirea \u0219i l-am v\u0103zut pe Radu cum \u00ee\u0219i pleac\u0103 fruntea \u0219i \u00ee\u0219i face cruce, a\u0219a cum f\u0103cea \u0219i so\u021bul meu \u00eenainte de a gusta. Am sim\u021bit un nod \u00een g\u00e2t \u0219i, pentru prima dat\u0103, n-am mai sim\u021bit doar durere.<\/p>\n\n\n\n<p>Nu \u0219tiu dac\u0103 so\u021bul meu ar fi vrut asta. Dar \u0219tiu c\u0103 fiica mea are nevoie de un sprijin \u0219i eu, la r\u00e2ndul meu, de o m\u00e2n\u0103 \u00eentins\u0103.<\/p>\n\n\n\n<p>Poate c\u0103 uneori via\u021ba \u00ee\u021bi ia totul, dar \u00ee\u021bi d\u0103 \u00eenapoi sub o alt\u0103 form\u0103. \u0218i poate c\u0103, \u00een fa\u021ba mea, st\u0103tea nu o fantom\u0103 a trecutului, ci o nou\u0103 \u0219ans\u0103 la viitor.<\/p>\n\n\n\n<p>Am privit spre feti\u021ba mea, care r\u00e2dea cu gura plin\u0103 de sarmale, \u0219i am z\u00e2mbit printre lacrimi. Pentru ea, pentru mine, pentru noi, am \u00een\u021beles c\u0103 povestea noastr\u0103 nu se \u00eencheiase. Doar \u00ee\u0219i schimbase drumul.<\/p>\n\n\n\n<p><em>Aceast\u0103 lucrare este inspirat\u0103 din evenimente \u0219i persoane reale, \u00eens\u0103 a fost fic\u021bionalizat\u0103 \u00een scopuri creative. Numele, personajele \u0219i detaliile au fost schimbate pentru a proteja intimitatea \u0219i pentru a \u00eembun\u0103t\u0103\u021bi nara\u021biunea. Orice asem\u0103nare cu persoane reale, \u00een via\u021b\u0103 sau decedate, sau cu evenimente reale este pur \u00eent\u00e2mpl\u0103toare \u0219i nu este inten\u021bionat\u0103 de c\u0103tre autor.<\/em><\/p>\n\n\n\n<p><em>Autorul \u0219i editorul nu \u00ee\u0219i asum\u0103 responsabilitatea pentru exactitatea evenimentelor sau pentru modul \u00een care sunt portretizate personajele \u0219i nu sunt r\u0103spunz\u0103tori pentru eventuale interpret\u0103ri gre\u0219ite. Aceast\u0103 poveste este oferit\u0103 \u201eca atare\u201d, iar orice opinii exprimate apar\u021bin personajelor \u0219i nu reflect\u0103 punctele de vedere ale autorului sau ale editorului.<\/em><\/p>\n\n\n\n<p><a href=\"https:\/\/www.pinterest.com\/pin\/create\/button\/?url=https%3A%2F%2Fbumzi.ro%2F%3Fp%3D4878&amp;description=L-am+v%C4%83zut+pe+tata+la+%C8%99coal%C4%83\" target=\"_blank\" rel=\"noreferrer noopener\"><\/a><\/p>\n\n\n\n<p><a href=\"https:\/\/www.facebook.com\/sharer\/sharer.php?u=https%3A%2F%2Fbumzi.ro%2F%3Fp%3D4878\" target=\"_blank\" rel=\"noreferrer noopener\"><\/a><\/p>\n\n\n\n<p><a href=\"https:\/\/twitter.com\/intent\/tweet?url=https%3A%2F%2Fbumzi.ro%2F%3Fp%3D4878&amp;text=L-am+v%C4%83zut+pe+tata+la+%C8%99coal%C4%83\" target=\"_blank\" rel=\"noreferrer noopener\"><\/a><a href=\"https:\/\/bumzi.ro\/?p=4875\"><\/a><\/p>\n","protected":false},"excerpt":{"rendered":"<p>\u00cen fa\u021ba mea st\u0103tea un b\u0103rbat at\u00e2t de asem\u0103n\u0103tor cu so\u021bul meu \u00eenc\u00e2t genunchii mi-au cedat pentru o clip\u0103. Avea aceea\u0219i privire bl\u00e2nd\u0103, aceea\u0219i expresie<\/p>\n","protected":false},"author":1,"featured_media":40939,"comment_status":"closed","ping_status":"closed","sticky":false,"template":"","format":"standard","meta":[],"categories":[1],"tags":[],"_links":{"self":[{"href":"https:\/\/calatorinromania.com\/index.php?rest_route=\/wp\/v2\/posts\/41457"}],"collection":[{"href":"https:\/\/calatorinromania.com\/index.php?rest_route=\/wp\/v2\/posts"}],"about":[{"href":"https:\/\/calatorinromania.com\/index.php?rest_route=\/wp\/v2\/types\/post"}],"author":[{"embeddable":true,"href":"https:\/\/calatorinromania.com\/index.php?rest_route=\/wp\/v2\/users\/1"}],"replies":[{"embeddable":true,"href":"https:\/\/calatorinromania.com\/index.php?rest_route=%2Fwp%2Fv2%2Fcomments&post=41457"}],"version-history":[{"count":1,"href":"https:\/\/calatorinromania.com\/index.php?rest_route=\/wp\/v2\/posts\/41457\/revisions"}],"predecessor-version":[{"id":41458,"href":"https:\/\/calatorinromania.com\/index.php?rest_route=\/wp\/v2\/posts\/41457\/revisions\/41458"}],"wp:featuredmedia":[{"embeddable":true,"href":"https:\/\/calatorinromania.com\/index.php?rest_route=\/wp\/v2\/media\/40939"}],"wp:attachment":[{"href":"https:\/\/calatorinromania.com\/index.php?rest_route=%2Fwp%2Fv2%2Fmedia&parent=41457"}],"wp:term":[{"taxonomy":"category","embeddable":true,"href":"https:\/\/calatorinromania.com\/index.php?rest_route=%2Fwp%2Fv2%2Fcategories&post=41457"},{"taxonomy":"post_tag","embeddable":true,"href":"https:\/\/calatorinromania.com\/index.php?rest_route=%2Fwp%2Fv2%2Ftags&post=41457"}],"curies":[{"name":"wp","href":"https:\/\/api.w.org\/{rel}","templated":true}]}}