{"id":41453,"date":"2025-08-26T08:28:06","date_gmt":"2025-08-26T08:28:06","guid":{"rendered":"https:\/\/calatorinromania.com\/?p=41453"},"modified":"2025-08-26T08:28:07","modified_gmt":"2025-08-26T08:28:07","slug":"am-mers-sa-mi-aduc-sotia-si-gemenii-nou-nascuti-acasa","status":"publish","type":"post","link":"https:\/\/calatorinromania.com\/?p=41453","title":{"rendered":"Am mers s\u0103-mi aduc so\u021bia \u0219i gemenii nou-n\u0103scu\u021bi acas\u0103"},"content":{"rendered":"\n<p>Mama a r\u0103mas \u00eenm\u0103rmurit\u0103. Z\u00e2mbetul i s-a \u0219ters instantaneu, ca \u0219i cum i-ar fi fost smuls cu m\u00e2na. Tava i-a alunecat din bra\u021be \u0219i s-a izbit de podea, \u00eempr\u0103\u0219tiind mirosul de sarmale \u00een aer.<\/p>\n\n\n\n<p><\/p>\n\n\n\n<p>\u2014 Ce\u2026 ce vorbe\u0219ti, dragul meu? \u0219opti ea, cu ochii umezi.<\/p>\n\n\n\n<p><\/p>\n\n\n\n<p>Am str\u00e2ns biletul \u00een pumn \u0219i l-am ridicat \u00een fa\u021ba ei.<\/p>\n\n\n\n<p><\/p>\n\n\n\n<p>\u2014 Suzie a plecat. A l\u0103sat asta. \u0218i \u0219tii ceva? Te acuz\u0103. Spune s\u0103 te \u00eentreb pe tine.<\/p>\n\n\n\n<p><\/p>\n\n\n\n<p>Mama a clipit de mai multe ori, \u00eencerc\u00e2nd s\u0103-\u0219i adune cuvintele. Tremura u\u0219or, dar nu spunea nimic. Eu fierbeam \u00een\u0103untru. \u00cen mintea mea r\u0103sunau doar \u00eentreb\u0103rile: Ce f\u0103cuse? De ce ar fi plecat Suzie, chiar acum, c\u00e2nd aveam cel mai mare dar al vie\u021bii noastre?<\/p>\n\n\n\n<p><\/p>\n\n\n\n<p>\u00cen lini\u0219tea grea, se auzeau doar sc\u00e2ncetele u\u0219oare ale gemenelor. M-am \u00eentors spre ele, fragile, lipsite de ap\u0103rare. Inima mi se str\u00e2ngea \u0219i mai tare.<\/p>\n\n\n\n<p><\/p>\n\n\n\n<p>\u2014 Mam\u0103, acum nu e timp de minciuni. Dac\u0103 ai spus sau ai f\u0103cut ceva, spune-mi. Am dreptul s\u0103 \u0219tiu.<\/p>\n\n\n\n<p><\/p>\n\n\n\n<p>Ea s-a pr\u0103bu\u0219it pe scaunul de pe verand\u0103, acoperindu-\u0219i fa\u021ba cu palmele. A r\u0103mas a\u0219a c\u00e2teva clipe, apoi a \u0219optit:<\/p>\n\n\n\n<p>\u2014 Am vrut doar s\u0103 te protejez\u2026<\/p>\n\n\n\n<p>M-am \u00eenfuriat.<\/p>\n\n\n\n<p>\u2014 S\u0103 m\u0103 protejezi de ce? De femeia pe care o iubesc?<\/p>\n\n\n\n<p>Mama a ridicat privirea spre mine, iar lacrimile \u00eei curgeau pe obraji.<\/p>\n\n\n\n<p>\u2014 Suzie mi-a spus lucruri\u2026 lucruri despre trecutul ei. A venit la mine, \u00eentr-o sear\u0103, c\u00e2nd tu erai la serviciu. Mi-a spus c\u0103 a f\u0103cut gre\u0219eli, c\u0103 a avut datorii uria\u0219e, c\u0103 cineva \u00eenc\u0103 o caut\u0103. Mi-a cerut ajutorul. I-am zis c\u0103 nu o voi l\u0103sa s\u0103-\u021bi strice via\u021ba. C\u0103 tu meri\u021bi lini\u0219te, nu scandal.<\/p>\n\n\n\n<p>Am sim\u021bit c\u0103-mi fuge p\u0103m\u00e2ntul de sub picioare.<\/p>\n\n\n\n<p>\u2014 \u0218i ce-ai f\u0103cut? Ai alungat-o?<\/p>\n\n\n\n<p>Mama \u0219i-a mu\u0219cat buzele.<\/p>\n\n\n\n<p>\u2014 I-am spus c\u0103, dac\u0103 \u00eentr-adev\u0103r te iube\u0219te, trebuie s\u0103 plece. S\u0103-\u021bi lase via\u021ba curat\u0103.<\/p>\n\n\n\n<p>Am r\u0103mas f\u0103r\u0103 aer. Am privit dincolo de ea, spre c\u00e2mpul din spatele casei. Lanurile de porumb se leg\u0103nau sub v\u00e2nt, iar coco\u0219ul vecinului c\u00e2nta. Totul p\u0103rea at\u00e2t de normal, at\u00e2t de rom\u00e2nesc, iar via\u021ba mea se rupea \u00een buc\u0103\u021bi.<\/p>\n\n\n\n<p>\u2014 \u0218i tu ai crezut c\u0103 asta e iubire? am izbucnit. S\u0103-mi smulgi so\u021bia din bra\u021be \u00een ziua \u00een care trebuia s\u0103 ne aducem copiii acas\u0103?<\/p>\n\n\n\n<p>Mama a \u00eenceput s\u0103 pl\u00e2ng\u0103 mai tare, dar eu nu mai auzeam nimic. Am intrat \u00een cas\u0103, am a\u0219ezat gemenele \u00een p\u0103tu\u021burile lor \u0219i m-am pr\u0103bu\u0219it l\u00e2ng\u0103 ele.<\/p>\n\n\n\n<p>Ochii lor mici, \u00eenchi\u0219i, p\u0103reau singura lumin\u0103 din lumea mea \u00eentunecat\u0103. Am jurat atunci c\u0103 nu voi l\u0103sa lucrurile a\u0219a. Trebuia s\u0103 o g\u0103sesc pe Suzie. Trebuia s\u0103 aflu adev\u0103rul din gura ei, nu doar prin \u0219oapte \u0219i lacrimi.<\/p>\n\n\n\n<p>Zilele urm\u0103toare au fost un haos. \u00centrebam vecinii, sunam la prieteni, mergeam p\u00e2n\u0103 \u0219i la gar\u0103, crez\u00e2nd c\u0103 poate luase trenul spre alt ora\u0219. Nimeni nu \u0219tia nimic.<\/p>\n\n\n\n<p>\u00centr-o diminea\u021b\u0103, c\u00e2nd schimbam fetele, am g\u0103sit \u00een geanta lui Suzie un bile\u021bel mic, ascuns \u00eentr-un buzunar interior. Era scris cu aceea\u0219i m\u00e2n\u0103 ca \u0219i cel din spital: \u201eNu m\u0103 c\u0103uta. Dac\u0103 m\u0103 iube\u0219ti, ai grij\u0103 de ele. Dac\u0103 mama ta \u00ee\u021bi va spune adev\u0103rul, vei \u00een\u021belege.\u201d<\/p>\n\n\n\n<p>Atunci am \u00een\u021beles c\u0103 povestea nu era doar despre noi doi. Era despre umbrele trecutului ei, despre gre\u0219eli \u0219i despre o fric\u0103 pe care eu nu o cuno\u0219team.<\/p>\n\n\n\n<p>Dar \u00eentr-o sear\u0103, dup\u0103 ce am culcat fetele, am ie\u0219it \u00een curte. Cerul era plin de stele, a\u0219a cum numai la sat se vede. Mirosea a iarb\u0103 cosit\u0103 \u0219i a p\u00e2ine scoas\u0103 din cuptorul vecinei. \u00cen lini\u0219tea aceea, am sim\u021bit c\u0103 Suzie e \u00eenc\u0103 a mea. C\u0103 dragostea ei nu disp\u0103ruse, ci doar fusese ascuns\u0103 de team\u0103.<\/p>\n\n\n\n<p>Am luat o hot\u0103r\u00e2re. Nu o voi l\u0103sa s\u0103 tr\u0103iasc\u0103 \u00een fug\u0103. Nu o voi l\u0103sa s\u0103 cread\u0103 c\u0103 singura solu\u021bie e s\u0103 dispar\u0103. Aveam o familie, \u0219i familia la noi, rom\u00e2nii, nu se rupe u\u0219or.<\/p>\n\n\n\n<p>A doua zi, mi-am luat gemenele \u0219i am pornit la drum. Nu \u0219tiam unde o voi g\u0103si, dar \u0219tiam c\u0103 voi c\u0103uta p\u00e2n\u0103 la cap\u0103t. Pentru c\u0103 unele iubiri nu se abandoneaz\u0103. Ele se lupt\u0103, se strig\u0103, se pl\u00e2ng \u0219i, \u00een final, se reg\u0103sesc.<\/p>\n\n\n\n<p>\u0218i am \u0219tiut atunci, cu o siguran\u021b\u0103 care m-a ars pe din\u0103untru: \u00eentr-o zi, Suzie va reveni. \u0218i atunci, nu vom mai fi doar doi adul\u021bi speria\u021bi. Vom fi o familie \u00eentreag\u0103, unit\u0103 prin tot ce am pierdut \u0219i prin tot ce \u00eenc\u0103 aveam.<\/p>\n\n\n\n<p>Iar c\u00e2nd m\u0103 g\u00e2ndeam la fetele noastre, dormind lini\u0219tite, mi-am promis c\u0103 nu vor cre\u0219te niciodat\u0103 cu golul pe care \u00eel sim\u021beam eu acum. Pentru ele, voi aduce mama \u00eenapoi. Pentru ele, voi r\u0103zbi prin orice furtun\u0103.<\/p>\n\n\n\n<p>\u0218i pentru prima dat\u0103 de c\u00e2nd Suzie plecase, am sim\u021bit din nou speran\u021ba.<\/p>\n\n\n\n<p><em>Aceast\u0103 lucrare este inspirat\u0103 din evenimente \u0219i persoane reale, \u00eens\u0103 a fost fic\u021bionalizat\u0103 \u00een scopuri creative. Numele, personajele \u0219i detaliile au fost schimbate pentru a proteja intimitatea \u0219i pentru a \u00eembun\u0103t\u0103\u021bi nara\u021biunea. Orice asem\u0103nare cu persoane reale, \u00een via\u021b\u0103 sau decedate, sau cu evenimente reale este pur \u00eent\u00e2mpl\u0103toare \u0219i nu este inten\u021bionat\u0103 de c\u0103tre autor.<\/em><\/p>\n\n\n\n<p><em>Autorul \u0219i editorul nu \u00ee\u0219i asum\u0103 responsabilitatea pentru exactitatea evenimentelor sau pentru modul \u00een care sunt portretizate personajele \u0219i nu sunt r\u0103spunz\u0103tori pentru eventuale interpret\u0103ri gre\u0219ite. Aceast\u0103 poveste este oferit\u0103 \u201eca atare\u201d, iar orice opinii exprimate apar\u021bin personajelor \u0219i nu reflect\u0103 punctele de vedere ale autorului sau ale editorului.<\/em><\/p>\n","protected":false},"excerpt":{"rendered":"<p>Mama a r\u0103mas \u00eenm\u0103rmurit\u0103. Z\u00e2mbetul i s-a \u0219ters instantaneu, ca \u0219i cum i-ar fi fost smuls cu m\u00e2na. Tava i-a alunecat din bra\u021be \u0219i s-a<\/p>\n","protected":false},"author":1,"featured_media":40939,"comment_status":"closed","ping_status":"closed","sticky":false,"template":"","format":"standard","meta":[],"categories":[1],"tags":[],"_links":{"self":[{"href":"https:\/\/calatorinromania.com\/index.php?rest_route=\/wp\/v2\/posts\/41453"}],"collection":[{"href":"https:\/\/calatorinromania.com\/index.php?rest_route=\/wp\/v2\/posts"}],"about":[{"href":"https:\/\/calatorinromania.com\/index.php?rest_route=\/wp\/v2\/types\/post"}],"author":[{"embeddable":true,"href":"https:\/\/calatorinromania.com\/index.php?rest_route=\/wp\/v2\/users\/1"}],"replies":[{"embeddable":true,"href":"https:\/\/calatorinromania.com\/index.php?rest_route=%2Fwp%2Fv2%2Fcomments&post=41453"}],"version-history":[{"count":1,"href":"https:\/\/calatorinromania.com\/index.php?rest_route=\/wp\/v2\/posts\/41453\/revisions"}],"predecessor-version":[{"id":41454,"href":"https:\/\/calatorinromania.com\/index.php?rest_route=\/wp\/v2\/posts\/41453\/revisions\/41454"}],"wp:featuredmedia":[{"embeddable":true,"href":"https:\/\/calatorinromania.com\/index.php?rest_route=\/wp\/v2\/media\/40939"}],"wp:attachment":[{"href":"https:\/\/calatorinromania.com\/index.php?rest_route=%2Fwp%2Fv2%2Fmedia&parent=41453"}],"wp:term":[{"taxonomy":"category","embeddable":true,"href":"https:\/\/calatorinromania.com\/index.php?rest_route=%2Fwp%2Fv2%2Fcategories&post=41453"},{"taxonomy":"post_tag","embeddable":true,"href":"https:\/\/calatorinromania.com\/index.php?rest_route=%2Fwp%2Fv2%2Ftags&post=41453"}],"curies":[{"name":"wp","href":"https:\/\/api.w.org\/{rel}","templated":true}]}}