{"id":41451,"date":"2025-08-26T08:25:42","date_gmt":"2025-08-26T08:25:42","guid":{"rendered":"https:\/\/calatorinromania.com\/?p=41451"},"modified":"2025-08-26T08:25:42","modified_gmt":"2025-08-26T08:25:42","slug":"tata-s-a-recasatorit-cu-femeia-cu-care-o-inselase-pe-mama","status":"publish","type":"post","link":"https:\/\/calatorinromania.com\/?p=41451","title":{"rendered":"Tata s-a rec\u0103s\u0103torit cu femeia cu care o \u00een\u0219elase pe mama"},"content":{"rendered":"\n<p>\u00cen anul al treilea de liceu, tata s-a rec\u0103s\u0103torit cu femeia cu care o \u00een\u0219elase pe mama cu c\u00e2\u021biva ani \u00eenainte. Fiind un adolescent plin de furie, nu eram deloc \u00eenc\u00e2ntat de noua lui c\u0103s\u0103torie \u0219i, sincer, eram destul de rece cu ea de fiecare dat\u0103 c\u00e2nd ne vedeam.<\/p>\n\n\n\n<p><\/p>\n\n\n\n<p>Un an mai t\u00e2rziu, tata m\u0103 ducea la aeroport \u00een drum spre facultate, iar mama vitreg\u0103 \u0219i-a luat liber de la serviciu ca s\u0103 vin\u0103 s\u0103 m\u0103 conduc\u0103, aduc\u00e2ndu-mi un pachet cu lucruri de care s\u0103 am grij\u0103 acolo. M-a \u00eembr\u0103\u021bi\u0219at \u0219i mi-a spus c\u0103 e m\u00e2ndr\u0103 de mine, iar c\u00e2nd s-a dat \u00eenapoi, am v\u0103zut c\u0103 avea lacrimi \u00een ochi.<\/p>\n\n\n\n<p><\/p>\n\n\n\n<p>Atunci am realizat c\u0103 ea nu era o persoan\u0103 rea, chiar dac\u0103 ea (\u0219i tata) f\u0103cuser\u0103 lucruri gre\u0219ite \u00een trecut. Rela\u021bia noastr\u0103 s-a \u00eembun\u0103t\u0103\u021bit enorm dup\u0103 acel moment, iar acum este ca o a doua mam\u0103 pentru mine.<\/p>\n\n\n\n<p><\/p>\n\n\n\n<p><strong>Povestea 2:<\/strong><\/p>\n\n\n\n<p><\/p>\n\n\n\n<p>C\u00e2nd aveam 8 ani, mama s-a m\u0103ritat pentru a doua oar\u0103. Eram foarte ostil fa\u021b\u0103 de tat\u0103l vitreg. Era un om bun, dar simplul g\u00e2nd c\u0103 \u00eei lua locul tat\u0103lui meu m\u0103 scotea din min\u021bi. Mama era prins\u0103 la mijloc \u00eentre noi.<\/p>\n\n\n\n<p><\/p>\n\n\n\n<p>Abia pe la 10 ani s-a schimbat totul. S-a \u00eent\u00e2mplat atunci c\u00e2nd a venit la \u0219coal\u0103 s\u0103 m\u0103 apere de \u00eenv\u0103\u021b\u0103toare. Am \u00eenceput s\u0103-l ignor mai rar \u0219i am acceptat s\u0103 mergem \u00eempreun\u0103 la plimb\u0103ri de c\u00e2teva ori.<\/p>\n\n\n\n<p><\/p>\n\n\n\n<p>\u00cen acela\u0219i an, de ziua lui, i-am f\u0103cut pentru prima dat\u0103 un cadou: i-am oferit un plic cu o felicitare pe care am scris: \u201eVrei s\u0103 m\u0103 \u00eenfiezi?\u201d. A fost prima dat\u0103 c\u00e2nd am v\u0103zut un b\u0103rbat adult pl\u00e2ng\u00e2nd, ascunz\u00e2ndu-\u0219i chipul pe um\u0103rul unei feti\u021be. O lun\u0103 mai t\u00e2rziu a devenit tat\u0103l meu \u0219i, de atunci, t\u0103ticul meu.<\/p>\n\n\n\n<p><\/p>\n\n\n\n<p><em>Aceast\u0103 lucrare este inspirat\u0103 din evenimente \u0219i persoane reale, \u00eens\u0103 a fost fic\u021bionalizat\u0103 \u00een scopuri creative. Numele, personajele \u0219i detaliile au fost schimbate pentru a proteja intimitatea \u0219i pentru a \u00eembun\u0103t\u0103\u021bi nara\u021biunea. Orice asem\u0103nare cu persoane reale, \u00een via\u021b\u0103 sau decedate, sau cu evenimente reale este pur \u00eent\u00e2mpl\u0103toare \u0219i nu este inten\u021bionat\u0103 de c\u0103tre autor.<\/em><\/p>\n\n\n\n<p><\/p>\n\n\n\n<p><em>Autorul \u0219i editorul nu \u00ee\u0219i asum\u0103 responsabilitatea pentru exactitatea evenimentelor sau pentru modul \u00een care sunt portretizate personajele \u0219i nu sunt r\u0103spunz\u0103tori pentru eventuale interpret\u0103ri gre\u0219ite. Aceast\u0103 poveste este oferit\u0103 \u201eca atare\u201d, iar orice opinii exprimate apar\u021bin personajelor \u0219i nu reflect\u0103 punctele de vedere ale autorului sau ale editorului.<\/em><\/p>\n","protected":false},"excerpt":{"rendered":"<p>\u00cen anul al treilea de liceu, tata s-a rec\u0103s\u0103torit cu femeia cu care o \u00een\u0219elase pe mama cu c\u00e2\u021biva ani \u00eenainte. Fiind un adolescent plin<\/p>\n","protected":false},"author":1,"featured_media":40939,"comment_status":"closed","ping_status":"closed","sticky":false,"template":"","format":"standard","meta":[],"categories":[1],"tags":[],"_links":{"self":[{"href":"https:\/\/calatorinromania.com\/index.php?rest_route=\/wp\/v2\/posts\/41451"}],"collection":[{"href":"https:\/\/calatorinromania.com\/index.php?rest_route=\/wp\/v2\/posts"}],"about":[{"href":"https:\/\/calatorinromania.com\/index.php?rest_route=\/wp\/v2\/types\/post"}],"author":[{"embeddable":true,"href":"https:\/\/calatorinromania.com\/index.php?rest_route=\/wp\/v2\/users\/1"}],"replies":[{"embeddable":true,"href":"https:\/\/calatorinromania.com\/index.php?rest_route=%2Fwp%2Fv2%2Fcomments&post=41451"}],"version-history":[{"count":1,"href":"https:\/\/calatorinromania.com\/index.php?rest_route=\/wp\/v2\/posts\/41451\/revisions"}],"predecessor-version":[{"id":41452,"href":"https:\/\/calatorinromania.com\/index.php?rest_route=\/wp\/v2\/posts\/41451\/revisions\/41452"}],"wp:featuredmedia":[{"embeddable":true,"href":"https:\/\/calatorinromania.com\/index.php?rest_route=\/wp\/v2\/media\/40939"}],"wp:attachment":[{"href":"https:\/\/calatorinromania.com\/index.php?rest_route=%2Fwp%2Fv2%2Fmedia&parent=41451"}],"wp:term":[{"taxonomy":"category","embeddable":true,"href":"https:\/\/calatorinromania.com\/index.php?rest_route=%2Fwp%2Fv2%2Fcategories&post=41451"},{"taxonomy":"post_tag","embeddable":true,"href":"https:\/\/calatorinromania.com\/index.php?rest_route=%2Fwp%2Fv2%2Ftags&post=41451"}],"curies":[{"name":"wp","href":"https:\/\/api.w.org\/{rel}","templated":true}]}}