{"id":41445,"date":"2025-08-26T08:14:09","date_gmt":"2025-08-26T08:14:09","guid":{"rendered":"https:\/\/calatorinromania.com\/?p=41445"},"modified":"2025-08-26T08:14:09","modified_gmt":"2025-08-26T08:14:09","slug":"ajunsa-la-mormantul-sotului-vaduva-a-observat-o-groapa-imensa","status":"publish","type":"post","link":"https:\/\/calatorinromania.com\/?p=41445","title":{"rendered":"Ajuns\u0103 la morm\u00e2ntul so\u021bului, v\u0103duva a observat o groap\u0103 imens\u0103"},"content":{"rendered":"\n<p>\u00cen fundul gropii, printre r\u0103d\u0103cini \u0219i p\u0103m\u00e2nt ud, se z\u0103rea ceva alb. Nu era o piatr\u0103. Era\u2026 o m\u00e2n\u0103. Cu pielea palid\u0103, uscat\u0103, iar degetele, str\u00e2nse ciudat, p\u0103reau s\u0103 se mi\u0219te u\u0219or \u00een adierea v\u00e2ntului.<\/p>\n\n\n\n<p><\/p>\n\n\n\n<p>Femeia s-a tras \u00eenapoi instinctiv, tr\u0103g\u00e2nd dup\u0103 ea \u0219i o m\u00e2n\u0103 de p\u0103m\u00e2nt. Inima \u00eei b\u0103tea at\u00e2t de tare, \u00eenc\u00e2t sim\u021bea c\u0103 o aude tot cimitirul.<\/p>\n\n\n\n<p><\/p>\n\n\n\n<p>\u2014 Nu\u2026 nu e adev\u0103rat\u2026 \u2014 a murmurat ea, dar un g\u00e2nd chinuitor i se strecurase deja \u00een suflet.<\/p>\n\n\n\n<p><\/p>\n\n\n\n<p>A scos telefonul cu m\u00e2ini tremur\u00e2nde \u0219i a sunat la 112. Cuvintele \u00eei ie\u0219eau printre lacrimi:<\/p>\n\n\n\n<p><\/p>\n\n\n\n<p>\u2014 Sunt la cimitirul Sf\u00e2ntul Gheorghe\u2026 la morm\u00e2ntul so\u021bului meu\u2026 e o groap\u0103\u2026 e o m\u00e2n\u0103 \u00een ea\u2026 e cineva\u2026<\/p>\n\n\n\n<p><\/p>\n\n\n\n<p>Poli\u021bia \u0219i un echipaj de urgen\u021b\u0103 au ajuns \u00een mai pu\u021bin de 20 de minute. \u00cen tot acest timp, femeia st\u0103tea \u00een genunchi, uit\u00e2ndu-se la groap\u0103 ca la un co\u0219mar din care nu putea s\u0103 se trezeasc\u0103.<\/p>\n\n\n\n<p><\/p>\n\n\n\n<p>Unul dintre ofi\u021beri a cobor\u00e2t cu grij\u0103, ajutat de o fr\u00e2nghie. Dup\u0103 c\u00e2teva secunde de cercetare, s-a uitat spre superiorul s\u0103u \u0219i a spus cu o voce grav\u0103:<\/p>\n\n\n\n<p><\/p>\n\n\n\n<p>\u2014 Domnule\u2026 aici e un alt corp. \u0218i e recent.<\/p>\n\n\n\n<p><\/p>\n\n\n\n<p>Ce a urmat a fost un haos controlat. Jurnali\u0219ti, criminali\u0219ti, gropari \u0219i poli\u021bi\u0219ti \u00een combinezoane albe. Au scos din groap\u0103 trupul unei femei \u00eenvelite \u00eentr-o p\u0103tur\u0103 de spital. Avea la g\u00e2t un colier cu ini\u021bialele \u201eD.P.\u201d.<\/p>\n\n\n\n<p>V\u0103duva a sim\u021bit cum genunchii nu o mai \u021bin. A fost prins\u0103 de bra\u021b de o t\u00e2n\u0103r\u0103 asistent\u0103 medical\u0103 care o \u00eentrebase bl\u00e2nd:<\/p>\n\n\n\n<p>\u2014 Dumneavoastr\u0103 o cunoa\u0219te\u021bi?<\/p>\n\n\n\n<p>\u2014 Nu\u2026 nu \u0219tiu cine e\u2026 dar de ce\u2026 de ce \u00een morm\u00e2ntul so\u021bului meu?!<\/p>\n\n\n\n<p>R\u0103spunsul a venit a doua zi, c\u00e2nd autorit\u0103\u021bile au anun\u021bat c\u0103 trupul femeii era al unei paciente disp\u0103rute dintr-un azil privat. O anchet\u0103 a fost declan\u0219at\u0103, iar groapa de la morm\u00e2nt nu fusese \u00eent\u00e2mpl\u0103toare \u2014 cineva \u00eengropase cadavrul acolo inten\u021bionat, \u0219tiind c\u0103 locul nu mai era verificat.<\/p>\n\n\n\n<p>Dar detaliul cel mai tulbur\u0103tor a fost altul: anchetatorii au descoperit, la baza sicriului b\u0103rbatului decedat, o zg\u00e2rietur\u0103. Din interior. Capacul fusese zg\u00e2riat disperat. Trupul so\u021bului ei fusese incinerat, dar pe sicriu \u2014 se vedeau urme de unghii. Ad\u00e2nci.<\/p>\n\n\n\n<p>V\u0103duva a le\u0219inat. C\u00e2nd \u0219i-a revenit, tot ce mai putea rosti era:<\/p>\n\n\n\n<p>\u2014 Eu l-am auzit, \u00een vis. Timp de luni \u00eentregi\u2026 l-am auzit b\u0103t\u00e2nd\u2026<\/p>\n\n\n\n<p>Acea duminic\u0103 nu a fost doar o zi a groazei, ci \u00eenceputul unei anchete care avea s\u0103 zguduie \u00eentreaga comunitate. Nu doar pentru c\u0103 cineva \u00eengropase ilegal un trup \u00eentr-un morm\u00e2nt vechi, ci pentru c\u0103 se ridica o \u00eentrebare \u0219i mai terifiant\u0103:<\/p>\n\n\n\n<p>Oare c\u00e2\u021bi mor\u021bi au fost \u00eengropa\u021bi de vii, f\u0103r\u0103 ca nimeni s\u0103 \u0219tie?<\/p>\n\n\n\n<p>Din acea zi, v\u0103duva nu s-a mai \u00eentors niciodat\u0103 la morm\u00e2nt. A v\u00e2ndut casa, s-a mutat \u00eentr-un sat retras \u0219i, \u00een fiecare an, trimite doar flori. Gladiole ro\u0219ii. Cu un bile\u021bel care spune:<\/p>\n\n\n\n<p><strong>\u201eIart\u0103-m\u0103 c\u0103 n-am auzit.\u201d<\/strong><\/p>\n\n\n\n<p><em>Aceast\u0103 lucrare este inspirat\u0103 din evenimente \u0219i persoane reale, \u00eens\u0103 a fost fic\u021bionalizat\u0103 \u00een scopuri creative. Numele, personajele \u0219i detaliile au fost schimbate pentru a proteja intimitatea \u0219i pentru a \u00eembun\u0103t\u0103\u021bi nara\u021biunea. Orice asem\u0103nare cu persoane reale, \u00een via\u021b\u0103 sau decedate, sau cu evenimente reale este pur \u00eent\u00e2mpl\u0103toare \u0219i nu este inten\u021bionat\u0103 de c\u0103tre autor.<\/em><\/p>\n\n\n\n<p><em>Autorul \u0219i editorul nu \u00ee\u0219i asum\u0103 responsabilitatea pentru exactitatea evenimentelor sau pentru modul \u00een care sunt portretizate personajele \u0219i nu sunt r\u0103spunz\u0103tori pentru eventuale interpret\u0103ri gre\u0219ite. Aceast\u0103 poveste este oferit\u0103 \u201eca atare\u201d, iar orice opinii exprimate apar\u021bin personajelor \u0219i nu reflect\u0103 punctele de vedere ale autorului sau ale editorului.<\/em><\/p>\n","protected":false},"excerpt":{"rendered":"<p>\u00cen fundul gropii, printre r\u0103d\u0103cini \u0219i p\u0103m\u00e2nt ud, se z\u0103rea ceva alb. Nu era o piatr\u0103. Era\u2026 o m\u00e2n\u0103. Cu pielea palid\u0103, uscat\u0103, iar degetele,<\/p>\n","protected":false},"author":1,"featured_media":40939,"comment_status":"closed","ping_status":"closed","sticky":false,"template":"","format":"standard","meta":[],"categories":[1],"tags":[],"_links":{"self":[{"href":"https:\/\/calatorinromania.com\/index.php?rest_route=\/wp\/v2\/posts\/41445"}],"collection":[{"href":"https:\/\/calatorinromania.com\/index.php?rest_route=\/wp\/v2\/posts"}],"about":[{"href":"https:\/\/calatorinromania.com\/index.php?rest_route=\/wp\/v2\/types\/post"}],"author":[{"embeddable":true,"href":"https:\/\/calatorinromania.com\/index.php?rest_route=\/wp\/v2\/users\/1"}],"replies":[{"embeddable":true,"href":"https:\/\/calatorinromania.com\/index.php?rest_route=%2Fwp%2Fv2%2Fcomments&post=41445"}],"version-history":[{"count":1,"href":"https:\/\/calatorinromania.com\/index.php?rest_route=\/wp\/v2\/posts\/41445\/revisions"}],"predecessor-version":[{"id":41446,"href":"https:\/\/calatorinromania.com\/index.php?rest_route=\/wp\/v2\/posts\/41445\/revisions\/41446"}],"wp:featuredmedia":[{"embeddable":true,"href":"https:\/\/calatorinromania.com\/index.php?rest_route=\/wp\/v2\/media\/40939"}],"wp:attachment":[{"href":"https:\/\/calatorinromania.com\/index.php?rest_route=%2Fwp%2Fv2%2Fmedia&parent=41445"}],"wp:term":[{"taxonomy":"category","embeddable":true,"href":"https:\/\/calatorinromania.com\/index.php?rest_route=%2Fwp%2Fv2%2Fcategories&post=41445"},{"taxonomy":"post_tag","embeddable":true,"href":"https:\/\/calatorinromania.com\/index.php?rest_route=%2Fwp%2Fv2%2Ftags&post=41445"}],"curies":[{"name":"wp","href":"https:\/\/api.w.org\/{rel}","templated":true}]}}