{"id":41439,"date":"2025-08-26T07:52:51","date_gmt":"2025-08-26T07:52:51","guid":{"rendered":"https:\/\/calatorinromania.com\/?p=41439"},"modified":"2025-08-26T07:52:52","modified_gmt":"2025-08-26T07:52:52","slug":"mapn-trimite-ordine-de-chemare-rezervistilor-din-bucuresti-si-ilfov-ce-presupune-convocarea","status":"publish","type":"post","link":"https:\/\/calatorinromania.com\/?p=41439","title":{"rendered":"MApN trimite ordine de chemare rezervi\u0219tilor din Bucure\u0219ti \u0219i Ilfov. Ce presupune convocarea"},"content":{"rendered":"\n<p>Ministerul Ap\u0103r\u0103rii Na\u021bionale a \u00eenceput transmiterea ordinelor de chemare c\u0103tre rezervi\u0219tii din Capital\u0103 \u0219i jude\u021bul Ilfov. Scopul nu este legat de o situa\u021bie de criz\u0103, ci de o ac\u021biune de\u00a0<strong>actualizare a datelor personale<\/strong>\u00a0\u0219i\u00a0<strong>verificare a rezervei militare<\/strong>, a precizat colonelul Cristian Popovici, \u0219eful Direc\u021biei de Informare \u0219i Rela\u021bii Publice din cadrul MApN, pentru Digi24.<\/p>\n\n\n\n<p><\/p>\n\n\n\n<p><\/p>\n\n\n\n<p><strong>Exerci\u021biu de mobilizare \u00eentre 12 \u0219i 20 octombrie<\/strong><br>Activitatea face parte dintr-un exerci\u021biu de mobilizare \u0219i evaluare a rezervei operative, programat pentru perioada 12-20 octombrie.<\/p>\n\n\n\n<p><\/p>\n\n\n\n<p>\u201eOrdinele sunt trimise cet\u0103\u021benilor afla\u021bi \u00een rezerva opera\u021bional\u0103 a MApN \u2013 fie c\u0103 au efectuat stagiul militar obligatoriu p\u00e2n\u0103 \u00een 2007, fie provin din structuri active ale armatei, poli\u021biei sau altor institu\u021bii din sistemul de ap\u0103rare \u0219i au trecut \u00eentre timp \u00een rezerv\u0103. Nu e vorba doar de cei care au f\u0103cut armata obligatorie\u201d, a explicat colonelul Popovici.<\/p>\n\n\n\n<p><\/p>\n\n\n\n<p><strong>O procedur\u0103 normal\u0103 pentru men\u021binerea eviden\u021bei<\/strong><br>Oficialul a subliniat c\u0103 astfel de chem\u0103ri sunt\u00a0<strong>o procedur\u0103 de rutin\u0103<\/strong>, necesar\u0103 pentru actualizarea situa\u021biei rezervi\u0219tilor.<\/p>\n\n\n\n<p><\/p>\n\n\n\n<p>\u201ePoate cineva \u0219i-a schimbat buletinul, poate nu mai e apt din motive medicale. \u00cen general, o persoan\u0103 poate primi maximum trei astfel de convoc\u0103ri pe parcursul vie\u021bii\u201d, a ad\u0103ugat Popovici.<\/p>\n\n\n\n<p><\/p>\n\n\n\n<p><strong>Cum se desf\u0103\u0219oar\u0103 convocarea<\/strong><\/p>\n\n\n\n<p><br>Cei care primesc ordinul trebuie s\u0103 se prezinte la unitatea militar\u0103 indicat\u0103, unde particip\u0103 la activit\u0103\u021bi ce dureaz\u0103\u00a0<strong>o zi \u00eentreag\u0103, de diminea\u021ba p\u00e2n\u0103 seara<\/strong>.<\/p>\n\n\n\n<p><\/p>\n\n\n\n<p>\u201eRezervi\u0219tii iau contact cu unitatea, cunosc personalul, comandantul, pot participa la o \u0219edin\u021b\u0103 de tragere \u0219i se familiarizeaz\u0103 cu misiunile actuale. \u00cen unele cazuri, \u00een func\u021bie de v\u00e2rst\u0103, sunt redistribui\u021bi c\u0103tre unit\u0103\u021bi logistice\u201d, a precizat colonelul.<\/p>\n\n\n\n<p><\/p>\n\n\n\n<p>Pe perioada convoc\u0103rii, rezervi\u0219tii beneficiaz\u0103 de facilit\u0103\u021bi oferite de armat\u0103, inclusiv\u00a0<strong>o mas\u0103 cald\u0103<\/strong>. Totodat\u0103, legea oblig\u0103 angajatorii s\u0103 acorde\u00a0<strong>concediu pl\u0103tit<\/strong>\u00a0celor care primesc ordin de chemare, \u00een baza adeverin\u021bei emise de centrul militar jude\u021bean.<\/p>\n\n\n\n<p><\/p>\n\n\n\n<p><strong>Scopul exerci\u021biului<\/strong><br>Ac\u021biunea face parte dintr-un proces mai amplu de evaluare \u0219i mobilizare, prin care Armata Rom\u00e2n\u0103 \u00ee\u0219i actualizeaz\u0103 eviden\u021ba rezervei, pentru ca, \u00een caz de nevoie, rezervi\u0219tii s\u0103 poat\u0103 fi integra\u021bi rapid \u00een structurile militare.<\/p>\n","protected":false},"excerpt":{"rendered":"<p>Ministerul Ap\u0103r\u0103rii Na\u021bionale a \u00eenceput transmiterea ordinelor de chemare c\u0103tre rezervi\u0219tii din Capital\u0103 \u0219i jude\u021bul Ilfov. Scopul nu este legat de o situa\u021bie de criz\u0103,<\/p>\n","protected":false},"author":1,"featured_media":40939,"comment_status":"closed","ping_status":"closed","sticky":false,"template":"","format":"standard","meta":[],"categories":[1],"tags":[],"_links":{"self":[{"href":"https:\/\/calatorinromania.com\/index.php?rest_route=\/wp\/v2\/posts\/41439"}],"collection":[{"href":"https:\/\/calatorinromania.com\/index.php?rest_route=\/wp\/v2\/posts"}],"about":[{"href":"https:\/\/calatorinromania.com\/index.php?rest_route=\/wp\/v2\/types\/post"}],"author":[{"embeddable":true,"href":"https:\/\/calatorinromania.com\/index.php?rest_route=\/wp\/v2\/users\/1"}],"replies":[{"embeddable":true,"href":"https:\/\/calatorinromania.com\/index.php?rest_route=%2Fwp%2Fv2%2Fcomments&post=41439"}],"version-history":[{"count":1,"href":"https:\/\/calatorinromania.com\/index.php?rest_route=\/wp\/v2\/posts\/41439\/revisions"}],"predecessor-version":[{"id":41440,"href":"https:\/\/calatorinromania.com\/index.php?rest_route=\/wp\/v2\/posts\/41439\/revisions\/41440"}],"wp:featuredmedia":[{"embeddable":true,"href":"https:\/\/calatorinromania.com\/index.php?rest_route=\/wp\/v2\/media\/40939"}],"wp:attachment":[{"href":"https:\/\/calatorinromania.com\/index.php?rest_route=%2Fwp%2Fv2%2Fmedia&parent=41439"}],"wp:term":[{"taxonomy":"category","embeddable":true,"href":"https:\/\/calatorinromania.com\/index.php?rest_route=%2Fwp%2Fv2%2Fcategories&post=41439"},{"taxonomy":"post_tag","embeddable":true,"href":"https:\/\/calatorinromania.com\/index.php?rest_route=%2Fwp%2Fv2%2Ftags&post=41439"}],"curies":[{"name":"wp","href":"https:\/\/api.w.org\/{rel}","templated":true}]}}