{"id":41430,"date":"2025-08-25T12:35:01","date_gmt":"2025-08-25T12:35:01","guid":{"rendered":"https:\/\/calatorinromania.com\/?p=41430"},"modified":"2025-08-25T12:35:01","modified_gmt":"2025-08-25T12:35:01","slug":"cat-timp-sotul-meu-dormea-am-observat-pe-spatele-lui-un-tatuaj","status":"publish","type":"post","link":"https:\/\/calatorinromania.com\/?p=41430","title":{"rendered":"C\u00e2t timp so\u021bul meu dormea, am observat pe spatele lui un tatuaj"},"content":{"rendered":"\n<p>\u00cen fa\u021ba mea s-a deschis un site \u00eenchis, cu un logo \u00eentunecat \u0219i cuvintele: \u201eProprietatea clanului\u201d.<\/p>\n\n\n\n<p><\/p>\n\n\n\n<p>Am fost la un pas s\u0103 scap telefonul din m\u00e2n\u0103. Ce clan? Ce fel de proprietate?<\/p>\n\n\n\n<p><\/p>\n\n\n\n<p>A doua zi diminea\u021b\u0103 n-am mai rezistat. C\u00e2nd s-a trezit, st\u0103team l\u00e2ng\u0103 el \u0219i t\u0103ceam, str\u00e2ng\u00e2ndu-i c\u0103ma\u0219a \u00een m\u00e2ini. A \u00een\u021beles imediat c\u0103 \u0219tiu. C\u00e2teva secunde m-a privit, \u0219i \u00een ochii lui am v\u0103zut ceva ce nu mai v\u0103zusem niciodat\u0103 \u2014 fric\u0103.<\/p>\n\n\n\n<p><\/p>\n\n\n\n<p>\u2014 Trebuia s\u0103-\u021bi spun, \u2014 a \u00eenceput el \u00eencet. \u2014 Dar \u0219tiam c\u0103 te voi pierde.<\/p>\n\n\n\n<p><\/p>\n\n\n\n<p>L-am ascultat f\u0103r\u0103 s\u0103-l \u00eentrerup.<\/p>\n\n\n\n<p><\/p>\n\n\n\n<p>Se pare c\u0103 totul a \u00eenceput cu c\u00e2teva luni \u00een urm\u0103. Chiar atunci, c\u00e2nd i-am spus despre copil. Se temea c\u0103 un job obi\u0219nuit nu va fi suficient ca s\u0103 ne \u00eentre\u021bin\u0103.<\/p>\n\n\n\n<p><\/p>\n\n\n\n<p>Atunci, un vechi cunoscut i-a propus bani rapizi \u2014 \u201eo colaborare\u201d pentru ni\u0219te oameni pe care e mai bine s\u0103 nu-i cuno\u0219ti.<\/p>\n\n\n\n<p><\/p>\n\n\n\n<p>La \u00eenceput, erau doar treburi m\u0103runte: livr\u0103ri, \u00eent\u00e2lniri, transport de pachete. Dar \u00eentr-o zi l-au pus s\u0103 aleag\u0103: ori devine \u201ede-al lor\u201d, ori\u2026 dispare.<\/p>\n\n\n\n<p><\/p>\n\n\n\n<p>Tatuajul nu era doar un semn. Era un stigmat. O marc\u0103 ce ar\u0103ta c\u0103 acum apar\u021bine bandei. Codul de bare \u2014 simbolul lor: fiecare linie, ca un pre\u021b pe care omul e dispus s\u0103-l pl\u0103teasc\u0103 pentru familie.<\/p>\n\n\n\n<p><\/p>\n\n\n\n<p>\u2014 Am f\u0103cut asta pentru tine. \u2014 m\u0103 privea drept \u00een ochi, \u0219i vedeam c\u00e2t de greu \u00eei era s\u0103 rosteasc\u0103 acele cuvinte. \u2014 Pentru noi. Dar acum nu mai exist\u0103 cale de ie\u0219ire. Ei nu te las\u0103 s\u0103 pleci.<\/p>\n\n\n\n<p><\/p>\n\n\n\n<p>Mi s-a t\u0103iat respira\u021bia. Am vrut s\u0103 \u021bip, s\u0103-l \u00eenvinuiesc, dar \u00een acel moment \u00een mine se luptau dou\u0103 sentimente: groaza \u0219i compasiunea. El, so\u021bul meu, \u00een disperare \u0219i-a v\u00e2ndut libertatea pentru familia noastr\u0103 care urma s\u0103 se nasc\u0103.<\/p>\n\n\n\n<p><\/p>\n\n\n\n<p><em>Aceast\u0103 lucrare este inspirat\u0103 din evenimente \u0219i persoane reale, \u00eens\u0103 a fost fic\u021bionalizat\u0103 \u00een scopuri creative. Numele, personajele \u0219i detaliile au fost schimbate pentru a proteja intimitatea \u0219i pentru a \u00eembun\u0103t\u0103\u021bi nara\u021biunea. Orice asem\u0103nare cu persoane reale, \u00een via\u021b\u0103 sau decedate, sau cu evenimente reale este pur \u00eent\u00e2mpl\u0103toare \u0219i nu este inten\u021bionat\u0103 de c\u0103tre autor.<\/em><\/p>\n\n\n\n<p><em>Autorul \u0219i editorul nu \u00ee\u0219i asum\u0103 responsabilitatea pentru exactitatea evenimentelor sau pentru modul \u00een care sunt portretizate personajele \u0219i nu sunt r\u0103spunz\u0103tori pentru eventuale interpret\u0103ri gre\u0219ite. Aceast\u0103 poveste este oferit\u0103 \u201eca atare\u201d, iar orice opinii exprimate apar\u021bin personajelor \u0219i nu reflect\u0103 punctele de vedere ale autorului sau ale editorului.<\/em><\/p>\n\n\n\n<p><a href=\"https:\/\/www.pinterest.com\/pin\/create\/button\/?url=https%3A%2F%2Fbumzi.ro%2F%3Fp%3D4703&amp;description=C%C3%A2t+timp+so%C8%9Bul+meu+dormea%2C+am+observat+pe+spatele+lui+un+tatuaj\" target=\"_blank\" rel=\"noreferrer noopener\"><\/a><\/p>\n\n\n\n<p><a href=\"https:\/\/www.facebook.com\/sharer\/sharer.php?u=https%3A%2F%2Fbumzi.ro%2F%3Fp%3D4703\" target=\"_blank\" rel=\"noreferrer noopener\"><\/a><\/p>\n\n\n\n<p><a href=\"https:\/\/twitter.com\/intent\/tweet?url=https%3A%2F%2Fbumzi.ro%2F%3Fp%3D4703&amp;text=C%C3%A2t+timp+so%C8%9Bul+meu+dormea%2C+am+observat+pe+spatele+lui+un+tatuaj\" target=\"_blank\" rel=\"noreferrer noopener\"><\/a><a href=\"https:\/\/bumzi.ro\/?p=4700\"><\/a><\/p>\n","protected":false},"excerpt":{"rendered":"<p>\u00cen fa\u021ba mea s-a deschis un site \u00eenchis, cu un logo \u00eentunecat \u0219i cuvintele: \u201eProprietatea clanului\u201d. Am fost la un pas s\u0103 scap telefonul din<\/p>\n","protected":false},"author":1,"featured_media":40939,"comment_status":"closed","ping_status":"closed","sticky":false,"template":"","format":"standard","meta":[],"categories":[1],"tags":[],"_links":{"self":[{"href":"https:\/\/calatorinromania.com\/index.php?rest_route=\/wp\/v2\/posts\/41430"}],"collection":[{"href":"https:\/\/calatorinromania.com\/index.php?rest_route=\/wp\/v2\/posts"}],"about":[{"href":"https:\/\/calatorinromania.com\/index.php?rest_route=\/wp\/v2\/types\/post"}],"author":[{"embeddable":true,"href":"https:\/\/calatorinromania.com\/index.php?rest_route=\/wp\/v2\/users\/1"}],"replies":[{"embeddable":true,"href":"https:\/\/calatorinromania.com\/index.php?rest_route=%2Fwp%2Fv2%2Fcomments&post=41430"}],"version-history":[{"count":1,"href":"https:\/\/calatorinromania.com\/index.php?rest_route=\/wp\/v2\/posts\/41430\/revisions"}],"predecessor-version":[{"id":41431,"href":"https:\/\/calatorinromania.com\/index.php?rest_route=\/wp\/v2\/posts\/41430\/revisions\/41431"}],"wp:featuredmedia":[{"embeddable":true,"href":"https:\/\/calatorinromania.com\/index.php?rest_route=\/wp\/v2\/media\/40939"}],"wp:attachment":[{"href":"https:\/\/calatorinromania.com\/index.php?rest_route=%2Fwp%2Fv2%2Fmedia&parent=41430"}],"wp:term":[{"taxonomy":"category","embeddable":true,"href":"https:\/\/calatorinromania.com\/index.php?rest_route=%2Fwp%2Fv2%2Fcategories&post=41430"},{"taxonomy":"post_tag","embeddable":true,"href":"https:\/\/calatorinromania.com\/index.php?rest_route=%2Fwp%2Fv2%2Ftags&post=41430"}],"curies":[{"name":"wp","href":"https:\/\/api.w.org\/{rel}","templated":true}]}}