{"id":41428,"date":"2025-08-25T12:28:46","date_gmt":"2025-08-25T12:28:46","guid":{"rendered":"https:\/\/calatorinromania.com\/?p=41428"},"modified":"2025-08-25T12:28:46","modified_gmt":"2025-08-25T12:28:46","slug":"cand-un-miliardar-singuratic-a-intrat-si-si-a-gasit-menajera-dansand-incet-cu-fiul-sau-tacut-2","status":"publish","type":"post","link":"https:\/\/calatorinromania.com\/?p=41428","title":{"rendered":"C\u00e2nd un miliardar singuratic a intrat \u0219i \u0219i-a g\u0103sit menajera dans\u00e2nd \u00eencet cu fiul s\u0103u t\u0103cut"},"content":{"rendered":"\n<p>\u2026 \u00een mijlocul camerei, \u00eenv\u0103lui\u021bi de lumina aurie, fiul lui, Lucas, \u0219i menajera, Elena, dansau \u00eencet.<\/p>\n\n\n\n<p><\/p>\n\n\n\n<p>Ea \u00eel \u021binea cu bl\u00e2nde\u021be, ghid\u00e2ndu-i u\u0219or m\u00e2inile. Trupul lui era fragil, dar ochii \u00eei str\u0103luceau a ceva ce Edward nu mai v\u0103zuse niciodat\u0103: via\u021b\u0103.<\/p>\n\n\n\n<p><\/p>\n\n\n\n<p>Nu era un dans sofisticat. Era mai degrab\u0103 o leg\u0103nare \u2014 st\u00e2ngace, lent\u0103, dar plin\u0103 de emo\u021bie. Elena fredona un c\u00e2ntec, probabil \u00een limba ei natal\u0103, iar Lucas\u2026 Lucas z\u00e2mbea.<\/p>\n\n\n\n<p><\/p>\n\n\n\n<p>Z\u00e2mbea.<\/p>\n\n\n\n<p><\/p>\n\n\n\n<p>Pentru Edward, acel z\u00e2mbet fusese un miraj. Medicii \u00eei spuseser\u0103 c\u0103 b\u0103iatul nu va reac\u021biona niciodat\u0103, c\u0103 va tr\u0103i \u00een lini\u0219te, prizonier \u00eentr-un trup inert. Ani de tratamente, de terapii, de speran\u021be \u00eengropate sub diagnosticuri reci \u0219i inutile.<\/p>\n\n\n\n<p><\/p>\n\n\n\n<p>\u0218i totu\u0219i, acolo era fiul lui. \u00centr-o camer\u0103 simpl\u0103, dans\u00e2nd cu o femeie care nici m\u0103car nu avea preg\u0103tire medical\u0103.<\/p>\n\n\n\n<p><\/p>\n\n\n\n<p>Elena \u00eel observ\u0103 pe Edward \u00een prag. Se opri brusc, speriat\u0103 c\u0103 \u0219i-a dep\u0103\u0219it limitele. Se \u00eenclin\u0103 u\u0219or.<\/p>\n\n\n\n<p><\/p>\n\n\n\n<p>\u2014 \u00cemi cer scuze, domnule Grant\u2026 N-am vrut\u2026<\/p>\n\n\n\n<p>Edward ridic\u0103 o m\u00e2n\u0103.<\/p>\n\n\n\n<p>\u2014 Nu te opri.<\/p>\n\n\n\n<p>Vocea lui era r\u0103gu\u0219it\u0103, abia un murmur. Ochii \u00eei tr\u0103dau emo\u021bii ad\u00e2nci, greu de rostit.<\/p>\n\n\n\n<p>Elena se uit\u0103 spre Lucas. B\u0103iatul \u00eel privi pe tat\u0103l s\u0103u \u0219i\u2026 ridic\u0103 m\u00e2na. Nu mult. Dar suficient c\u00e2t s\u0103-i spun\u0103:&nbsp;<em>Vreau s\u0103 continui.<\/em><\/p>\n\n\n\n<p>Edward se apropie \u00eencet, ca \u0219i cum ar fi c\u0103lcat \u00eentr-un vis. Se a\u0219ez\u0103 l\u00e2ng\u0103 ei, l\u00e2ng\u0103 scaunul cu rotile, \u0219i atinse cu v\u00e2rful degetelor m\u00e2na fiului s\u0103u. Cald\u0103. Prezent\u0103. Vie.<\/p>\n\n\n\n<p>\u2014 Cum? \u2014 \u00eentreb\u0103, privind spre Elena.<\/p>\n\n\n\n<p>\u2014 Muzica, domnule\u2026 \u0218i r\u0103bdarea. Niciun copil nu e cu totul pierdut dac\u0103 cineva crede \u00een el.<\/p>\n\n\n\n<p>\u00cen acea sear\u0103, conacul Grant nu a mai fost o cas\u0103 t\u0103cut\u0103 \u0219i impersonal\u0103. A fost martorul unei minuni.<\/p>\n\n\n\n<p>Zvonul s-a r\u0103sp\u00e2ndit rapid printre personal:&nbsp;<em>Lucas Grant a z\u00e2mbit. Lucas Grant a dansat.<\/em><\/p>\n\n\n\n<p>Dar pentru Edward, era mai mult dec\u00e2t o poveste.<\/p>\n\n\n\n<p>Era \u00eenceputul unei vie\u021bi pe care o crezuse imposibil\u0103.<\/p>\n\n\n\n<p>\u0218i totul a \u00eenceput cu o menajer\u0103 \u0219i un c\u00e2ntec.<\/p>\n\n\n\n<p><em>Aceast\u0103 lucrare este inspirat\u0103 din evenimente \u0219i persoane reale, \u00eens\u0103 a fost fic\u021bionalizat\u0103 \u00een scopuri creative. Numele, personajele \u0219i detaliile au fost schimbate pentru a proteja intimitatea \u0219i pentru a \u00eembun\u0103t\u0103\u021bi nara\u021biunea. Orice asem\u0103nare cu persoane reale, \u00een via\u021b\u0103 sau decedate, sau cu evenimente reale este pur \u00eent\u00e2mpl\u0103toare \u0219i nu este inten\u021bionat\u0103 de c\u0103tre autor.<\/em><\/p>\n\n\n\n<p><em>Autorul \u0219i editorul nu \u00ee\u0219i asum\u0103 responsabilitatea pentru exactitatea evenimentelor sau pentru modul \u00een care sunt portretizate personajele \u0219i nu sunt r\u0103spunz\u0103tori pentru eventuale interpret\u0103ri gre\u0219ite. Aceast\u0103 poveste este oferit\u0103 \u201eca atare\u201d, iar orice opinii exprimate apar\u021bin personajelor \u0219i nu reflect\u0103 punctele de vedere ale autorului sau ale editorului.<\/em><\/p>\n\n\n\n<p><a href=\"https:\/\/www.pinterest.com\/pin\/create\/button\/?url=https%3A%2F%2Fbumzi.ro%2F%3Fp%3D1614&amp;description=C%C3%A2nd+un+miliardar+singuratic+a+intrat+%C8%99i+%C8%99i-a+g%C4%83sit+menajera+dans%C3%A2nd+%C3%AEncet+cu+fiul+s%C4%83u+t%C4%83cut\" target=\"_blank\" rel=\"noreferrer noopener\"><\/a><\/p>\n\n\n\n<p><a href=\"https:\/\/www.facebook.com\/sharer\/sharer.php?u=https%3A%2F%2Fbumzi.ro%2F%3Fp%3D1614\" target=\"_blank\" rel=\"noreferrer noopener\"><\/a><\/p>\n\n\n\n<p><a href=\"https:\/\/twitter.com\/intent\/tweet?url=https%3A%2F%2Fbumzi.ro%2F%3Fp%3D1614&amp;text=C%C3%A2nd+un+miliardar+singuratic+a+intrat+%C8%99i+%C8%99i-a+g%C4%83sit+menajera+dans%C3%A2nd+%C3%AEncet+cu+fiul+s%C4%83u+t%C4%83cut\" target=\"_blank\" rel=\"noreferrer noopener\"><\/a><a href=\"https:\/\/bumzi.ro\/?p=1611\"><\/a><\/p>\n","protected":false},"excerpt":{"rendered":"<p>\u2026 \u00een mijlocul camerei, \u00eenv\u0103lui\u021bi de lumina aurie, fiul lui, Lucas, \u0219i menajera, Elena, dansau \u00eencet. Ea \u00eel \u021binea cu bl\u00e2nde\u021be, ghid\u00e2ndu-i u\u0219or m\u00e2inile. Trupul<\/p>\n","protected":false},"author":1,"featured_media":40939,"comment_status":"closed","ping_status":"closed","sticky":false,"template":"","format":"standard","meta":[],"categories":[1],"tags":[],"_links":{"self":[{"href":"https:\/\/calatorinromania.com\/index.php?rest_route=\/wp\/v2\/posts\/41428"}],"collection":[{"href":"https:\/\/calatorinromania.com\/index.php?rest_route=\/wp\/v2\/posts"}],"about":[{"href":"https:\/\/calatorinromania.com\/index.php?rest_route=\/wp\/v2\/types\/post"}],"author":[{"embeddable":true,"href":"https:\/\/calatorinromania.com\/index.php?rest_route=\/wp\/v2\/users\/1"}],"replies":[{"embeddable":true,"href":"https:\/\/calatorinromania.com\/index.php?rest_route=%2Fwp%2Fv2%2Fcomments&post=41428"}],"version-history":[{"count":1,"href":"https:\/\/calatorinromania.com\/index.php?rest_route=\/wp\/v2\/posts\/41428\/revisions"}],"predecessor-version":[{"id":41429,"href":"https:\/\/calatorinromania.com\/index.php?rest_route=\/wp\/v2\/posts\/41428\/revisions\/41429"}],"wp:featuredmedia":[{"embeddable":true,"href":"https:\/\/calatorinromania.com\/index.php?rest_route=\/wp\/v2\/media\/40939"}],"wp:attachment":[{"href":"https:\/\/calatorinromania.com\/index.php?rest_route=%2Fwp%2Fv2%2Fmedia&parent=41428"}],"wp:term":[{"taxonomy":"category","embeddable":true,"href":"https:\/\/calatorinromania.com\/index.php?rest_route=%2Fwp%2Fv2%2Fcategories&post=41428"},{"taxonomy":"post_tag","embeddable":true,"href":"https:\/\/calatorinromania.com\/index.php?rest_route=%2Fwp%2Fv2%2Ftags&post=41428"}],"curies":[{"name":"wp","href":"https:\/\/api.w.org\/{rel}","templated":true}]}}