{"id":41426,"date":"2025-08-25T12:18:50","date_gmt":"2025-08-25T12:18:50","guid":{"rendered":"https:\/\/calatorinromania.com\/?p=41426"},"modified":"2025-08-25T12:18:50","modified_gmt":"2025-08-25T12:18:50","slug":"o-fetita-de-8-ani-s-a-prezentat-ca-avocata-mamei-sale-chiar-in-sala-de-judecata-2","status":"publish","type":"post","link":"https:\/\/calatorinromania.com\/?p=41426","title":{"rendered":"O feti\u021b\u0103 de 8 ani s-a prezentat ca avocata mamei sale chiar \u00een sala de judecat\u0103"},"content":{"rendered":"\n<p>\u2014 Atunci eu vreau s\u0103 fiu avocatul t\u0103u! \u2014 a zis Lucia f\u0103r\u0103 ezitare, ridic\u00e2nd privirea spre mama ei.<\/p>\n\n\n\n<p><\/p>\n\n\n\n<p>Carmen a z\u00e2mbit for\u021bat, ca \u0219i cum i s-ar fi topit inima \u0219i s-ar fi spart \u00een mii de buc\u0103\u021bi deodat\u0103. A \u00eengenuncheat pe trotuarul rece \u0219i a str\u00e2ns-o \u00een bra\u021be, f\u0103r\u0103 s\u0103-i r\u0103spund\u0103.<\/p>\n\n\n\n<p><\/p>\n\n\n\n<p>Dar \u00een acea sear\u0103, c\u00e2nd feti\u021ba a adormit, Carmen a pl\u00e2ns din nou. \u0218tia c\u0103 ziua \u00een care urma s\u0103 se prezinte \u00een instan\u021b\u0103 era tot mai aproape. So\u021bul ei \u2014 fostul ei so\u021b de-acum \u2014 o d\u0103duse \u00een judecat\u0103 pentru custodia copilului. Cu bani, rela\u021bii \u0219i un avocat scump, voia s\u0103 o declare instabil\u0103 \u0219i s\u0103 ia cu el singurul lucru bun pe care-l mai avea: pe Lucia.<\/p>\n\n\n\n<p><\/p>\n\n\n\n<p>\u00cen ziua procesului, Carmen \u0219i-a pus cea mai curat\u0103 rochie, de\u0219i avea doar dou\u0103 bune \u00een dulap. \u00cei tremurau m\u00e2inile. Dar nu era singur\u0103.<\/p>\n\n\n\n<p><\/p>\n\n\n\n<p>Lucia, cu p\u0103rul prins iar \u00een cele dou\u0103 cozi perfecte, \u0219i-a f\u0103cut apari\u021bia \u00een sala de judecat\u0103 \u021bin\u00e2nd \u00een bra\u021be o map\u0103 albastr\u0103. Se a\u0219ezase \u00een prima banc\u0103, l\u00e2ng\u0103 mama ei, \u0219i se uita la judec\u0103toare cu un amestec de team\u0103 \u0219i determinare.<\/p>\n\n\n\n<p><\/p>\n\n\n\n<p>\u2014 Doamn\u0103 judec\u0103tor, pot s\u0103 spun ceva? \u2014 s-a ridicat \u00een picioare, r\u0103sun\u00e2nd clar \u00een sal\u0103.<\/p>\n\n\n\n<p><\/p>\n\n\n\n<p>To\u021bi au \u00eentors capul. Avocatul tat\u0103lui ei a \u00eenceput s\u0103 r\u00e2d\u0103 \u00eenceti\u0219or, dar judec\u0103toarea \u2014 o femeie \u00een v\u00e2rst\u0103, cu o privire cald\u0103 \u2014 a ridicat o spr\u00e2ncean\u0103.<\/p>\n\n\n\n<p><\/p>\n\n\n\n<p>\u2014 Spune, feti\u021bo.<\/p>\n\n\n\n<p><\/p>\n\n\n\n<p>\u2014 Eu sunt Lucia Morales. \u0218tiu c\u0103 am doar 8 ani, dar vreau s\u0103 fiu avocata mamei mele.<\/p>\n\n\n\n<p><\/p>\n\n\n\n<p>Carmen a vrut s\u0103 o trag\u0103 jos, ru\u0219inat\u0103 \u0219i cople\u0219it\u0103, dar judec\u0103toarea a f\u0103cut un semn discret cu m\u00e2na.<\/p>\n\n\n\n<p><\/p>\n\n\n\n<p>\u2014 Po\u021bi s\u0103 continui.<\/p>\n\n\n\n<p>Lucia \u0219i-a deschis mapa. \u00cen\u0103untru erau foi scrise de m\u00e2n\u0103: un desen cu casa lor, o scrisoare \u00een care explica ce \u00eenseamn\u0103 pentru ea \u201eacas\u0103\u201d, bonuri de cump\u0103r\u0103turi, orarul de \u0219coal\u0103 \u0219i o poz\u0103 cu mama ei, adormit\u0103 pe marginea patului, \u021bin\u00e2nd-o de m\u00e2n\u0103.<\/p>\n\n\n\n<p>\u2014 Mama mea nu e perfect\u0103. Uneori pl\u00e2nge, uneori e obosit\u0103, dar e cea mai curajoas\u0103 persoan\u0103 pe care o cunosc. Nu avem bani, dar avem dragoste. \u0218i eu vreau s\u0103 r\u0103m\u00e2n cu ea.<\/p>\n\n\n\n<p>T\u0103cerea care s-a a\u0219ternut dup\u0103 acel moment nu era doar solemn\u0103. Era sf\u00e2nt\u0103. Avocatul advers nu mai r\u00e2dea. Carmen nu mai pl\u00e2ngea.<\/p>\n\n\n\n<p>Judec\u0103toarea a cerut o pauz\u0103. A ie\u0219it din sal\u0103 cu dosarul \u00een m\u00e2n\u0103. C\u00e2nd s-a \u00eentors, \u0219i-a aranjat roba \u0219i a rostit hot\u0103r\u00e2rea cu voce calm\u0103, dar ferm\u0103:<\/p>\n\n\n\n<p>\u2014 \u00cen baza articolului 263 din Codul Civil \u0219i a evalu\u0103rii situa\u021biei reale a minorului, instan\u021ba decide c\u0103 Lucia Morales va r\u0103m\u00e2ne \u00een grija mamei sale, Carmen Morales. Proces \u00eencheiat.<\/p>\n\n\n\n<p>Lucia a s\u0103rit de pe banc\u0103 \u0219i s-a aruncat \u00een bra\u021bele mamei ei.<\/p>\n\n\n\n<p>\u00cen drum spre cas\u0103, Carmen i-a \u0219optit:<\/p>\n\n\n\n<p>\u2014 Nici cel mai bun avocat din lume n-ar fi putut face ce ai f\u0103cut tu azi.<\/p>\n\n\n\n<p>Lucia a z\u00e2mbit \u0219i a zis:<\/p>\n\n\n\n<p>\u2014 Atunci o s\u0103 fiu avocat c\u00e2nd cresc. Dar doar pentru oameni buni ca tine.<\/p>\n\n\n\n<p>\u0218i \u00een acel moment, pe str\u0103zile gri ale ora\u0219ului, dou\u0103 umbre de femei \u2014 una mic\u0103 \u0219i una mare \u2014 au mers \u021bin\u00e2ndu-se de m\u00e2n\u0103, mai puternice dec\u00e2t orice lege scris\u0103 vreodat\u0103.<\/p>\n\n\n\n<p><em>Aceast\u0103 lucrare este inspirat\u0103 din evenimente \u0219i persoane reale, \u00eens\u0103 a fost fic\u021bionalizat\u0103 \u00een scopuri creative. Numele, personajele \u0219i detaliile au fost schimbate pentru a proteja intimitatea \u0219i pentru a \u00eembun\u0103t\u0103\u021bi nara\u021biunea. Orice asem\u0103nare cu persoane reale, \u00een via\u021b\u0103 sau decedate, sau cu evenimente reale este pur \u00eent\u00e2mpl\u0103toare \u0219i nu este inten\u021bionat\u0103 de c\u0103tre autor.<\/em><\/p>\n\n\n\n<p><em>Autorul \u0219i editorul nu \u00ee\u0219i asum\u0103 responsabilitatea pentru exactitatea evenimentelor sau pentru modul \u00een care sunt portretizate personajele \u0219i nu sunt r\u0103spunz\u0103tori pentru eventuale interpret\u0103ri gre\u0219ite. Aceast\u0103 poveste este oferit\u0103 \u201eca atare\u201d, iar orice opinii exprimate apar\u021bin personajelor \u0219i nu reflect\u0103 punctele de vedere ale autorului sau ale editorului.<\/em><\/p>\n","protected":false},"excerpt":{"rendered":"<p>\u2014 Atunci eu vreau s\u0103 fiu avocatul t\u0103u! \u2014 a zis Lucia f\u0103r\u0103 ezitare, ridic\u00e2nd privirea spre mama ei. Carmen a z\u00e2mbit for\u021bat, ca \u0219i<\/p>\n","protected":false},"author":1,"featured_media":40939,"comment_status":"closed","ping_status":"closed","sticky":false,"template":"","format":"standard","meta":[],"categories":[1],"tags":[],"_links":{"self":[{"href":"https:\/\/calatorinromania.com\/index.php?rest_route=\/wp\/v2\/posts\/41426"}],"collection":[{"href":"https:\/\/calatorinromania.com\/index.php?rest_route=\/wp\/v2\/posts"}],"about":[{"href":"https:\/\/calatorinromania.com\/index.php?rest_route=\/wp\/v2\/types\/post"}],"author":[{"embeddable":true,"href":"https:\/\/calatorinromania.com\/index.php?rest_route=\/wp\/v2\/users\/1"}],"replies":[{"embeddable":true,"href":"https:\/\/calatorinromania.com\/index.php?rest_route=%2Fwp%2Fv2%2Fcomments&post=41426"}],"version-history":[{"count":1,"href":"https:\/\/calatorinromania.com\/index.php?rest_route=\/wp\/v2\/posts\/41426\/revisions"}],"predecessor-version":[{"id":41427,"href":"https:\/\/calatorinromania.com\/index.php?rest_route=\/wp\/v2\/posts\/41426\/revisions\/41427"}],"wp:featuredmedia":[{"embeddable":true,"href":"https:\/\/calatorinromania.com\/index.php?rest_route=\/wp\/v2\/media\/40939"}],"wp:attachment":[{"href":"https:\/\/calatorinromania.com\/index.php?rest_route=%2Fwp%2Fv2%2Fmedia&parent=41426"}],"wp:term":[{"taxonomy":"category","embeddable":true,"href":"https:\/\/calatorinromania.com\/index.php?rest_route=%2Fwp%2Fv2%2Fcategories&post=41426"},{"taxonomy":"post_tag","embeddable":true,"href":"https:\/\/calatorinromania.com\/index.php?rest_route=%2Fwp%2Fv2%2Ftags&post=41426"}],"curies":[{"name":"wp","href":"https:\/\/api.w.org\/{rel}","templated":true}]}}