{"id":41424,"date":"2025-08-25T12:11:35","date_gmt":"2025-08-25T12:11:35","guid":{"rendered":"https:\/\/calatorinromania.com\/?p=41424"},"modified":"2025-08-25T12:11:35","modified_gmt":"2025-08-25T12:11:35","slug":"o-tanara-asistenta-spala-un-barbat-aflat-in-coma-2","status":"publish","type":"post","link":"https:\/\/calatorinromania.com\/?p=41424","title":{"rendered":"O t\u00e2n\u0103r\u0103 asistent\u0103 sp\u0103la un b\u0103rbat aflat \u00een com\u0103"},"content":{"rendered":"\n<p>Pe pieptul lui Grant, \u00een partea st\u00e2ng\u0103, ap\u0103rea un tatuaj pe care nu-l mai v\u0103zuse p\u00e2n\u0103 atunci. P\u00e2n\u0103 \u00een ziua aceea, zona fusese mereu bandajat\u0103 sau acoperit\u0103 cu un halat. Dar acum, \u00eentr-o lumin\u0103 cald\u0103 de apus, tatuajul era clar ca lumina zilei.<\/p>\n\n\n\n<p><\/p>\n\n\n\n<p><strong>Era numele ei.<\/strong><\/p>\n\n\n\n<p><\/p>\n\n\n\n<p>\u201eAnna. 21.12.\u201d<\/p>\n\n\n\n<p><\/p>\n\n\n\n<p>Ziua \u00een care ea fusese repartizat\u0103 la clinic\u0103.<\/p>\n\n\n\n<p><\/p>\n\n\n\n<p>S-a tras instinctiv \u00eenapoi, crez\u00e2nd c\u0103 vede gre\u0219it. A frecat u\u0219or cu un prosop umed zona, g\u00e2ndind c\u0103 e poate o urm\u0103 de marker. Dar nu. Cerneala era ad\u00e2nc impregnat\u0103 \u00een piele.<\/p>\n\n\n\n<p><\/p>\n\n\n\n<p>\u2014 Ce naiba\u2026 a \u0219optit, tremur\u00e2nd.<\/p>\n\n\n\n<p><\/p>\n\n\n\n<p>A privit monitorul cardiac. B\u0103t\u0103ile erau constante, dar ceva i se p\u0103rea\u2026 altfel. De parc\u0103 inima b\u0103rbatului reac\u021bionase la mirarea ei.<\/p>\n\n\n\n<p><\/p>\n\n\n\n<p>A \u00eenchis ochii c\u00e2teva secunde, \u00eencerc\u00e2nd s\u0103-\u0219i adune g\u00e2ndurile. Cum era posibil s\u0103-i aib\u0103 numele tatuat? Cine era, de fapt, Grant Carter?<\/p>\n\n\n\n<p><\/p>\n\n\n\n<p>Anna \u0219i-a petrecut urm\u0103toarele ore c\u0103ut\u00e2nd orice detaliu despre pacientul ei. A deschis dosarele medicale, a citit fiecare r\u00e2nd, dar totul p\u0103rea \u00een regul\u0103 \u2014 p\u00e2n\u0103 a dat peste un document clasificat, blocat cu o parol\u0103.<\/p>\n\n\n\n<p><\/p>\n\n\n\n<p>Aici, curiozitatea a \u00eenvins. Cu o combina\u021bie de instinct \u0219i un cod numeric de pe br\u0103\u021bara pacientului, a reu\u0219it s\u0103-l acceseze. Ce a descoperit a f\u0103cut-o s\u0103 se pr\u0103bu\u0219easc\u0103 pe scaun.<\/p>\n\n\n\n<p><\/p>\n\n\n\n<p>Grant nu era doar un om de afaceri. Fusese un informator sub acoperire, protejat de un program secret, \u0219i fusese implicat \u00eentr-un dosar de corup\u021bie interna\u021bional\u0103 \u00een care muriser\u0103 deja trei persoane.<\/p>\n\n\n\n<p><\/p>\n\n\n\n<p>Dar mai grav dec\u00e2t at\u00e2t: Anna ap\u0103rea men\u021bionat\u0103.<\/p>\n\n\n\n<p><\/p>\n\n\n\n<p>Era scris c\u0103 numele ei fusese ales special. C\u0103 \u00een cazul unei eventuale treziri, prezen\u021ba ei ar putea declan\u0219a amintiri esen\u021biale.<\/p>\n\n\n\n<p><\/p>\n\n\n\n<p>\u2014 A\u0219a c\u0103 nu a fost \u00eent\u00e2mpl\u0103tor\u2026<\/p>\n\n\n\n<p><\/p>\n\n\n\n<p>Un fior rece i-a trecut pe \u0219ira spin\u0103rii.<\/p>\n\n\n\n<p><\/p>\n\n\n\n<p>A doua zi, \u00een timp ce \u00eei schimba perfuzia, ochii lui Grant s-au mi\u0219cat. Nu era un spasm reflex. Era un gest con\u0219tient.<\/p>\n\n\n\n<p><\/p>\n\n\n\n<p>\u2014 Anna\u2026<\/p>\n\n\n\n<p><\/p>\n\n\n\n<p>Vocea lui a fost slab\u0103, dar clar\u0103.<\/p>\n\n\n\n<p><\/p>\n\n\n\n<p>Lacrimi i-au umplut ochii. \u00cei apucase m\u00e2na.<\/p>\n\n\n\n<p><\/p>\n\n\n\n<p>\u2014 Spune-mi ce s-a \u00eent\u00e2mplat, Grant.<\/p>\n\n\n\n<p><\/p>\n\n\n\n<p>Dar u\u0219a s-a deschis brusc. Un b\u0103rbat \u00een costum negru, cu un ecuson guvernamental, a intrat \u0219i a spus scurt:<\/p>\n\n\n\n<p><\/p>\n\n\n\n<p>\u2014 Mul\u021bumim pentru ajutor, domni\u0219oar\u0103 Munro. De aici prelu\u0103m noi.<\/p>\n\n\n\n<p><\/p>\n\n\n\n<p>Anna nu a mai avut timp s\u0103 \u00eentrebe nimic.<\/p>\n\n\n\n<p><\/p>\n\n\n\n<p>Grant fusese luat. Dosarul, \u0219ters din sistem.<\/p>\n\n\n\n<p><\/p>\n\n\n\n<p>Singurul lucru r\u0103mas a fost acel tatuaj.<\/p>\n\n\n\n<p><\/p>\n\n\n\n<p>\u0218i \u00eentrebarea: de ce tocmai ea?<\/p>\n\n\n\n<p><\/p>\n\n\n\n<p>La o lun\u0103 dup\u0103, a primit un plic. \u00cen interior: o fotografie cu Grant, z\u00e2mbind, \u00eentr-un loc tropical.<\/p>\n\n\n\n<p>Pe spate, un mesaj scris de m\u00e2n\u0103:<\/p>\n\n\n\n<p>\u201eTu m-ai trezit. \u00ce\u021bi voi fi dator toat\u0103 via\u021ba.\u201d<\/p>\n\n\n\n<p>Anna a z\u00e2mbit.<\/p>\n\n\n\n<p>\u0218i pentru prima dat\u0103 \u00een via\u021b\u0103, a sim\u021bit c\u0103 munca ei a schimbat ceva cu adev\u0103rat.<\/p>\n\n\n\n<p><em>Aceast\u0103 lucrare este inspirat\u0103 din evenimente \u0219i persoane reale, \u00eens\u0103 a fost fic\u021bionalizat\u0103 \u00een scopuri creative. Numele, personajele \u0219i detaliile au fost schimbate pentru a proteja intimitatea \u0219i pentru a \u00eembun\u0103t\u0103\u021bi nara\u021biunea. Orice asem\u0103nare cu persoane reale, \u00een via\u021b\u0103 sau decedate, sau cu evenimente reale este pur \u00eent\u00e2mpl\u0103toare \u0219i nu este inten\u021bionat\u0103 de c\u0103tre autor.<\/em><\/p>\n\n\n\n<p><em>Autorul \u0219i editorul nu \u00ee\u0219i asum\u0103 responsabilitatea pentru exactitatea evenimentelor sau pentru modul \u00een care sunt portretizate personajele \u0219i nu sunt r\u0103spunz\u0103tori pentru eventuale interpret\u0103ri gre\u0219ite. Aceast\u0103 poveste este oferit\u0103 \u201eca atare\u201d, iar orice opinii exprimate apar\u021bin personajelor \u0219i nu reflect\u0103 punctele de vedere ale autorului sau ale editorului.<\/em><\/p>\n\n\n\n<p><a href=\"https:\/\/www.pinterest.com\/pin\/create\/button\/?url=https%3A%2F%2Fbumzi.ro%2F%3Fp%3D1564&amp;description=O+t%C3%A2n%C4%83r%C4%83+asistent%C4%83+sp%C4%83la+un+b%C4%83rbat+aflat+%C3%AEn+com%C4%83\" target=\"_blank\" rel=\"noreferrer noopener\"><\/a><\/p>\n\n\n\n<p><a href=\"https:\/\/www.facebook.com\/sharer\/sharer.php?u=https%3A%2F%2Fbumzi.ro%2F%3Fp%3D1564\" target=\"_blank\" rel=\"noreferrer noopener\"><\/a><\/p>\n\n\n\n<p><a href=\"https:\/\/twitter.com\/intent\/tweet?url=https%3A%2F%2Fbumzi.ro%2F%3Fp%3D1564&amp;text=O+t%C3%A2n%C4%83r%C4%83+asistent%C4%83+sp%C4%83la+un+b%C4%83rbat+aflat+%C3%AEn+com%C4%83\" target=\"_blank\" rel=\"noreferrer noopener\"><\/a><a href=\"https:\/\/bumzi.ro\/?p=1561\"><\/a><\/p>\n","protected":false},"excerpt":{"rendered":"<p>Pe pieptul lui Grant, \u00een partea st\u00e2ng\u0103, ap\u0103rea un tatuaj pe care nu-l mai v\u0103zuse p\u00e2n\u0103 atunci. P\u00e2n\u0103 \u00een ziua aceea, zona fusese mereu bandajat\u0103<\/p>\n","protected":false},"author":1,"featured_media":40939,"comment_status":"closed","ping_status":"closed","sticky":false,"template":"","format":"standard","meta":[],"categories":[1],"tags":[],"_links":{"self":[{"href":"https:\/\/calatorinromania.com\/index.php?rest_route=\/wp\/v2\/posts\/41424"}],"collection":[{"href":"https:\/\/calatorinromania.com\/index.php?rest_route=\/wp\/v2\/posts"}],"about":[{"href":"https:\/\/calatorinromania.com\/index.php?rest_route=\/wp\/v2\/types\/post"}],"author":[{"embeddable":true,"href":"https:\/\/calatorinromania.com\/index.php?rest_route=\/wp\/v2\/users\/1"}],"replies":[{"embeddable":true,"href":"https:\/\/calatorinromania.com\/index.php?rest_route=%2Fwp%2Fv2%2Fcomments&post=41424"}],"version-history":[{"count":1,"href":"https:\/\/calatorinromania.com\/index.php?rest_route=\/wp\/v2\/posts\/41424\/revisions"}],"predecessor-version":[{"id":41425,"href":"https:\/\/calatorinromania.com\/index.php?rest_route=\/wp\/v2\/posts\/41424\/revisions\/41425"}],"wp:featuredmedia":[{"embeddable":true,"href":"https:\/\/calatorinromania.com\/index.php?rest_route=\/wp\/v2\/media\/40939"}],"wp:attachment":[{"href":"https:\/\/calatorinromania.com\/index.php?rest_route=%2Fwp%2Fv2%2Fmedia&parent=41424"}],"wp:term":[{"taxonomy":"category","embeddable":true,"href":"https:\/\/calatorinromania.com\/index.php?rest_route=%2Fwp%2Fv2%2Fcategories&post=41424"},{"taxonomy":"post_tag","embeddable":true,"href":"https:\/\/calatorinromania.com\/index.php?rest_route=%2Fwp%2Fv2%2Ftags&post=41424"}],"curies":[{"name":"wp","href":"https:\/\/api.w.org\/{rel}","templated":true}]}}