{"id":41422,"date":"2025-08-25T12:06:37","date_gmt":"2025-08-25T12:06:37","guid":{"rendered":"https:\/\/calatorinromania.com\/?p=41422"},"modified":"2025-08-25T12:06:38","modified_gmt":"2025-08-25T12:06:38","slug":"timp-de-trei-ani-nu-a-rostit-niciun-cuvant","status":"publish","type":"post","link":"https:\/\/calatorinromania.com\/?p=41422","title":{"rendered":"Timp de trei ani nu a rostit niciun cuv\u00e2nt"},"content":{"rendered":"\n<p>\u00a0Timp de trei ani nu a rostit niciun cuv\u00e2nt \u2014 p\u00e2n\u0103 \u00een ziua \u00een care un necunoscut a intrat \u00een banc\u0103 \u0219i s-a aplecat \u00een genunchi \u00een fa\u021ba modestei femei de serviciu, surprinz\u00e2nd pe toat\u0103 lumea.<\/p>\n\n\n\n<p><\/p>\n\n\n\n<p>Lucra \u00een banc\u0103 de trei ani, dar nimeni nu \u00eei \u0219tia cu adev\u0103rat numele. O femeie \u00eembr\u0103cat\u0103 \u00een haine \u00eenchise la culoare, cu un batic pe cap, t\u0103cut\u0103 \u0219i invizibil\u0103, cur\u0103\u021ba metodic suprafe\u021bele, l\u0103s\u00e2nd \u00een urma ei o u\u0219oar\u0103 arom\u0103 de l\u0103m\u00e2ie \u0219i o senza\u021bie de prospe\u021bime.<\/p>\n\n\n\n<p><\/p>\n\n\n\n<p>Majoritatea oamenilor treceau pur \u0219i simplu pe l\u00e2ng\u0103 ea. Unii f\u0103ceau remarci ustur\u0103toare.<br>\u2014 Hei, t\u0103cuto, ai uitat o pat\u0103! \u2014 spunea cu un z\u00e2mbet sarcastic unul dintre angaja\u021bi.<\/p>\n\n\n\n<p><\/p>\n\n\n\n<p>De la ea nu se auzea niciodat\u0103 vreun r\u0103spuns \u2014 doar un oftat u\u0219or, \u0219i din nou la munc\u0103.<\/p>\n\n\n\n<p><\/p>\n\n\n\n<p>\u00cen registru era trecut\u0103 ca\u00a0<strong>Cristina<\/strong>, dar nim\u0103nui nu-i p\u0103sa cum se numea de fapt.<\/p>\n\n\n\n<p><\/p>\n\n\n\n<p>\u0218i totu\u0219i, odinioar\u0103 nu avea doar voce, ci \u0219i o via\u021b\u0103 plin\u0103 de sens. Predea, picta \u0219i inspira copiii.<\/p>\n\n\n\n<p><\/p>\n\n\n\n<p>P\u00e2n\u0103 c\u00e2nd totul s-a fr\u00e2nt \u00eentr-o singur\u0103 zi.<\/p>\n\n\n\n<p><\/p>\n\n\n\n<p>Un incendiu a cuprins etajul. Nu a ezitat nici m\u0103car o clip\u0103 \u0219i a salvat un copil \u0219i pe mama acestuia. Doar b\u0103iatul,&nbsp;<strong>Daniel<\/strong>, a supravie\u021buit. Cristina a fost scoas\u0103 din fl\u0103c\u0103ri aproape incon\u0219tient\u0103. Corpul ei s-a vindecat, dar sufletul a r\u0103mas printre cenu\u0219\u0103.<\/p>\n\n\n\n<p>Dup\u0103 moartea mamei, s-a \u00eenchis complet \u00een ea \u00eens\u0103\u0219i \u0219i a \u00eencetat s\u0103 mai vorbeasc\u0103.<\/p>\n\n\n\n<p>Via\u021ba de dinainte disp\u0103ruse. Cristina nu mai preda, nu mai picta. Lumea ei s-a redus la acvariu \u0219i la micu\u021bul apartament. \u0218i, cur\u00e2nd, la cur\u0103\u021benia din banc\u0103.<\/p>\n\n\n\n<p>Acolo a \u00eenceput noua ei poveste.<\/p>\n\n\n\n<p>\u00cen diminea\u021ba aceea, \u00een fa\u021ba cl\u0103dirii s-a oprit o limuzin\u0103 neagr\u0103. Din ea a cobor\u00e2t un b\u0103rbat \u00eentr-un costum scump \u2014 directorul regional&nbsp;<strong>Alexei Rein<\/strong>. Angaja\u021bii au \u00eencremenit, gr\u0103bindu-se s\u0103 se a\u0219eze \u00een ordine.<\/p>\n\n\n\n<p>Cristina nici nu s-a uitat \u00een direc\u021bia lui. Continua s\u0103 frece m\u00e2nerul u\u0219ii.<\/p>\n\n\n\n<p>Dar b\u0103rbatul s-a oprit, a observat-o. S-a apropiat, a \u00eengenuncheat \u00een fa\u021ba ei \u0219i, sco\u021b\u00e2ndu-\u0219i m\u0103nu\u0219ile, i-a s\u0103rutat cicatricile.<\/p>\n\n\n\n<p>\u2014&nbsp;<strong>Cristina<\/strong>&nbsp;\u2014 a \u0219optit cu voce tremur\u00e2nd\u0103 \u2014 te-am c\u0103utat at\u00e2\u021bia ani\u2026<\/p>\n\n\n\n<p>\u00cen \u00eenc\u0103pere s-a l\u0103sat o lini\u0219te deplin\u0103. Cine era ea pentru el?<\/p>\n\n\n\n<p>\u0218i atunci, pentru prima dat\u0103 dup\u0103 ani \u00eentregi, a rostit un singur cuv\u00e2nt\u2026&nbsp;<img decoding=\"async\" alt=\"\ud83d\ude31\" src=\"https:\/\/s.w.org\/images\/core\/emoji\/16.0.1\/svg\/1f631.svg\"><img decoding=\"async\" alt=\"\ud83d\ude22\" src=\"https:\/\/s.w.org\/images\/core\/emoji\/16.0.1\/svg\/1f622.svg\"><\/p>\n\n\n\n<p><strong>Continuarea \u00een primul comentariu<\/strong><\/p>\n\n\n\n<hr class=\"wp-block-separator has-alpha-channel-opacity\"\/>\n\n\n\n<p>Vocea ei s-a auzit abia \u0219optit\u0103, ca o adiere: \u00abMul\u021bumesc\u00bb. \u0218i acel cuv\u00e2nt scurt a p\u0103rut s\u0103 explodeze \u00een spa\u021biu, umpl\u00e2nd aerul cu lumin\u0103, c\u0103ldur\u0103 \u0219i uimire. Tensiunea a disp\u0103rut. Oamenii nu \u0219i-au putut st\u0103p\u00e2ni lacrimile \u0219i z\u00e2mbetele.<\/p>\n\n\n\n<p>Ca \u0219i cum o u\u0219\u0103 s-ar fi deschis \u00een inima ei. Cristina, pentru prima dat\u0103 dup\u0103 mult timp, a sim\u021bit lumina curg\u00e2nd din interior. Ochii ei str\u0103luceau de u\u0219urare.<\/p>\n\n\n\n<p>Acel moment a fost o cotitur\u0103.<\/p>\n\n\n\n<p>\u2014 Cristina \u2014 spuse \u00eencet Alexei \u2014 \u0219tiu c\u0103 ai suferit. Dar nu e\u0219ti singur\u0103. Sunt aici \u0219i vreau s\u0103 te ajut s\u0103 te reg\u0103se\u0219ti.<\/p>\n\n\n\n<p>Ea l-a privit \u00een ochi. Ceva \u00een interiorul ei s-a reaprins \u2014 nesigur, dar viu.<\/p>\n\n\n\n<p>Din memorie au revenit scene ale trecutului: o clas\u0103 luminoas\u0103, pensule scufundate \u00een culori, chipuri fericite de copii. A \u00een\u021beles c\u0103 vocea nu poate fi ascuns\u0103, pentru c\u0103 face parte din tine.<\/p>\n\n\n\n<p>Zilele urm\u0103toare au fost \u00eenceputul drumului ei spre sine \u00eens\u0103\u0219i. A re\u00eenceput s\u0103 ia pensulele. Picta tot ceea ce sim\u021bea \u2014 durere, speran\u021b\u0103, iertare.<\/p>\n\n\n\n<p>Cu ajutorul lui Alexei \u0219i al unor noi cuno\u0219tin\u021be a \u00eenceput din nou s\u0103 vorbeasc\u0103 \u2014 prin culori, prin muzic\u0103, printr-un z\u00e2mbet u\u0219or.<\/p>\n\n\n\n<p>Una dintre primele ei lucr\u0103ri era o p\u00e2nz\u0103 \u00een care o raz\u0103 de soare str\u0103pungea norii \u00eentuneca\u021bi. Acel tablou i-a inspirat pe to\u021bi colegii.<\/p>\n\n\n\n<p>Vocea ei era \u00eenc\u0103 timid\u0103, dar \u00een fiecare zi devenea mai sigur\u0103. Cristina a \u00een\u021beles c\u0103, uneori, pentru a te reg\u0103si, trebuie s\u0103 treci printr-o t\u0103cere deplin\u0103.<\/p>\n\n\n\n<p>Acum \u0219tia c\u0103&nbsp;<strong>cuvintele, arta \u0219i iubirea pot reda via\u021ba<\/strong>. Totul a \u00eenceput de la un singur cuv\u00e2nt \u2014 \u00abmul\u021bumesc\u00bb.<\/p>\n\n\n\n<p>Timpul a trecut. A predat din nou, a creat, a ajutat al\u021bi oameni.<\/p>\n\n\n\n<p>Banca a organizat o expozi\u021bie cu lucr\u0103rile ei. Oamenii vedeau \u00een ele for\u021ba n\u0103scut\u0103 din durere.<\/p>\n\n\n\n<p>\u00cempreun\u0103 cu Alexei, Cristina a fondat o asocia\u021bie pentru a ajuta pe cei afla\u021bi \u00een situa\u021bii grele. Pentru c\u0103 nimeni nu trebuie s\u0103 se simt\u0103 uitat.<\/p>\n\n\n\n<p><em>Aceast\u0103 lucrare este inspirat\u0103 din evenimente \u0219i persoane reale, \u00eens\u0103 a fost fic\u021bionalizat\u0103 \u00een scopuri creative. Numele, personajele \u0219i detaliile au fost schimbate pentru a proteja intimitatea \u0219i pentru a \u00eembun\u0103t\u0103\u021bi nara\u021biunea. Orice asem\u0103nare cu persoane reale, \u00een via\u021b\u0103 sau decedate, sau cu evenimente reale este pur \u00eent\u00e2mpl\u0103toare \u0219i nu este inten\u021bionat\u0103 de c\u0103tre autor.<\/em><\/p>\n\n\n\n<p><em>Autorul \u0219i editorul nu \u00ee\u0219i asum\u0103 responsabilitatea pentru exactitatea evenimentelor sau pentru modul \u00een care sunt portretizate personajele \u0219i nu sunt r\u0103spunz\u0103tori pentru eventuale interpret\u0103ri gre\u0219ite. Aceast\u0103 poveste este oferit\u0103 \u201eca atare\u201d, iar orice opinii exprimate apar\u021bin personajelor \u0219i nu reflect\u0103 punctele de vedere ale autorului sau ale editorului.<\/em><\/p>\n","protected":false},"excerpt":{"rendered":"<p>\u00a0Timp de trei ani nu a rostit niciun cuv\u00e2nt \u2014 p\u00e2n\u0103 \u00een ziua \u00een care un necunoscut a intrat \u00een banc\u0103 \u0219i s-a aplecat \u00een<\/p>\n","protected":false},"author":1,"featured_media":40939,"comment_status":"closed","ping_status":"closed","sticky":false,"template":"","format":"standard","meta":[],"categories":[1],"tags":[],"_links":{"self":[{"href":"https:\/\/calatorinromania.com\/index.php?rest_route=\/wp\/v2\/posts\/41422"}],"collection":[{"href":"https:\/\/calatorinromania.com\/index.php?rest_route=\/wp\/v2\/posts"}],"about":[{"href":"https:\/\/calatorinromania.com\/index.php?rest_route=\/wp\/v2\/types\/post"}],"author":[{"embeddable":true,"href":"https:\/\/calatorinromania.com\/index.php?rest_route=\/wp\/v2\/users\/1"}],"replies":[{"embeddable":true,"href":"https:\/\/calatorinromania.com\/index.php?rest_route=%2Fwp%2Fv2%2Fcomments&post=41422"}],"version-history":[{"count":1,"href":"https:\/\/calatorinromania.com\/index.php?rest_route=\/wp\/v2\/posts\/41422\/revisions"}],"predecessor-version":[{"id":41423,"href":"https:\/\/calatorinromania.com\/index.php?rest_route=\/wp\/v2\/posts\/41422\/revisions\/41423"}],"wp:featuredmedia":[{"embeddable":true,"href":"https:\/\/calatorinromania.com\/index.php?rest_route=\/wp\/v2\/media\/40939"}],"wp:attachment":[{"href":"https:\/\/calatorinromania.com\/index.php?rest_route=%2Fwp%2Fv2%2Fmedia&parent=41422"}],"wp:term":[{"taxonomy":"category","embeddable":true,"href":"https:\/\/calatorinromania.com\/index.php?rest_route=%2Fwp%2Fv2%2Fcategories&post=41422"},{"taxonomy":"post_tag","embeddable":true,"href":"https:\/\/calatorinromania.com\/index.php?rest_route=%2Fwp%2Fv2%2Ftags&post=41422"}],"curies":[{"name":"wp","href":"https:\/\/api.w.org\/{rel}","templated":true}]}}