{"id":41420,"date":"2025-08-25T11:48:15","date_gmt":"2025-08-25T11:48:15","guid":{"rendered":"https:\/\/calatorinromania.com\/?p=41420"},"modified":"2025-08-25T11:48:15","modified_gmt":"2025-08-25T11:48:15","slug":"la-aniversarea-nuntii-de-aur-sotul-a-declarat-nu-te-am-iubit-in-acesti-50-de-ani-2","status":"publish","type":"post","link":"https:\/\/calatorinromania.com\/?p=41420","title":{"rendered":"La aniversarea nun\u021bii de aur, so\u021bul a declarat: \u201eNu te-am iubit \u00een ace\u0219ti 50 de ani.\u201d"},"content":{"rendered":"\n<p>Dup\u0103 acel moment, parc\u0103 \u00eentreaga \u00eenc\u0103pere devenise mai cald\u0103, mai uman\u0103. Emo\u021biile sincere \u00eei aduseser\u0103 pe to\u021bi mai aproape, ca \u0219i cum acel \u201enu te-am iubit\u201d era de fapt cea mai profund\u0103 declara\u021bie de dragoste.<\/p>\n\n\n\n<p><\/p>\n\n\n\n<p>Valentina se ridic\u0103 \u00eencet de pe scaun. Nu mai era timid\u0103. \u0218i-a \u0219ters lacrimile, \u0219i-a \u00eendreptat spatele \u0219i \u0219i-a privit b\u0103rbatul. Timp de o clip\u0103, to\u021bi a\u0219teptau \u00een t\u0103cere ce va spune.<\/p>\n\n\n\n<p><\/p>\n\n\n\n<p>\u2014 Mihai\u2026 Dac\u0103 tu nu m-ai iubit, atunci nici eu nu te-am iubit.<\/p>\n\n\n\n<p><br>Pauz\u0103. O rumoare \u00eencepu s\u0103 se aud\u0103 \u00een sal\u0103, dar ea ridic\u0103 m\u00e2na \u0219i continu\u0103.<\/p>\n\n\n\n<p><\/p>\n\n\n\n<p>\u2014 Eu nu l-am iubit pe b\u0103rbatul cu paltonul gri care m-a invitat la ceai \u00een gar\u0103, \u00eentr-o iarn\u0103 geroas\u0103. L-am iubit pe cel care s-a \u00eentors \u00een aceea\u0219i sear\u0103, cu m\u0103nu\u0219i pentru m\u00e2inile mele \u00eenghe\u021bate. Nu l-am iubit pe t\u00e2n\u0103rul care se certa cu tata c\u0103 nu sunt destul de bun\u0103 pentru el. L-am iubit pe cel care a stat cu mine toat\u0103 noaptea c\u00e2nd am pierdut primul copil.<\/p>\n\n\n\n<p><\/p>\n\n\n\n<p>A t\u0103cut c\u00e2teva secunde, apoi \u0219i-a l\u0103sat palma peste pieptul lui Mihai.<\/p>\n\n\n\n<p><\/p>\n\n\n\n<p>\u2014 Nici eu nu te-am iubit. Dar te-am ales \u00een fiecare diminea\u021b\u0103. \u021ai-am \u00eenc\u0103lzit supa. \u021ai-am cusut nasturii. \u021ai-am \u021binut m\u00e2na la toate \u00eenmorm\u00e2nt\u0103rile, la toate bucuriile, la toate fricile. \u0218i da, am iubit omul care m-a f\u0103cut s\u0103 r\u00e2d, chiar \u0219i c\u00e2nd pl\u00e2ngeam.<\/p>\n\n\n\n<p><\/p>\n\n\n\n<p>Toat\u0103 lumea pl\u00e2ngea acum. Chiar \u0219i cei care nu pl\u00e2ng niciodat\u0103.<\/p>\n\n\n\n<p><\/p>\n\n\n\n<p>Nepotul cel mic, David, a ridicat un pahar de suc \u0219i a spus st\u00e2ngaci:<\/p>\n\n\n\n<p><br>\u2014 Eu cred c\u0103 a\u0219a arat\u0103 dragostea adev\u0103rat\u0103!<\/p>\n\n\n\n<p><\/p>\n\n\n\n<p>Toat\u0103 sala a izbucnit \u00een r\u00e2s, un r\u00e2s plin de lacrimi.<\/p>\n\n\n\n<p><\/p>\n\n\n\n<p>A fost cel mai sincer \u0219i mai dureros \u201enu te-am iubit\u201d din via\u021ba lor \u2014 dar a fost de fapt dovada unei iubiri care a \u00eenvins totul: timpul, rutina, greut\u0103\u021bile, schimb\u0103rile.<\/p>\n\n\n\n<p><\/p>\n\n\n\n<p>Dup\u0103 petrecere, c\u00e2nd to\u021bi au plecat \u0219i casa a r\u0103mas goal\u0103, Mihai \u0219i Valentina s-au a\u0219ezat pe canapeaua din sufragerie.<\/p>\n\n\n\n<p><\/p>\n\n\n\n<p>\u2014 \u021ai-am zis vreodat\u0103 c\u0103 e\u0219ti mai frumoas\u0103 acum dec\u00e2t \u00een ziua nun\u021bii?<br>\u2014 Nu. Dar nu-i nimic. \u0218tiu.<\/p>\n\n\n\n<p>\u0218i-au \u021binut m\u00e2inile str\u00e2ns, f\u0103r\u0103 cuvinte. N-au mai fost nevoi\u021bi s\u0103 spun\u0103 nimic. Pentru c\u0103 ceea ce sim\u021beau nu mai avea nevoie de declara\u021bii. Doar de lini\u0219te.<\/p>\n\n\n\n<p>Lini\u0219tea celor care, \u00eentr-o via\u021b\u0103 \u00eentreag\u0103, \u201enu s-au iubit\u201d \u2014 ci s-au ales. \u00cen fiecare zi.<\/p>\n\n\n\n<p><em>Aceast\u0103 lucrare este inspirat\u0103 din evenimente \u0219i persoane reale, \u00eens\u0103 a fost fic\u021bionalizat\u0103 \u00een scopuri creative. Numele, personajele \u0219i detaliile au fost schimbate pentru a proteja intimitatea \u0219i pentru a \u00eembun\u0103t\u0103\u021bi nara\u021biunea. Orice asem\u0103nare cu persoane reale, \u00een via\u021b\u0103 sau decedate, sau cu evenimente reale este pur \u00eent\u00e2mpl\u0103toare \u0219i nu este inten\u021bionat\u0103 de c\u0103tre autor.<\/em><\/p>\n\n\n\n<p><em>Autorul \u0219i editorul nu \u00ee\u0219i asum\u0103 responsabilitatea pentru exactitatea evenimentelor sau pentru modul \u00een care sunt portretizate personajele \u0219i nu sunt r\u0103spunz\u0103tori pentru eventuale interpret\u0103ri gre\u0219ite. Aceast\u0103 poveste este oferit\u0103 \u201eca atare\u201d, iar orice opinii exprimate apar\u021bin personajelor \u0219i nu reflect\u0103 punctele de vedere ale autorului sau ale editorului.<\/em><\/p>\n","protected":false},"excerpt":{"rendered":"<p>Dup\u0103 acel moment, parc\u0103 \u00eentreaga \u00eenc\u0103pere devenise mai cald\u0103, mai uman\u0103. Emo\u021biile sincere \u00eei aduseser\u0103 pe to\u021bi mai aproape, ca \u0219i cum acel \u201enu te-am<\/p>\n","protected":false},"author":1,"featured_media":40939,"comment_status":"closed","ping_status":"closed","sticky":false,"template":"","format":"standard","meta":[],"categories":[1],"tags":[],"_links":{"self":[{"href":"https:\/\/calatorinromania.com\/index.php?rest_route=\/wp\/v2\/posts\/41420"}],"collection":[{"href":"https:\/\/calatorinromania.com\/index.php?rest_route=\/wp\/v2\/posts"}],"about":[{"href":"https:\/\/calatorinromania.com\/index.php?rest_route=\/wp\/v2\/types\/post"}],"author":[{"embeddable":true,"href":"https:\/\/calatorinromania.com\/index.php?rest_route=\/wp\/v2\/users\/1"}],"replies":[{"embeddable":true,"href":"https:\/\/calatorinromania.com\/index.php?rest_route=%2Fwp%2Fv2%2Fcomments&post=41420"}],"version-history":[{"count":1,"href":"https:\/\/calatorinromania.com\/index.php?rest_route=\/wp\/v2\/posts\/41420\/revisions"}],"predecessor-version":[{"id":41421,"href":"https:\/\/calatorinromania.com\/index.php?rest_route=\/wp\/v2\/posts\/41420\/revisions\/41421"}],"wp:featuredmedia":[{"embeddable":true,"href":"https:\/\/calatorinromania.com\/index.php?rest_route=\/wp\/v2\/media\/40939"}],"wp:attachment":[{"href":"https:\/\/calatorinromania.com\/index.php?rest_route=%2Fwp%2Fv2%2Fmedia&parent=41420"}],"wp:term":[{"taxonomy":"category","embeddable":true,"href":"https:\/\/calatorinromania.com\/index.php?rest_route=%2Fwp%2Fv2%2Fcategories&post=41420"},{"taxonomy":"post_tag","embeddable":true,"href":"https:\/\/calatorinromania.com\/index.php?rest_route=%2Fwp%2Fv2%2Ftags&post=41420"}],"curies":[{"name":"wp","href":"https:\/\/api.w.org\/{rel}","templated":true}]}}