{"id":41416,"date":"2025-08-25T10:51:21","date_gmt":"2025-08-25T10:51:21","guid":{"rendered":"https:\/\/calatorinromania.com\/?p=41416"},"modified":"2025-08-25T10:51:21","modified_gmt":"2025-08-25T10:51:21","slug":"nu-mi-am-dorit-niciodata-sa-atrag-toate-privirile-2","status":"publish","type":"post","link":"https:\/\/calatorinromania.com\/?p=41416","title":{"rendered":"Nu mi-am dorit niciodat\u0103 s\u0103 atrag toate privirile"},"content":{"rendered":"\n<p>Am pornit devreme spre pia\u021b\u0103, cu e\u0219arfa legat\u0103 la g\u00e2t \u0219i capul sus. Aerul de var\u0103 mirosea a pepeni \u0219i busuioc, iar pa\u0219ii mei aveau o alt\u0103 greutate. Nu mai eram doar o bunic\u0103. Eram o femeie care tocmai \u00ee\u0219i amintise cine este.<\/p>\n\n\n\n<p><\/p>\n\n\n\n<p>Pe drum, m-am oprit la o croitoreas\u0103 din cartier, tanti Ileana, care f\u0103cea minuni cu acul. Mi-am dorit o rochie u\u0219oar\u0103, cu flori mari, ca acelea pe care le purtam c\u00e2nd eram fat\u0103 la balurile din sat. Rochia trebuia s\u0103 spun\u0103 ceva: \u201e\u00cenc\u0103 tr\u0103iesc. \u0218i nu am de g\u00e2nd s\u0103 m\u0103 ascund.\u201d<\/p>\n\n\n\n<p><\/p>\n\n\n\n<p>Dou\u0103 zile mai t\u00e2rziu, \u00een weekend, toat\u0103 familia a venit la noi. Era ziua de nume a so\u021bului meu, iar curtea mirosea a gr\u0103tar \u0219i a turt\u0103 dulce. Eu purtam rochia nou\u0103. Rochia aceea care nu acoperea tot, dar nici nu expunea. Pur \u0219i simplu, m\u0103 cuprindea a\u0219a cum sunt \u2013 \u00eentre demnitate \u0219i feminitate.<\/p>\n\n\n\n<p><\/p>\n\n\n\n<p>Andi, nora, a venit ultima. A cobor\u00e2t din ma\u0219in\u0103, \u0219i-a a\u0219ezat geanta pe um\u0103r \u0219i, c\u00e2nd m-a v\u0103zut, a \u00eencremenit o clip\u0103. A z\u00e2mbit scurt, dar nu a spus nimic. Eu \u00eens\u0103 da.<\/p>\n\n\n\n<p><\/p>\n\n\n\n<p>\u2014 Bun\u0103, Andi. Ai v\u0103zut fotografia aceea de la mare? \u00ce\u021bi mul\u021bumesc c\u0103 mi-ai reamintit cine sunt.<\/p>\n\n\n\n<p><\/p>\n\n\n\n<p>A clipit, surprins\u0103. Nu \u0219tia dac\u0103 glumesc sau o cert. Nici eu nu \u0219tiam exact ce simt. Doar c\u0103 nu voiam s\u0103 mai tac.<\/p>\n\n\n\n<p><\/p>\n\n\n\n<p>\u2014 \u0218tii, la \u021bar\u0103, mama mea spunea mereu c\u0103 femeile nu \u00eemb\u0103tr\u00e2nesc. Doar prind r\u0103d\u0103cini mai ad\u00e2nci. O femeie trecut\u0103 prin via\u021b\u0103 nu trebuie s\u0103-\u0219i ascund\u0103 pielea, ridurile sau z\u00e2mbetul. Ele sunt dovada c\u0103 a iubit, a pl\u00e2ns, a iertat \u0219i a dus poveri. Iar dac\u0103 o poz\u0103 \u00een costum de baie te face s\u0103 r\u00e2zi, poate nu pielea e problema, ci ochiul care o prive\u0219te.<\/p>\n\n\n\n<p><\/p>\n\n\n\n<p>A t\u0103cut. A l\u0103sat privirea \u00een jos. Fiul meu \u2013 so\u021bul ei \u2013 era \u00een spatele ei, t\u0103cut. Pentru prima dat\u0103, l-am v\u0103zut ru\u0219inat.<\/p>\n\n\n\n<p><\/p>\n\n\n\n<p>\u2014 \u00cemi pare r\u0103u, a murmurat ea. Am glumit proste\u0219te\u2026<\/p>\n\n\n\n<p><\/p>\n\n\n\n<p>Am \u00eenclinat capul. Nu eram acolo s\u0103 o umilesc. Doar s\u0103 o trezesc. Pentru c\u0103 \u00eentr-o zi \u0219i ea va fi \u00een pielea mea. Iar atunci, poate \u00ee\u0219i va aminti c\u0103 a avut o soacr\u0103 care n-a t\u0103cut.<\/p>\n\n\n\n<p><\/p>\n\n\n\n<p>Seara, nepo\u021bica mea s-a a\u0219ezat l\u00e2ng\u0103 mine pe banc\u0103.<\/p>\n\n\n\n<p>\u2014 Bunico, e\u0219ti cea mai frumoas\u0103 b\u0103tr\u00e2n\u0103 din lume, mi-a spus.<\/p>\n\n\n\n<p>Am r\u00e2s. Nu pentru c\u0103 era adev\u0103rat. Ci pentru c\u0103, \u00een sf\u00e2r\u0219it, \u00een ochii cuiva, nu eram ascuns\u0103.<\/p>\n\n\n\n<p>De a doua zi, mi-am reluat tabieturile cu mai mult curaj. Am mers la piscin\u0103 cu vecinele, mi-am vopsit p\u0103rul, am \u00eenceput s\u0103 port ruj din nou. Nu ca s\u0103 impresionez. Ci ca s\u0103 m\u0103 reg\u0103sesc.<\/p>\n\n\n\n<p>\u0218i da, am pus acea fotografie de la mare pe profilul meu. Cu un mesaj simplu:<\/p>\n\n\n\n<p><strong>\u201eO femeie nu se retrage din lume. Ea se ridic\u0103 \u00een fa\u021ba lui, cu tot ce este.\u201d<\/strong><\/p>\n\n\n\n<p>\u00centr-o or\u0103, avea peste 200 de reac\u021bii. Inclusiv de la Andi. Cu un comentariu care mi-a adus lacrimi \u00een ochi:<\/p>\n\n\n\n<p><strong>\u201eAm judecat prea repede. \u00ce\u021bi mul\u021bumesc c\u0103 mi-ai ar\u0103tat ce \u00eenseamn\u0103 s\u0103 fii cu adev\u0103rat femeie.\u201d<\/strong><\/p>\n\n\n\n<p>Am \u00een\u021beles atunci c\u0103 fiecare genera\u021bie are lec\u021biile ei. Dar demnitatea\u2026 demnitatea se \u00eenva\u021b\u0103 privind \u00een ochi pe cineva care refuz\u0103 s\u0103 se sting\u0103 \u00een t\u0103cere.<\/p>\n\n\n\n<p><em>Aceast\u0103 lucrare este inspirat\u0103 din evenimente \u0219i persoane reale, \u00eens\u0103 a fost fic\u021bionalizat\u0103 \u00een scopuri creative. Numele, personajele \u0219i detaliile au fost schimbate pentru a proteja intimitatea \u0219i pentru a \u00eembun\u0103t\u0103\u021bi nara\u021biunea. Orice asem\u0103nare cu persoane reale, \u00een via\u021b\u0103 sau decedate, sau cu evenimente reale este pur \u00eent\u00e2mpl\u0103toare \u0219i nu este inten\u021bionat\u0103 de c\u0103tre autor.<\/em><\/p>\n\n\n\n<p><em>Autorul \u0219i editorul nu \u00ee\u0219i asum\u0103 responsabilitatea pentru exactitatea evenimentelor sau pentru modul \u00een care sunt portretizate personajele \u0219i nu sunt r\u0103spunz\u0103tori pentru eventuale interpret\u0103ri gre\u0219ite. Aceast\u0103 poveste este oferit\u0103 \u201eca atare\u201d, iar orice opinii exprimate apar\u021bin personajelor \u0219i nu reflect\u0103 punctele de vedere ale autorului sau ale editorului.<\/em><\/p>\n","protected":false},"excerpt":{"rendered":"<p>Am pornit devreme spre pia\u021b\u0103, cu e\u0219arfa legat\u0103 la g\u00e2t \u0219i capul sus. Aerul de var\u0103 mirosea a pepeni \u0219i busuioc, iar pa\u0219ii mei aveau<\/p>\n","protected":false},"author":1,"featured_media":40939,"comment_status":"closed","ping_status":"closed","sticky":false,"template":"","format":"standard","meta":[],"categories":[1],"tags":[],"_links":{"self":[{"href":"https:\/\/calatorinromania.com\/index.php?rest_route=\/wp\/v2\/posts\/41416"}],"collection":[{"href":"https:\/\/calatorinromania.com\/index.php?rest_route=\/wp\/v2\/posts"}],"about":[{"href":"https:\/\/calatorinromania.com\/index.php?rest_route=\/wp\/v2\/types\/post"}],"author":[{"embeddable":true,"href":"https:\/\/calatorinromania.com\/index.php?rest_route=\/wp\/v2\/users\/1"}],"replies":[{"embeddable":true,"href":"https:\/\/calatorinromania.com\/index.php?rest_route=%2Fwp%2Fv2%2Fcomments&post=41416"}],"version-history":[{"count":1,"href":"https:\/\/calatorinromania.com\/index.php?rest_route=\/wp\/v2\/posts\/41416\/revisions"}],"predecessor-version":[{"id":41417,"href":"https:\/\/calatorinromania.com\/index.php?rest_route=\/wp\/v2\/posts\/41416\/revisions\/41417"}],"wp:featuredmedia":[{"embeddable":true,"href":"https:\/\/calatorinromania.com\/index.php?rest_route=\/wp\/v2\/media\/40939"}],"wp:attachment":[{"href":"https:\/\/calatorinromania.com\/index.php?rest_route=%2Fwp%2Fv2%2Fmedia&parent=41416"}],"wp:term":[{"taxonomy":"category","embeddable":true,"href":"https:\/\/calatorinromania.com\/index.php?rest_route=%2Fwp%2Fv2%2Fcategories&post=41416"},{"taxonomy":"post_tag","embeddable":true,"href":"https:\/\/calatorinromania.com\/index.php?rest_route=%2Fwp%2Fv2%2Ftags&post=41416"}],"curies":[{"name":"wp","href":"https:\/\/api.w.org\/{rel}","templated":true}]}}