{"id":41414,"date":"2025-08-25T10:48:26","date_gmt":"2025-08-25T10:48:26","guid":{"rendered":"https:\/\/calatorinromania.com\/?p=41414"},"modified":"2025-08-25T10:48:27","modified_gmt":"2025-08-25T10:48:27","slug":"nu-te-voi-duce-acolo-vor-fi-oameni-decenti-nu-de-nivelul-tau-2","status":"publish","type":"post","link":"https:\/\/calatorinromania.com\/?p=41414","title":{"rendered":"\u201eNu te voi duce acolo \u2014 vor fi oameni decen\u021bi, nu de nivelul t\u0103u\u201d"},"content":{"rendered":"\n<p>\u201eBine\u201d, am spus lini\u0219tit\u0103. \u201eDistrac\u021bie pl\u0103cut\u0103.\u201d<\/p>\n\n\n\n<p><\/p>\n\n\n\n<p>Diminea\u021ba a plecat euforic. Eu mi-am luat o rochie nou\u0103 Dior \u2014 albastru \u00eenchis, elegant\u0103, cambrat\u0103, dar re\u021binut\u0103. Machiajul \u0219i coafura \u2014 perfecte. Oglinda reflecta o nou\u0103 versiune a mea: sigur\u0103, str\u0103lucitoare, puternic\u0103.<\/p>\n\n\n\n<p><\/p>\n\n\n\n<p>La restaurantul de lux, Mihail Petrovici m-a \u00eent\u00e2mpinat.<\/p>\n\n\n\n<p><\/p>\n\n\n\n<p>\u201eAnna Sergheevna, ce onoare.\u201d<\/p>\n\n\n\n<p><\/p>\n\n\n\n<p>\u201eMul\u021bumesc. Gata s\u0103 discut\u0103m despre planurile viitoare.\u201d<\/p>\n\n\n\n<p><\/p>\n\n\n\n<p>\u00cen\u0103untru, sala vibra de costume \u0219i rochii spectaculoase. Afaceri discutate cu c\u0103ldur\u0103 \u00een timp ce cuno\u0219team liderii. Unii \u0219opteau deja c\u0103 sunt noua proprietar\u0103, de\u0219i nu fusese anun\u021bat oficial.<\/p>\n\n\n\n<p><\/p>\n\n\n\n<p>\u0218i atunci a ap\u0103rut el \u2014 Dmitri, impecabil, \u00een cel mai bun costum, cu tunsoare proasp\u0103t\u0103, eman\u00e2nd siguran\u021b\u0103. Ochii lui scrutau mul\u021bimea.<\/p>\n\n\n\n<p><\/p>\n\n\n\n<p>Ne-am privit. Confuzie. Apoi furie. S-a repezit.<\/p>\n\n\n\n<p>\u201eCe cau\u021bi aici?\u201d mi-a \u0219optit la ureche. \u201e\u021ai-am spus c\u0103 locul \u0103sta nu e pentru tine.\u201d<\/p>\n\n\n\n<p>\u201eBun\u0103 seara, Dima\u201d, am spus rece.<\/p>\n\n\n\n<p>\u201ePleac\u0103! Acum! M\u0103 faci de r\u00e2s\u201d, vocea lui cobor\u00e2t\u0103, dar veninoas\u0103. \u201e\u0218i ce-i cu \u0103sta? Tot una din zdren\u021bele tale de \u0219oricel cu care m\u0103 ironizezi?\u2026\u201d<\/p>\n\n\n\n<p>\u2026Dar n-am apucat s\u0103-i r\u0103spund. Un b\u0103rbat \u00een v\u00e2rst\u0103, cu un pahar de vin ro\u0219u \u00een m\u00e2n\u0103 \u0219i insigna de vicepre\u0219edinte pe sacou, s-a apropiat z\u00e2mbind larg.<\/p>\n\n\n\n<p>\u201eDomni\u0219oara Volkov, tocmai discutam despre strategia de redresare financiar\u0103. Ce bine c\u0103 a\u021bi sosit. Dmitri, presupun c\u0103 deja ai felicitat-o pentru pozi\u021bia ei?\u201d<\/p>\n\n\n\n<p>Am \u00eentors u\u0219or capul spre Dmitri. Privirea i s-a golit. A clipit de c\u00e2teva ori.<\/p>\n\n\n\n<p>\u201ePo\u2026 Pozi\u021bia ei?\u201d<\/p>\n\n\n\n<p>\u201eAh, nu \u0219tia?\u201d a intervenit vicepre\u0219edintele, ne\u0219tiind c\u00e2t de mult adev\u0103r turna \u00een vinul acela. \u201eEi bine, se pare c\u0103 ai lipsit de la ultimele \u0219edin\u021be importante. Anna este noua proprietar\u0103 majoritar\u0103 a fondului nostru \u0219i, implicit, a TradeInvest. Am fost anun\u021ba\u021bi azi.\u201d<\/p>\n\n\n\n<p>Dmitri p\u0103rea s\u0103 nu mai aib\u0103 oxigen. Buzele lui s-au mi\u0219cat f\u0103r\u0103 sunet. L-am privit cu aceea\u0219i lini\u0219te cu care prive\u0219ti un om care \u021bi-a \u00eenchis u\u0219a \u00een nas, dar c\u0103ruia i-ai cump\u0103rat casa \u00eentre timp.<\/p>\n\n\n\n<p>\u201eScuz\u0103-m\u0103\u201d, am spus calm. \u201eAr trebui s\u0103 m\u0103 al\u0103tur celor din consiliu.\u201d<\/p>\n\n\n\n<p>L-am l\u0103sat acolo, \u00eentre paharele de cristal \u0219i ru\u0219inea care \u00eencepea s\u0103-i curg\u0103 pe gulerul scrobit.<\/p>\n\n\n\n<hr class=\"wp-block-separator has-alpha-channel-opacity\"\/>\n\n\n\n<p>Seara a fost un succes. Planul de reorganizare a companiei a fost aprobat. Am anun\u021bat public inten\u021bia de a conduce direct restructurarea, iar pentru prima dat\u0103 \u00een via\u021b\u0103, eram ascultat\u0103, nu tolerat\u0103.<\/p>\n\n\n\n<p>A doua zi, Dmitri m-a a\u0219teptat \u00een buc\u0103t\u0103rie. Cu cearc\u0103ne, f\u0103r\u0103 ceas elve\u021bian. Avea \u00een m\u00e2n\u0103 o cafea pe care i-o f\u0103ceam mereu eu.<\/p>\n\n\n\n<p>\u201eAnna\u2026 putem vorbi?\u201d<\/p>\n\n\n\n<p>\u201ePo\u021bi \u00eencepe cu demisia.\u201d<\/p>\n\n\n\n<p>Nu a mai zis nimic. Doar a \u00eencuviin\u021bat cu capul, \u00eenvins.<\/p>\n\n\n\n<p>L-am privit ie\u0219ind pe u\u0219\u0103. F\u0103r\u0103 ma\u0219in\u0103 luxoas\u0103. F\u0103r\u0103 aerul lui superior. Doar un b\u0103rbat care a uitat c\u0103 uneori, \u0219oricelul gri e de fapt leul \u00een piele de oaie.<\/p>\n\n\n\n<p>\u00cen acea zi, mi-am amintit de vorbele bunicii mele de la \u021bar\u0103:<br>\u201eFata bun\u0103 se vede la vreme rea. Da\u2019 \u0219i la vreme bun\u0103\u2026 se ridic\u0103.\u201d<\/p>\n\n\n\n<p><em>Aceast\u0103 lucrare este inspirat\u0103 din evenimente \u0219i persoane reale, \u00eens\u0103 a fost fic\u021bionalizat\u0103 \u00een scopuri creative. Numele, personajele \u0219i detaliile au fost schimbate pentru a proteja intimitatea \u0219i pentru a \u00eembun\u0103t\u0103\u021bi nara\u021biunea. Orice asem\u0103nare cu persoane reale, \u00een via\u021b\u0103 sau decedate, sau cu evenimente reale este pur \u00eent\u00e2mpl\u0103toare \u0219i nu este inten\u021bionat\u0103 de c\u0103tre autor.<\/em><\/p>\n\n\n\n<p><em>Autorul \u0219i editorul nu \u00ee\u0219i asum\u0103 responsabilitatea pentru exactitatea evenimentelor sau pentru modul \u00een care sunt portretizate personajele \u0219i nu sunt r\u0103spunz\u0103tori pentru eventuale interpret\u0103ri gre\u0219ite. Aceast\u0103 poveste este oferit\u0103 \u201eca atare\u201d, iar orice opinii exprimate apar\u021bin personajelor \u0219i nu reflect\u0103 punctele de vedere ale autorului sau ale editorului.<\/em><\/p>\n","protected":false},"excerpt":{"rendered":"<p>\u201eBine\u201d, am spus lini\u0219tit\u0103. \u201eDistrac\u021bie pl\u0103cut\u0103.\u201d Diminea\u021ba a plecat euforic. Eu mi-am luat o rochie nou\u0103 Dior \u2014 albastru \u00eenchis, elegant\u0103, cambrat\u0103, dar re\u021binut\u0103. Machiajul<\/p>\n","protected":false},"author":1,"featured_media":40939,"comment_status":"closed","ping_status":"closed","sticky":false,"template":"","format":"standard","meta":[],"categories":[1],"tags":[],"_links":{"self":[{"href":"https:\/\/calatorinromania.com\/index.php?rest_route=\/wp\/v2\/posts\/41414"}],"collection":[{"href":"https:\/\/calatorinromania.com\/index.php?rest_route=\/wp\/v2\/posts"}],"about":[{"href":"https:\/\/calatorinromania.com\/index.php?rest_route=\/wp\/v2\/types\/post"}],"author":[{"embeddable":true,"href":"https:\/\/calatorinromania.com\/index.php?rest_route=\/wp\/v2\/users\/1"}],"replies":[{"embeddable":true,"href":"https:\/\/calatorinromania.com\/index.php?rest_route=%2Fwp%2Fv2%2Fcomments&post=41414"}],"version-history":[{"count":1,"href":"https:\/\/calatorinromania.com\/index.php?rest_route=\/wp\/v2\/posts\/41414\/revisions"}],"predecessor-version":[{"id":41415,"href":"https:\/\/calatorinromania.com\/index.php?rest_route=\/wp\/v2\/posts\/41414\/revisions\/41415"}],"wp:featuredmedia":[{"embeddable":true,"href":"https:\/\/calatorinromania.com\/index.php?rest_route=\/wp\/v2\/media\/40939"}],"wp:attachment":[{"href":"https:\/\/calatorinromania.com\/index.php?rest_route=%2Fwp%2Fv2%2Fmedia&parent=41414"}],"wp:term":[{"taxonomy":"category","embeddable":true,"href":"https:\/\/calatorinromania.com\/index.php?rest_route=%2Fwp%2Fv2%2Fcategories&post=41414"},{"taxonomy":"post_tag","embeddable":true,"href":"https:\/\/calatorinromania.com\/index.php?rest_route=%2Fwp%2Fv2%2Ftags&post=41414"}],"curies":[{"name":"wp","href":"https:\/\/api.w.org\/{rel}","templated":true}]}}