{"id":41412,"date":"2025-08-25T10:46:05","date_gmt":"2025-08-25T10:46:05","guid":{"rendered":"https:\/\/calatorinromania.com\/?p=41412"},"modified":"2025-08-25T10:46:05","modified_gmt":"2025-08-25T10:46:05","slug":"la-inmormantarea-tatalui-ei-o-fetita-a-soptit-tati-doar-doarme-2","status":"publish","type":"post","link":"https:\/\/calatorinromania.com\/?p=41412","title":{"rendered":"LA \u00ceNMORM\u00c2NTAREA TAT\u0102LUI EI, O FETI\u021a\u0102 A \u0218OPTIT \u201eTATI DOAR DOARME\u201d"},"content":{"rendered":"\n<p>O femeie din r\u00e2ndurile din spate a sc\u0103pat un oftat prelung \u0219i \u0219i-a f\u0103cut cruce. O b\u0103tr\u00e2n\u0103 a murmurit: \u201eDoamne ap\u0103r\u0103-ne\u2026\u201d Preotul a r\u0103mas cu slujba neterminat\u0103, cu ochii mari \u0219i Biblia \u00een m\u00e2ini.<\/p>\n\n\n\n<p><\/p>\n\n\n\n<p>Mama fetei, \u00eencremenit\u0103, a \u00eencercat s-o lini\u0219teasc\u0103. Dar copila se zb\u0103tea, cu lacrimi \u0219iroind pe obraji, strig\u00e2nd din nou:<\/p>\n\n\n\n<p><br>\u2014 A zis c\u0103 e aici! C\u0103 \u00eei e fric\u0103! C\u0103 n-a plecat!<\/p>\n\n\n\n<p><\/p>\n\n\n\n<p>Un murmur a \u00eenceput s\u0103 se aud\u0103 prin capel\u0103. Oamenii \u0219u\u0219oteau. Cineva a ie\u0219it gr\u0103bit afar\u0103.<\/p>\n\n\n\n<p><br>Unchiul b\u0103rbatului decedat, om trecut prin multe, s-a apropiat \u0219i a cerut s\u0103 se deschid\u0103 sicriul. \u2014 Poate\u2026 poate nu s-a dus, a \u0219optit. Poate e\u2026 vreun miracol.<\/p>\n\n\n\n<p><\/p>\n\n\n\n<p>Mul\u021bi au protestat, dar preotul, dup\u0103 o t\u0103cere grea, a dat din cap. \u2014 A\u0219a ceva nu e \u00eent\u00e2mpl\u0103tor. C\u00e2nd un copil spune lucruri\u2026 s\u0103-l ascul\u021bi, zicea bunica mea.<\/p>\n\n\n\n<p><\/p>\n\n\n\n<p>Au deschis capacul, tremur\u00e2nd. Trupul era rece, nemi\u0219cat, cu fa\u021ba \u00eemp\u0103cat\u0103. Dar atunci o femeie din cor a \u021bipat.<\/p>\n\n\n\n<p><br>\u2014 Uita\u021bi-v\u0103 la ochi! S-au mi\u0219cat!<br>Un t\u00e2n\u0103r doctor aflat \u00een mul\u021bime s-a repezit \u0219i a pus dou\u0103 degete la g\u00e2tul b\u0103rbatului. T\u0103cere. Apoi s-a uitat lung la to\u021bi.<br>\u2014 E\u2026 extrem de slab, dar e puls! Repet, are puls!<\/p>\n\n\n\n<p>Timpul s-a oprit. Cineva a c\u0103zut \u00een genunchi. Feti\u021ba z\u00e2mbea printre lacrimi. \u2014 V-am zis\u2026 tati e aici!<\/p>\n\n\n\n<p>Au chemat ambulan\u021ba. Au scos sicriul din biseric\u0103 \u0219i l-au dus la spital \u00een grab\u0103. Medicul care l-a preluat a spus mai t\u00e2rziu c\u0103 fusese \u00eentr-o stare numit\u0103 \u201emoarte aparent\u0103\u201d \u2014 un caz rar, dar real. Activitate vital\u0103 minim\u0103, aproape imposibil de detectat f\u0103r\u0103 aparatur\u0103 specializat\u0103.<\/p>\n\n\n\n<p>Ziarele locale au scris a doua zi despre \u201eminunea de la \u00eenmorm\u00e2ntare\u201d. Unii au spus c\u0103 a fost voia Domnului. Al\u021bii au zis c\u0103 a fost doar \u0219tiin\u021b\u0103. Dar cei care erau acolo\u2026 au sim\u021bit altceva.<\/p>\n\n\n\n<p>Dup\u0103 c\u00e2teva zile, b\u0103rbatul s-a trezit \u00een spital. Sl\u0103bit, dar viu. Iar c\u00e2nd \u0219i-a v\u0103zut feti\u021ba, a pl\u00e2ns.<br>\u2014 Te-am auzit, puiule, a \u0219optit. Eram prins\u2026 \u00een \u00eentuneric. Dar vocea ta\u2026<\/p>\n\n\n\n<p>\u00cen sat, b\u0103tr\u00e2nii \u00eenc\u0103 povestesc \u00eent\u00e2mplarea. La slujbe, p\u0103rintele folose\u0219te mereu acea zi ca pild\u0103:<br>\u2014 C\u00e2nd gura unui copil roste\u0219te adev\u0103rul, s\u0103 nu-l \u00eendoie\u0219ti. Pentru c\u0103 uneori, prin ei vorbe\u0219te ceva mai mare dec\u00e2t noi.<\/p>\n\n\n\n<p>Iar feti\u021ba? A crescut, dar n-a uitat niciodat\u0103. Domnul din pove\u0219tile ei de sear\u0103 nu mai e un prin\u021b sau un supererou.<br>E tat\u0103l ei \u2014 cel care s-a \u00eentors din moarte\u2026 pentru c\u0103 ea a crezut.<\/p>\n\n\n\n<p>Adev\u0103r sau miracol? R\u0103m\u00e2ne de spus.<br>Dar \u00eentr-un col\u021b de Rom\u00e2nie, \u00eentr-o biseric\u0103 simpl\u0103, o fat\u0103 mic\u0103 a reamintit tuturor c\u0103 dragostea nu moare niciodat\u0103.<br>Nici m\u0103car c\u00e2nd trupul se opre\u0219te.<\/p>\n\n\n\n<p><em>Aceast\u0103 lucrare este inspirat\u0103 din evenimente \u0219i persoane reale, \u00eens\u0103 a fost fic\u021bionalizat\u0103 \u00een scopuri creative. Numele, personajele \u0219i detaliile au fost schimbate pentru a proteja intimitatea \u0219i pentru a \u00eembun\u0103t\u0103\u021bi nara\u021biunea. Orice asem\u0103nare cu persoane reale, \u00een via\u021b\u0103 sau decedate, sau cu evenimente reale este pur \u00eent\u00e2mpl\u0103toare \u0219i nu este inten\u021bionat\u0103 de c\u0103tre autor.<\/em><\/p>\n\n\n\n<p><em>Autorul \u0219i editorul nu \u00ee\u0219i asum\u0103 responsabilitatea pentru exactitatea evenimentelor sau pentru modul \u00een care sunt portretizate personajele \u0219i nu sunt r\u0103spunz\u0103tori pentru eventuale interpret\u0103ri gre\u0219ite. Aceast\u0103 poveste este oferit\u0103 \u201eca atare\u201d, iar orice opinii exprimate apar\u021bin personajelor \u0219i nu reflect\u0103 punctele de vedere ale autorului sau ale editorului.<\/em><\/p>\n","protected":false},"excerpt":{"rendered":"<p>O femeie din r\u00e2ndurile din spate a sc\u0103pat un oftat prelung \u0219i \u0219i-a f\u0103cut cruce. O b\u0103tr\u00e2n\u0103 a murmurit: \u201eDoamne ap\u0103r\u0103-ne\u2026\u201d Preotul a r\u0103mas cu<\/p>\n","protected":false},"author":1,"featured_media":40939,"comment_status":"closed","ping_status":"closed","sticky":false,"template":"","format":"standard","meta":[],"categories":[1],"tags":[],"_links":{"self":[{"href":"https:\/\/calatorinromania.com\/index.php?rest_route=\/wp\/v2\/posts\/41412"}],"collection":[{"href":"https:\/\/calatorinromania.com\/index.php?rest_route=\/wp\/v2\/posts"}],"about":[{"href":"https:\/\/calatorinromania.com\/index.php?rest_route=\/wp\/v2\/types\/post"}],"author":[{"embeddable":true,"href":"https:\/\/calatorinromania.com\/index.php?rest_route=\/wp\/v2\/users\/1"}],"replies":[{"embeddable":true,"href":"https:\/\/calatorinromania.com\/index.php?rest_route=%2Fwp%2Fv2%2Fcomments&post=41412"}],"version-history":[{"count":1,"href":"https:\/\/calatorinromania.com\/index.php?rest_route=\/wp\/v2\/posts\/41412\/revisions"}],"predecessor-version":[{"id":41413,"href":"https:\/\/calatorinromania.com\/index.php?rest_route=\/wp\/v2\/posts\/41412\/revisions\/41413"}],"wp:featuredmedia":[{"embeddable":true,"href":"https:\/\/calatorinromania.com\/index.php?rest_route=\/wp\/v2\/media\/40939"}],"wp:attachment":[{"href":"https:\/\/calatorinromania.com\/index.php?rest_route=%2Fwp%2Fv2%2Fmedia&parent=41412"}],"wp:term":[{"taxonomy":"category","embeddable":true,"href":"https:\/\/calatorinromania.com\/index.php?rest_route=%2Fwp%2Fv2%2Fcategories&post=41412"},{"taxonomy":"post_tag","embeddable":true,"href":"https:\/\/calatorinromania.com\/index.php?rest_route=%2Fwp%2Fv2%2Ftags&post=41412"}],"curies":[{"name":"wp","href":"https:\/\/api.w.org\/{rel}","templated":true}]}}