{"id":41410,"date":"2025-08-25T10:43:11","date_gmt":"2025-08-25T10:43:11","guid":{"rendered":"https:\/\/calatorinromania.com\/?p=41410"},"modified":"2025-08-25T10:43:11","modified_gmt":"2025-08-25T10:43:11","slug":"am-lucrat-trei-ani-in-strainatate-trimiteam-bani-surorii-mele-ca-sa-aiba-grija-de-mama","status":"publish","type":"post","link":"https:\/\/calatorinromania.com\/?p=41410","title":{"rendered":"Am lucrat trei ani \u00een str\u0103in\u0103tate, trimiteam bani surorii mele ca s\u0103 aib\u0103 grij\u0103 de mamA"},"content":{"rendered":"\n<p>Am sim\u021bit cum \u00eemi fierbe s\u00e2ngele \u00een vine. Nu mai era doar durerea de a-mi vedea mama \u00een acea stare, era \u0219i furia mocnit\u0103 \u00eempotriva surorii mele. Cum putea s\u0103 fac\u0103 asta? Cum putea s\u0103 profite de sacrificiul meu, de munca mea, \u00een timp ce mama \u00eemb\u0103tr\u00e2nea singur\u0103 printre gunoaie?<\/p>\n\n\n\n<p><\/p>\n\n\n\n<p>Am decis s\u0103 merg direct la ea. O \u0219tiam unde locuie\u0219te, la doar c\u00e2teva str\u0103zi distan\u021b\u0103. Am intrat pe sc\u0103rile blocului cu pa\u0219i ap\u0103sa\u021bi \u0219i, pentru o clip\u0103, am sim\u021bit c\u0103 tot cartierul m\u0103 prive\u0219te. \u00centr-un fel, m\u0103 g\u00e2ndeam la toate femeile plecate din Rom\u00e2nia, la toate mamele r\u0103mase singure, la toate pove\u0219tile care seam\u0103n\u0103 cu a mea.<\/p>\n\n\n\n<p><\/p>\n\n\n\n<p>Am b\u0103tut la u\u0219\u0103. Ea a deschis, z\u00e2mbind fals, cu un telefon scump \u00een m\u00e2n\u0103 \u0219i unghiile f\u0103cute proasp\u0103t. \u00cen spatele ei se vedea o mas\u0103 \u00eentins\u0103, cu resturi de m\u00e2ncare de la o petrecere.<\/p>\n\n\n\n<p><\/p>\n\n\n\n<p>\u2013 Surioar\u0103! \u2013 a zis ea, pref\u0103cut\u0103. \u2013 Ce surpriz\u0103!<\/p>\n\n\n\n<p><\/p>\n\n\n\n<p>\u2013 Nu mai juca teatru, \u2013 i-am r\u0103spuns rece. \u2013 Am v\u0103zut cu ochii mei \u00een ce condi\u021bii tr\u0103ie\u0219te mama.<\/p>\n\n\n\n<p><\/p>\n\n\n\n<p>Am v\u0103zut cum i-a pierit z\u00e2mbetul. Pentru o clip\u0103 a \u00eencercat s\u0103 o dea la \u00eentors, s\u0103 spun\u0103 c\u0103 mama nu a vrut ajutor, c\u0103 banii s-au dus pe facturi, dar eu \u0219tiam adev\u0103rul.<\/p>\n\n\n\n<p><\/p>\n\n\n\n<p>\u2013 Ai m\u00e2ncat din sudoarea mea trei ani, \u2013 am spus, ridic\u00e2nd vocea. \u2013 \u0218i mama a tr\u0103it ca o umil\u0103, cu pensia ei am\u0103r\u00e2t\u0103. Cum ai putut?<\/p>\n\n\n\n<p><\/p>\n\n\n\n<p>Vecinii au \u00eenceput s\u0103 ias\u0103 pe hol, s\u0103 priveasc\u0103. Ea a \u00eencercat s\u0103 m\u0103 \u00eenchid\u0103 afar\u0103, dar eu am \u021binut u\u0219a cu palma.<\/p>\n\n\n\n<p><\/p>\n\n\n\n<p>\u2013 Toat\u0103 lumea trebuie s\u0103 \u0219tie, \u2013 am continuat. \u2013 \u0218i tu trebuie s\u0103 dai socoteal\u0103.<\/p>\n\n\n\n<p><\/p>\n\n\n\n<p>Nu am mai lungit vorba. Am mers direct la poli\u021bie \u0219i am depus pl\u00e2ngere. Aveam dovezi \u2013 transferurile bancare, mesajele trimise. Mama mea era martorul cel mai puternic. \u00cen fa\u021ba legii, sora mea nu mai era doar \u201ecea mai mic\u0103\u201d, ci o femeie care a ales s\u0103-\u0219i tr\u0103deze propria familie.<\/p>\n\n\n\n<p>C\u00e2nd am ie\u0219it din sec\u021bie, m-am sim\u021bit mai u\u0219oar\u0103. \u0218tiam c\u0103 drumul va fi greu, c\u0103 urma s\u0103 ne judece rudele, vecinii, poate chiar prietenii. Dar \u00een inima mea era o singur\u0103 certitudine: mama nu va mai suferi niciodat\u0103 singur\u0103.<\/p>\n\n\n\n<p>Am luat-o la mine. Am sp\u0103lat camera, am cump\u0103rat mobil\u0103 nou\u0103, i-am adus flori \u0219i am umplut frigiderul. Am f\u0103cut ciorb\u0103 de legume, ca pe vremuri, cu leu\u0219tean proasp\u0103t din pia\u021b\u0103. C\u00e2nd mama a gustat, ochii i s-au umplut de lacrimi.<\/p>\n\n\n\n<p>\u2013 Acum simt c\u0103 tr\u0103iesc din nou, \u2013 a \u0219optit ea.<\/p>\n\n\n\n<p>\u00cen acea clip\u0103 am \u00een\u021beles c\u0103 dreptatea nu \u00eenseamn\u0103 doar pedeapsa pentru sora mea. Dreptatea \u00eensemna \u0219i s\u0103 \u00eei dau mamei demnitatea \u00eenapoi, s\u0103 \u00eei ar\u0103t c\u0103 iubirea unei fiice poate \u0219terge anii de suferin\u021b\u0103.<\/p>\n\n\n\n<p>Ast\u0103zi, mama z\u00e2mbe\u0219te mai des. \u00ce\u0219i bea cafeaua pe balcon, prive\u0219te oamenii pe strad\u0103 \u0219i m\u0103 strig\u0103 s\u0103 vin s\u0103 st\u0103m la pove\u0219ti. \u0218i de fiecare dat\u0103 c\u00e2nd o aud, simt c\u0103 am f\u0103cut ce trebuia.<\/p>\n\n\n\n<p>Fiindc\u0103 \u00een Rom\u00e2nia, oric\u00e2t de greu ar fi, un adev\u0103r r\u0103m\u00e2ne:&nbsp;<strong>nimic nu e mai sf\u00e2nt dec\u00e2t grija pentru p\u0103rin\u021bii t\u0103i.<\/strong><\/p>\n\n\n\n<p><em>Aceast\u0103 lucrare este inspirat\u0103 din evenimente \u0219i persoane reale, \u00eens\u0103 a fost fic\u021bionalizat\u0103 \u00een scopuri creative. Numele, personajele \u0219i detaliile au fost schimbate pentru a proteja intimitatea \u0219i pentru a \u00eembun\u0103t\u0103\u021bi nara\u021biunea. Orice asem\u0103nare cu persoane reale, \u00een via\u021b\u0103 sau decedate, sau cu evenimente reale este pur \u00eent\u00e2mpl\u0103toare \u0219i nu este inten\u021bionat\u0103 de c\u0103tre autor.<\/em><\/p>\n\n\n\n<p><em>Autorul \u0219i editorul nu \u00ee\u0219i asum\u0103 responsabilitatea pentru exactitatea evenimentelor sau pentru modul \u00een care sunt portretizate personajele \u0219i nu sunt r\u0103spunz\u0103tori pentru eventuale interpret\u0103ri gre\u0219ite. Aceast\u0103 poveste este oferit\u0103 \u201eca atare\u201d, iar orice opinii exprimate apar\u021bin personajelor \u0219i nu reflect\u0103 punctele de vedere ale autorului sau ale editorului.<\/em><\/p>\n","protected":false},"excerpt":{"rendered":"<p>Am sim\u021bit cum \u00eemi fierbe s\u00e2ngele \u00een vine. Nu mai era doar durerea de a-mi vedea mama \u00een acea stare, era \u0219i furia mocnit\u0103 \u00eempotriva<\/p>\n","protected":false},"author":1,"featured_media":40932,"comment_status":"closed","ping_status":"closed","sticky":false,"template":"","format":"standard","meta":[],"categories":[1],"tags":[],"_links":{"self":[{"href":"https:\/\/calatorinromania.com\/index.php?rest_route=\/wp\/v2\/posts\/41410"}],"collection":[{"href":"https:\/\/calatorinromania.com\/index.php?rest_route=\/wp\/v2\/posts"}],"about":[{"href":"https:\/\/calatorinromania.com\/index.php?rest_route=\/wp\/v2\/types\/post"}],"author":[{"embeddable":true,"href":"https:\/\/calatorinromania.com\/index.php?rest_route=\/wp\/v2\/users\/1"}],"replies":[{"embeddable":true,"href":"https:\/\/calatorinromania.com\/index.php?rest_route=%2Fwp%2Fv2%2Fcomments&post=41410"}],"version-history":[{"count":1,"href":"https:\/\/calatorinromania.com\/index.php?rest_route=\/wp\/v2\/posts\/41410\/revisions"}],"predecessor-version":[{"id":41411,"href":"https:\/\/calatorinromania.com\/index.php?rest_route=\/wp\/v2\/posts\/41410\/revisions\/41411"}],"wp:featuredmedia":[{"embeddable":true,"href":"https:\/\/calatorinromania.com\/index.php?rest_route=\/wp\/v2\/media\/40932"}],"wp:attachment":[{"href":"https:\/\/calatorinromania.com\/index.php?rest_route=%2Fwp%2Fv2%2Fmedia&parent=41410"}],"wp:term":[{"taxonomy":"category","embeddable":true,"href":"https:\/\/calatorinromania.com\/index.php?rest_route=%2Fwp%2Fv2%2Fcategories&post=41410"},{"taxonomy":"post_tag","embeddable":true,"href":"https:\/\/calatorinromania.com\/index.php?rest_route=%2Fwp%2Fv2%2Ftags&post=41410"}],"curies":[{"name":"wp","href":"https:\/\/api.w.org\/{rel}","templated":true}]}}