{"id":41408,"date":"2025-08-25T10:41:34","date_gmt":"2025-08-25T10:41:34","guid":{"rendered":"https:\/\/calatorinromania.com\/?p=41408"},"modified":"2025-08-25T10:41:35","modified_gmt":"2025-08-25T10:41:35","slug":"fata-in-scaun-cu-rotile-a-venit-la-adapost-si-a-vrut-sa-ia-acasa-cel-mai-periculos-caine","status":"publish","type":"post","link":"https:\/\/calatorinromania.com\/?p=41408","title":{"rendered":"Fata \u00een scaun cu rotile a venit la ad\u0103post \u0219i a vrut s\u0103 ia acas\u0103 cel mai periculos c\u00e2ine"},"content":{"rendered":"\n<p>Fata \u00een scaun cu rotile a venit la ad\u0103post \u0219i a vrut s\u0103 ia acas\u0103 cel mai periculos c\u00e2ine: c\u00e2nd a v\u0103zut-o pe fat\u0103, ciob\u0103nescul a \u00eenceput s\u0103 latre, iar apoi a f\u0103cut asta\u2026\u00a0<\/p>\n\n\n\n<p><\/p>\n\n\n\n<p>\u00cen acea zi, fata paralizat\u0103 a \u00eendr\u0103znit pentru prima dat\u0103 s\u0103 mearg\u0103 la ad\u0103post. De mult timp visa la un c\u00e2ine care s\u0103 fie l\u00e2ng\u0103 ea nu doar pentru joac\u0103 \u0219i plimb\u0103ri, ci pentru adev\u0103rat sprijin.<\/p>\n\n\n\n<p><\/p>\n\n\n\n<p>Ro\u021bile scaunului ei rulant sc\u00e2r\u021b\u00e2iau u\u0219or pe podeaua coridorului, \u00een timp ce intra \u00een \u00eenc\u0103perea spa\u021bioas\u0103 cu cu\u0219ti.<\/p>\n\n\n\n<p><\/p>\n\n\n\n<p>C\u00e2inii l\u0103trau, s\u0103reau, fiecare \u00eencerca s\u0103 atrag\u0103 aten\u021bia \u2014 unii d\u0103deau vesel din coad\u0103, al\u021bii l\u0103trau tare, unii se ag\u0103\u021bau de gratii cer\u00e2nd libertate. Fata se oprea la fiecare cu\u0219c\u0103, privea cu aten\u021bie, dar inima ei t\u0103cea. Niciun c\u00e2ine nu \u00eei atingea sufletul.<\/p>\n\n\n\n<p><\/p>\n\n\n\n<p>\u00cencepuse s\u0103 cread\u0103 c\u0103 a venit degeaba, c\u00e2nd privirea i s-a oprit \u00eentr-un col\u021b. Acolo, \u00een umbra gratiilor, z\u0103cea un ciob\u0103nesc german.<\/p>\n\n\n\n<p><\/p>\n\n\n\n<p>Nu \u00eencerca s\u0103 ias\u0103, nu l\u0103tra \u0219i nici nu se uita la oameni. Un c\u00e2ine uria\u0219, puternic, cu ochi inteligen\u021bi, care p\u0103rea c\u0103 doarme absent, \u00eentors de la toat\u0103 agita\u021bia din jur.<\/p>\n\n\n\n<p><\/p>\n\n\n\n<p>\u2014 Pe ea o vreau, \u2014 spuse fata brusc \u0219i hot\u0103r\u00e2t, ar\u0103t\u00e2nd spre ciob\u0103nesc.<\/p>\n\n\n\n<p><\/p>\n\n\n\n<p>Angajatul ad\u0103postului ridic\u0103 mirat spr\u00e2ncenele:<br>\u2014 Doamn\u0103, nu \u00een\u021belege\u021bi\u2026 Acest c\u00e2ine este o adev\u0103rat\u0103 problem\u0103. Este s\u0103lbatic, atac\u0103 oamenii mereu. Nimeni nu reu\u0219e\u0219te s\u0103-l st\u0103p\u00e2neasc\u0103. Ne-am g\u00e2ndit chiar s\u0103-l eutanasiem.<\/p>\n\n\n\n<p>Fata doar z\u00e2mbi \u0219i cl\u0103tin\u0103 din cap:<br>\u2014 Nu-i nimic. Cu to\u021bii avem defecte, \u2014 spuse ea, ar\u0103t\u00e2nd spre scaunul cu rotile. \u2014 Vreau s\u0103 m\u0103 \u00eent\u00e2lnesc cu ea fa\u021b\u0103 \u00een fa\u021b\u0103. Privi\u021bi ce ochi are.<\/p>\n\n\n\n<p>\u2014 Ei bine\u2026 cum dori\u021bi, \u2014 oft\u0103 greu b\u0103rbatul. \u2014 Dar v\u0103 avertizez: totul se poate termina r\u0103u.<\/p>\n\n\n\n<p>C\u00e2nd au deschis cu\u0219ca \u0219i au scos ciob\u0103nescul \u00een fa\u021ba fetei, \u00een ad\u0103post s-a l\u0103sat o lini\u0219te tensionat\u0103. Angaja\u021bii au \u00eencremenit, vizitatorii s-au retras speria\u021bi. To\u021bi a\u0219teptau ca animalul s\u0103 sar\u0103, s\u0103-\u0219i arate col\u021bii, s\u0103 mu\u0219te m\u00e2inile sau picioarele fetei \u0219i ca totul s\u0103 se sf\u00e2r\u0219easc\u0103 tragic.<\/p>\n\n\n\n<p>Ciob\u0103nescul se opri la distan\u021b\u0103, \u00eencordat. Urechile \u00eei erau ridicate atent, ochii fixa\u021bi asupra fetei \u00een scaunul cu rotile. Secundele treceau chinuitor de \u00eencet. \u0218i, deodat\u0103, c\u00e2inele a l\u0103trat puternic \u0219i a f\u0103cut c\u00e2\u021biva pa\u0219i spre ea. L\u0103tratul r\u0103sun\u0103 cu ecou \u00eentre pere\u021bi. To\u021bi au r\u0103mas f\u0103r\u0103 grai \u2014 cineva chiar \u0219i-a acoperit fa\u021ba cu m\u00e2inile, a\u0219tept\u00e2nd ce e mai r\u0103u.<\/p>\n\n\n\n<p>Dar atunci c\u00e2inele a f\u0103cut ceva nea\u0219teptat.\u00a0\u00a0Continuarea \u00een primul comentariu\u00a0<\/p>\n\n\n\n<p>C\u00e2inele a f\u0103cut un pas atent \u00eenainte. Apoi \u00eenc\u0103 unul. Mergea \u00eencet. Fata st\u0103tea nemi\u0219cat\u0103, doar z\u00e2mbea \u0219i \u00eel privea direct \u00een ochi.<\/p>\n\n\n\n<p>\u0218i, spre surprinderea tuturor, ciob\u0103nescul s-a apropiat de ea, s-a aplecat \u0219i s-a lipit u\u0219or de picioarele fetei. I-a mirosit genunchii, scaunul, iar apoi, brusc, s-a culcat chiar la picioarele ei \u0219i \u0219i-a \u00eenchis ochii.<\/p>\n\n\n\n<p>Cu inima b\u0103t\u00e2ndu-i puternic, fata a \u00eentins m\u00e2na \u2014 \u0219i c\u00e2inele nu s-a ferit, nu a m\u00e2r\u00e2it, ci s-a l\u0103sat m\u00e2ng\u00e2iat. Mai mult dec\u00e2t at\u00e2t \u2014 a oftat ad\u00e2nc \u0219i, ciudat, a adormit chiar la picioarele ei.<\/p>\n\n\n\n<p>\u00cen sal\u0103 s-a l\u0103sat o lini\u0219te de morm\u00e2nt. Oamenii nu-\u0219i credeau ochilor. Cineva chiar a \u0219optit:<br>\u2014 A\u0219a ceva nu s-a mai v\u0103zut\u2026 C\u00e2inele acesta mu\u0219ca pe toat\u0103 lumea \u0219i nu avea \u00eencredere \u00een nimeni.<\/p>\n\n\n\n<p>Iar fata s-a aplecat u\u0219or \u0219i i-a spus \u00eencet:<br>\u2014 De acum e\u0219ti al meu. Vom fi \u00eempreun\u0103.<\/p>\n\n\n\n<p>\u0218i, \u00eentr-adev\u0103r \u2014 \u00een acea zi, au plecat am\u00e2ndoi acas\u0103. Fata \u0219i \u201es\u0103lbaticul\u201d ciob\u0103nesc de care to\u021bi se temeau.<\/p>\n\n\n\n<p><em>Aceast\u0103 lucrare este inspirat\u0103 din evenimente \u0219i persoane reale, \u00eens\u0103 a fost fic\u021bionalizat\u0103 \u00een scopuri creative. Numele, personajele \u0219i detaliile au fost schimbate pentru a proteja intimitatea \u0219i pentru a \u00eembun\u0103t\u0103\u021bi nara\u021biunea. Orice asem\u0103nare cu persoane reale, \u00een via\u021b\u0103 sau decedate, sau cu evenimente reale este pur \u00eent\u00e2mpl\u0103toare \u0219i nu este inten\u021bionat\u0103 de c\u0103tre autor.<\/em><\/p>\n\n\n\n<p><em>Autorul \u0219i editorul nu \u00ee\u0219i asum\u0103 responsabilitatea pentru exactitatea evenimentelor sau pentru modul \u00een care sunt portretizate personajele \u0219i nu sunt r\u0103spunz\u0103tori pentru eventuale interpret\u0103ri gre\u0219ite. Aceast\u0103 poveste este oferit\u0103 \u201eca atare\u201d, iar orice opinii exprimate apar\u021bin personajelor \u0219i nu reflect\u0103 punctele de vedere ale autorului sau ale editorului.<\/em><\/p>\n","protected":false},"excerpt":{"rendered":"<p>Fata \u00een scaun cu rotile a venit la ad\u0103post \u0219i a vrut s\u0103 ia acas\u0103 cel mai periculos c\u00e2ine: c\u00e2nd a v\u0103zut-o pe fat\u0103, ciob\u0103nescul<\/p>\n","protected":false},"author":1,"featured_media":40939,"comment_status":"closed","ping_status":"closed","sticky":false,"template":"","format":"standard","meta":[],"categories":[1],"tags":[],"_links":{"self":[{"href":"https:\/\/calatorinromania.com\/index.php?rest_route=\/wp\/v2\/posts\/41408"}],"collection":[{"href":"https:\/\/calatorinromania.com\/index.php?rest_route=\/wp\/v2\/posts"}],"about":[{"href":"https:\/\/calatorinromania.com\/index.php?rest_route=\/wp\/v2\/types\/post"}],"author":[{"embeddable":true,"href":"https:\/\/calatorinromania.com\/index.php?rest_route=\/wp\/v2\/users\/1"}],"replies":[{"embeddable":true,"href":"https:\/\/calatorinromania.com\/index.php?rest_route=%2Fwp%2Fv2%2Fcomments&post=41408"}],"version-history":[{"count":1,"href":"https:\/\/calatorinromania.com\/index.php?rest_route=\/wp\/v2\/posts\/41408\/revisions"}],"predecessor-version":[{"id":41409,"href":"https:\/\/calatorinromania.com\/index.php?rest_route=\/wp\/v2\/posts\/41408\/revisions\/41409"}],"wp:featuredmedia":[{"embeddable":true,"href":"https:\/\/calatorinromania.com\/index.php?rest_route=\/wp\/v2\/media\/40939"}],"wp:attachment":[{"href":"https:\/\/calatorinromania.com\/index.php?rest_route=%2Fwp%2Fv2%2Fmedia&parent=41408"}],"wp:term":[{"taxonomy":"category","embeddable":true,"href":"https:\/\/calatorinromania.com\/index.php?rest_route=%2Fwp%2Fv2%2Fcategories&post=41408"},{"taxonomy":"post_tag","embeddable":true,"href":"https:\/\/calatorinromania.com\/index.php?rest_route=%2Fwp%2Fv2%2Ftags&post=41408"}],"curies":[{"name":"wp","href":"https:\/\/api.w.org\/{rel}","templated":true}]}}