{"id":41406,"date":"2025-08-25T10:39:12","date_gmt":"2025-08-25T10:39:12","guid":{"rendered":"https:\/\/calatorinromania.com\/?p=41406"},"modified":"2025-08-25T10:39:13","modified_gmt":"2025-08-25T10:39:13","slug":"am-avut-grija-de-nepoata-mea-de-5-ani","status":"publish","type":"post","link":"https:\/\/calatorinromania.com\/?p=41406","title":{"rendered":"Am avut grij\u0103 de nepoata mea de 5 ani"},"content":{"rendered":"\n<p>Am \u00eenchis ochii \u0219i am sim\u021bit cum lini\u0219tea nop\u021bii se amesteca cu o nelini\u0219te ap\u0103s\u0103toare. \u00cen curte, greierii c\u00e2ntau monoton, dar \u00een mine crescuse o hot\u0103r\u00e2re. Crescusem \u00eentr-o familie rom\u00e2neasc\u0103 unde copiii nu cereau voie s\u0103 m\u0103n\u00e2nce, unde mesele se f\u0103ceau cu to\u021bii la mas\u0103, cu miros de ciorb\u0103 fierbinte \u0219i mur\u0103turi pe mas\u0103. \u0218tiam c\u0103 disciplina are un rost, dar ceea ce v\u0103zusem \u00een ochii Sofiei nu era disciplin\u0103. Era fric\u0103.<\/p>\n\n\n\n<p><\/p>\n\n\n\n<p>A doua zi am decis s\u0103 \u00eencep altfel. Am trezit-o cu miros de p\u00e2ine pr\u0103jit\u0103 \u0219i unt. M-a privit ca \u0219i cum gestul era un cadou nea\u0219teptat. \u201eAm voie s\u0103 m\u0103n\u00e2nc acum?\u201d m-a \u00eentrebat din nou. Am sim\u021bit un nod \u00een g\u00e2t.<\/p>\n\n\n\n<p><\/p>\n\n\n\n<p>\u201eAi voie s\u0103 fii copil, Sofia. Aici, la mine, nu exist\u0103 interdic\u021bii pentru a fi fericit\u0103.\u201d<\/p>\n\n\n\n<p><\/p>\n\n\n\n<p>\u00cencet, \u00eencet, a \u00eenceput s\u0103 prind\u0103 curaj. A mu\u0219cat timid din felia de p\u00e2ine, iar c\u00e2nd a v\u0103zut c\u0103 nu se \u00eent\u00e2mpl\u0103 nimic r\u0103u, z\u00e2mbetul i-a luminat fa\u021ba. Era pentru prima oar\u0103, dup\u0103 mult timp, c\u00e2nd vedeam copil\u0103ria adev\u0103rat\u0103 \u00een ea.<\/p>\n\n\n\n<p><\/p>\n\n\n\n<p>Am scos-o \u00een gr\u0103din\u0103, unde bunica obi\u0219nuia s\u0103 planteze ro\u0219ii \u0219i busuioc. \u201eVrei s\u0103 uzi florile?\u201d am \u00eentrebat-o, d\u00e2ndu-i o stropitoare mic\u0103. A privit-o ca pe un obiect interzis, dar apoi a prins curaj \u0219i a turnat ap\u0103 peste florile colorate. \u00cen c\u00e2teva minute, r\u00e2dea, cu stropi pe obraji \u0219i cu haine ude.<\/p>\n\n\n\n<p><\/p>\n\n\n\n<p>Am sim\u021bit lacrimi \u00een ochi. Era un r\u00e2s care nu ar fi trebuit s\u0103 lipseasc\u0103 niciunui copil.<\/p>\n\n\n\n<p><\/p>\n\n\n\n<p>\u00cen serile urm\u0103toare, am adus \u00een cas\u0103 obiceiurile copil\u0103riei mele. I-am spus pove\u0219ti cu F\u0103t-Frumos \u0219i Ileana Cos\u00e2nzeana, am copt pl\u0103cinte cu mere \u0219i scor\u021bi\u0219oar\u0103, iar c\u00e2nd am scos prima pl\u0103cint\u0103 din cuptor, ochii ei s-au m\u0103rit de uimire. \u201ePot s\u0103 gust?\u201d a \u00eentrebat din nou.<\/p>\n\n\n\n<p><\/p>\n\n\n\n<p>Am rupt o bucat\u0103 \u0219i i-am dat-o. C\u00e2nd a mu\u0219cat, a \u00eenchis ochii, ca \u0219i cum gustul era o descoperire. \u201eE cea mai bun\u0103 din lume\u201d, a spus cu guri\u021ba plin\u0103.<\/p>\n\n\n\n<p><\/p>\n\n\n\n<p>Cu fiecare zi care trecea, Sofia redevenea copil. \u00cen locul \u0219oaptelor tem\u0103toare ap\u0103reau chicote, iar \u00een locul ochilor reci \u0219i aten\u021bi ap\u0103reau priviri juc\u0103u\u0219e.<\/p>\n\n\n\n<p><\/p>\n\n\n\n<p>Dar \u00een mine cre\u0219tea furia. \u00cemi aminteam cum mama noastr\u0103, o femeie simpl\u0103 de la \u021bar\u0103, spunea mereu: \u201eUn copil nu e o armat\u0103. E floare. \u0218i dac\u0103 nu-l la\u0219i s\u0103 respire, se ofile\u0219te.\u201d<\/p>\n\n\n\n<p><\/p>\n\n\n\n<p>Emily \u0219i Brian \u00ee\u0219i priveau copilul ca pe un soldat perfect. \u0218i eu nu aveam s\u0103 las asta nepedepsit.<\/p>\n\n\n\n<p><\/p>\n\n\n\n<p>\u00cen a patra zi, am sunat un avocat. Am descris totul: frica Sofiei, vorbele ei, felul \u00een care cerea voie s\u0103 m\u0103n\u00e2nce, s\u0103 mearg\u0103 la baie, s\u0103 se joace. Avocatul a t\u0103cut o vreme, apoi a spus: \u201eDoamn\u0103, copilul acesta trebuie protejat. Ce a\u021bi descris nu este educa\u021bie, este abuz.\u201d<\/p>\n\n\n\n<p><\/p>\n\n\n\n<p>Am sim\u021bit c\u0103 mi se face pielea de g\u0103in\u0103. Era confirmarea de care aveam nevoie.<\/p>\n\n\n\n<p><\/p>\n\n\n\n<p>\u00cen ziua a \u0219aptea, c\u00e2nd Emily \u0219i Brian au venit dup\u0103 Sofia, i-am \u00eent\u00e2mpinat la u\u0219\u0103. Emily a z\u00e2mbit for\u021bat: \u201eEi, cum s-a comportat mica noastr\u0103 domni\u0219oar\u0103?\u201d<\/p>\n\n\n\n<p><\/p>\n\n\n\n<p>Am privit-o rece. \u201eS-a comportat ca un copil, Emily. Ceea ce nu e\u0219ti tu \u00een stare s\u0103 \u00eei permi\u021bi.\u201d<\/p>\n\n\n\n<p>Brian a ridicat spr\u00e2ncenele, gata s\u0103 spun\u0103 ceva, dar din spatele meu a ap\u0103rut Sofia. Purta o coroni\u021b\u0103 de flori pe cap, pe care o f\u0103cusem \u00eempreun\u0103. Pentru prima dat\u0103 \u00een mult timp, z\u00e2mbea.<\/p>\n\n\n\n<p>\u201eNu m\u0103 mai duc cu voi,\u201d a spus clar, ap\u0103sat.<\/p>\n\n\n\n<p>Emily a r\u0103mas \u00eempietrit\u0103. \u201eCum adic\u0103?\u201d<\/p>\n\n\n\n<p>\u201eNu m\u0103 mai duc,\u201d a repetat Sofia, str\u00e2ng\u00e2ndu-mi m\u00e2na.<\/p>\n\n\n\n<p>Atunci, avocatul care m\u0103 a\u0219tepta \u00een ma\u0219in\u0103 a intrat pe poart\u0103. Am v\u0103zut cum culoarea se scurge de pe fa\u021ba lui Brian. \u201eDomnule \u0219i doamn\u0103, sunt aici \u00een calitate de reprezentant legal al doamnei Miller. \u00cencep\u00e2nd de azi, copilul r\u0103m\u00e2ne sub protec\u021bia statului p\u00e2n\u0103 la finalizarea anchetei.\u201d<\/p>\n\n\n\n<p>Un v\u00e2nt puternic s-a st\u00e2rnit \u00een curte, iar frunzele au \u00eenceput s\u0103 danseze. Parc\u0103 \u0219i natura \u00ee\u0219i ar\u0103ta sprijinul.<\/p>\n\n\n\n<p>Emily a \u00eencercat s\u0103 protesteze, dar vocea \u00eei tremura. Brian s-a retras, furios, \u00een ma\u0219in\u0103.<\/p>\n\n\n\n<p>Am ridicat-o pe Sofia \u00een bra\u021be. \u201eDe acum e\u0219ti \u00een siguran\u021b\u0103,\u201d i-am \u0219optit.<\/p>\n\n\n\n<p>\u0218i pentru prima dat\u0103, am sim\u021bit c\u0103 nu doar eu, ci \u00eentreaga lume rom\u00e2neasc\u0103 pe care o mo\u0219tenisem \u2013 cu pove\u0219ti, cu obiceiuri, cu dragoste de copil \u2013 se ridica al\u0103turi de mine.<\/p>\n\n\n\n<p>Procesul \u00eencepea cu adev\u0103rat acum. \u0218i de data asta, dreptatea nu avea s\u0103 piard\u0103.<\/p>\n\n\n\n<p><em>Aceast\u0103 lucrare este inspirat\u0103 din evenimente \u0219i persoane reale, \u00eens\u0103 a fost fic\u021bionalizat\u0103 \u00een scopuri creative. Numele, personajele \u0219i detaliile au fost schimbate pentru a proteja intimitatea \u0219i pentru a \u00eembun\u0103t\u0103\u021bi nara\u021biunea. Orice asem\u0103nare cu persoane reale, \u00een via\u021b\u0103 sau decedate, sau cu evenimente reale este pur \u00eent\u00e2mpl\u0103toare \u0219i nu este inten\u021bionat\u0103 de c\u0103tre autor.<\/em><\/p>\n\n\n\n<p><em>Autorul \u0219i editorul nu \u00ee\u0219i asum\u0103 responsabilitatea pentru exactitatea evenimentelor sau pentru modul \u00een care sunt portretizate personajele \u0219i nu sunt r\u0103spunz\u0103tori pentru eventuale interpret\u0103ri gre\u0219ite. Aceast\u0103 poveste este oferit\u0103 \u201eca atare\u201d, iar orice opinii exprimate apar\u021bin personajelor \u0219i nu reflect\u0103 punctele de vedere ale autorului sau ale editorului.<\/em><\/p>\n","protected":false},"excerpt":{"rendered":"<p>Am \u00eenchis ochii \u0219i am sim\u021bit cum lini\u0219tea nop\u021bii se amesteca cu o nelini\u0219te ap\u0103s\u0103toare. \u00cen curte, greierii c\u00e2ntau monoton, dar \u00een mine crescuse o<\/p>\n","protected":false},"author":1,"featured_media":40939,"comment_status":"closed","ping_status":"closed","sticky":false,"template":"","format":"standard","meta":[],"categories":[1],"tags":[],"_links":{"self":[{"href":"https:\/\/calatorinromania.com\/index.php?rest_route=\/wp\/v2\/posts\/41406"}],"collection":[{"href":"https:\/\/calatorinromania.com\/index.php?rest_route=\/wp\/v2\/posts"}],"about":[{"href":"https:\/\/calatorinromania.com\/index.php?rest_route=\/wp\/v2\/types\/post"}],"author":[{"embeddable":true,"href":"https:\/\/calatorinromania.com\/index.php?rest_route=\/wp\/v2\/users\/1"}],"replies":[{"embeddable":true,"href":"https:\/\/calatorinromania.com\/index.php?rest_route=%2Fwp%2Fv2%2Fcomments&post=41406"}],"version-history":[{"count":1,"href":"https:\/\/calatorinromania.com\/index.php?rest_route=\/wp\/v2\/posts\/41406\/revisions"}],"predecessor-version":[{"id":41407,"href":"https:\/\/calatorinromania.com\/index.php?rest_route=\/wp\/v2\/posts\/41406\/revisions\/41407"}],"wp:featuredmedia":[{"embeddable":true,"href":"https:\/\/calatorinromania.com\/index.php?rest_route=\/wp\/v2\/media\/40939"}],"wp:attachment":[{"href":"https:\/\/calatorinromania.com\/index.php?rest_route=%2Fwp%2Fv2%2Fmedia&parent=41406"}],"wp:term":[{"taxonomy":"category","embeddable":true,"href":"https:\/\/calatorinromania.com\/index.php?rest_route=%2Fwp%2Fv2%2Fcategories&post=41406"},{"taxonomy":"post_tag","embeddable":true,"href":"https:\/\/calatorinromania.com\/index.php?rest_route=%2Fwp%2Fv2%2Ftags&post=41406"}],"curies":[{"name":"wp","href":"https:\/\/api.w.org\/{rel}","templated":true}]}}