{"id":41404,"date":"2025-08-25T10:35:50","date_gmt":"2025-08-25T10:35:50","guid":{"rendered":"https:\/\/calatorinromania.com\/?p=41404"},"modified":"2025-08-25T10:35:51","modified_gmt":"2025-08-25T10:35:51","slug":"la-ziua-fiicei-mele-soacra-mea-a-impins-tortul-spunand-ea-nu-merita-asta","status":"publish","type":"post","link":"https:\/\/calatorinromania.com\/?p=41404","title":{"rendered":"La ziua fiicei mele, soacra mea a \u00eempins tortul, spun\u00e2nd: \u201eEa nu merit\u0103 asta."},"content":{"rendered":"\n<p>Dolores a ridicat spr\u00e2ncenele, cu acela\u0219i aer superior cu care \u00ee\u0219i d\u0103dea ochii peste cap ori de c\u00e2te ori Rosalie \u00eencerca s\u0103-i arate un desen sau o poezie \u00eenv\u0103\u021bat\u0103 pe de rost. Toat\u0103 lumea din camer\u0103 a r\u0103mas nemi\u0219cat\u0103, parc\u0103 a\u0219tept\u00e2nd un verdict. Eu \u00eens\u0103mi \u00eemi \u021bineam respira\u021bia, convins\u0103 c\u0103 momentul era pierdut.<\/p>\n\n\n\n<p><\/p>\n\n\n\n<p>Dar Rosalie a ap\u0103sat cu dege\u021belele ei mici pe ecran, iar camera s-a umplut de muzic\u0103. Era vocea ei, \u00eenregistrat\u0103, c\u00e2nt\u00e2nd \u00eencet \u201eMul\u021bi ani tr\u0103iasc\u0103\u201d. Imaginile rulau: fotografii cu bunica \u0219i ea, din vremuri mai bune, c\u00e2nd Dolores o \u021binea \u00een bra\u021be la botez, c\u00e2nd \u00eei adusese flori din gr\u0103din\u0103, c\u00e2nd \u00eei citea o poveste dintr-o carte veche cu pove\u0219ti rom\u00e2ne\u0219ti.<\/p>\n\n\n\n<p><\/p>\n\n\n\n<p>Am sim\u021bit cum pieptul mi se str\u00e2nge. Rosalie nu alesese momentele de ceart\u0103, nu p\u0103strase amintirile amare. Alegerea ei fusese una simpl\u0103 \u0219i curat\u0103: bunica pe care o iubea, a\u0219a cum o \u0219tia \u00een ad\u00e2ncul inimii ei.<\/p>\n\n\n\n<p><\/p>\n\n\n\n<p>Pe fundal, vocea ei copil\u0103reasc\u0103 spunea: \u201eBunico, tu m-ai \u00eenv\u0103\u021bat c\u0103 via\u021ba e grea, dar eu vreau s\u0103-\u021bi ar\u0103t c\u0103 bucuria e mai puternic\u0103. Acesta e cadoul meu pentru tine.\u201d<\/p>\n\n\n\n<p><\/p>\n\n\n\n<p>T\u0103cerea a devenit aproape dureroas\u0103. Dolores \u021binea m\u00e2inile str\u00e2nse la piept, privirea fixat\u0103 pe ecran. Pentru prima dat\u0103, chipul ei de piatr\u0103 p\u0103rea s\u0103 se topeasc\u0103.<\/p>\n\n\n\n<p><\/p>\n\n\n\n<p>Un tat\u0103 din col\u021b a murmurat: \u201eDoamne, ce copil\u2026\u201d Iar eu am sim\u021bit o lacrim\u0103 c\u0103z\u00e2nd pe obraz.<\/p>\n\n\n\n<p><\/p>\n\n\n\n<p>Rosalie a ridicat ochii spre ea \u0219i a ad\u0103ugat: \u201eEu vreau s\u0103 fim fericite \u00eempreun\u0103. \u0218i azi e ziua mea, dar eu \u00ee\u021bi fac cadou amintirile noastre.\u201d<\/p>\n\n\n\n<p><\/p>\n\n\n\n<p>\u00cen acea clip\u0103, \u00een camera aceea mic\u0103, decorat\u0103 cu baloane roz \u0219i albastre, am \u00een\u021beles ce \u00eenseamn\u0103 sufletul curat al unui copil. Nu replicile acide, nu r\u0103zbunarea, ci o lec\u021bie de iertare \u0219i iubire.<\/p>\n\n\n\n<p><\/p>\n\n\n\n<p>Dolores \u0219i-a dus m\u00e2na la gur\u0103. Ochii i se umezir\u0103, iar vocea, pentru prima dat\u0103, nu mai avea t\u0103i\u0219: \u201eRosalie\u2026 eu\u2026\u201d Apoi a amu\u021bit.<\/p>\n\n\n\n<p><\/p>\n\n\n\n<p>Copiii au \u00eenceput s\u0103 bat\u0103 din palme, iar unul dintre ei a strigat: \u201eLa mul\u021bi ani, Rosalie!\u201d Vocea lui a spart vraja, iar restul s-au al\u0103turat, readuc\u00e2nd bucuria \u00een camer\u0103.<\/p>\n\n\n\n<p><\/p>\n\n\n\n<p>Atunci, o vecin\u0103 mai \u00een v\u00e2rst\u0103, care venise cu nepoata, s-a apropiat de Dolores \u0219i i-a \u0219optit: \u201eS\u0103 nu ui\u021bi, fat\u0103 drag\u0103, c\u0103 \u00een via\u021b\u0103 omul r\u0103m\u00e2ne cu ce las\u0103 \u00een urm\u0103. Nu banii, nu func\u021biile\u2026 ci z\u00e2mbetul copiilor.\u201d<\/p>\n\n\n\n<p><\/p>\n\n\n\n<p>Cuvintele acelea au c\u0103zut ca o binecuv\u00e2ntare, ca o \u00een\u021belepciune din b\u0103tr\u00e2ni, a\u0219a cum o auzeam la bunica mea c\u00e2nd eram copil.<\/p>\n\n\n\n<p><\/p>\n\n\n\n<p>Dolores a l\u0103sat capul \u00een jos. F\u0103r\u0103 s\u0103 spun\u0103 nimic, s-a dus la co\u0219ul de gunoi, a scos tortul \u0219i l-a pus pe mas\u0103. Nu mai era perfect, crema era atins\u0103, dar \u00een ochii copiilor str\u0103lucea ca cel mai frumos dar.<\/p>\n\n\n\n<p><\/p>\n\n\n\n<p>\u201eS\u0103 sufl\u0103m lum\u00e2n\u0103rile \u00eempreun\u0103\u201d, a spus ea, cu vocea tremurat\u0103.<\/p>\n\n\n\n<p><\/p>\n\n\n\n<p>Rosalie a z\u00e2mbit larg. To\u021bi copiii s-au str\u00e2ns \u00een jur, iar c\u00e2ntecul de \u201eLa mul\u021bi ani\u201d a \u00eenceput din nou, mai puternic ca prima dat\u0103.<\/p>\n\n\n\n<p><\/p>\n\n\n\n<p>\u00cen acea clip\u0103, \u00een casa noastr\u0103 mic\u0103, s-a petrecut ceva ce nicio ceart\u0103, nicio duritate, nicio t\u0103cere nu mai putea \u0219terge: un copil a reu\u0219it s\u0103 \u00eenmoaie o inim\u0103 \u00eempietrit\u0103 \u0219i s\u0103 ne reaminteasc\u0103 tuturor c\u0103 adev\u0103rata putere st\u0103 \u00een bun\u0103tate.<\/p>\n\n\n\n<p><\/p>\n\n\n\n<p>\u0218i, privind-o pe Rosalie sufl\u00e2nd lum\u00e2n\u0103rile, am \u0219tiut c\u0103 \u00een acea zi nu doar ea crescuse cu un an. Crescuser\u0103m cu to\u021bii.<\/p>\n\n\n\n<p><\/p>\n\n\n\n<p><em>Aceast\u0103 lucrare este inspirat\u0103 din evenimente \u0219i persoane reale, \u00eens\u0103 a fost fic\u021bionalizat\u0103 \u00een scopuri creative. Numele, personajele \u0219i detaliile au fost schimbate pentru a proteja intimitatea \u0219i pentru a \u00eembun\u0103t\u0103\u021bi nara\u021biunea. Orice asem\u0103nare cu persoane reale, \u00een via\u021b\u0103 sau decedate, sau cu evenimente reale este pur \u00eent\u00e2mpl\u0103toare \u0219i nu este inten\u021bionat\u0103 de c\u0103tre autor.<\/em><\/p>\n\n\n\n<p><\/p>\n\n\n\n<p><em>Autorul \u0219i editorul nu \u00ee\u0219i asum\u0103 responsabilitatea pentru exactitatea evenimentelor sau pentru modul \u00een care sunt portretizate personajele \u0219i nu sunt r\u0103spunz\u0103tori pentru eventuale interpret\u0103ri gre\u0219ite. Aceast\u0103 poveste este oferit\u0103 \u201eca atare\u201d, iar orice opinii exprimate apar\u021bin personajelor \u0219i nu reflect\u0103 punctele de vedere ale autorului sau ale editorului.<\/em><\/p>\n\n\n\n<p><\/p>\n","protected":false},"excerpt":{"rendered":"<p>Dolores a ridicat spr\u00e2ncenele, cu acela\u0219i aer superior cu care \u00ee\u0219i d\u0103dea ochii peste cap ori de c\u00e2te ori Rosalie \u00eencerca s\u0103-i arate un desen<\/p>\n","protected":false},"author":1,"featured_media":40939,"comment_status":"closed","ping_status":"closed","sticky":false,"template":"","format":"standard","meta":[],"categories":[1],"tags":[],"_links":{"self":[{"href":"https:\/\/calatorinromania.com\/index.php?rest_route=\/wp\/v2\/posts\/41404"}],"collection":[{"href":"https:\/\/calatorinromania.com\/index.php?rest_route=\/wp\/v2\/posts"}],"about":[{"href":"https:\/\/calatorinromania.com\/index.php?rest_route=\/wp\/v2\/types\/post"}],"author":[{"embeddable":true,"href":"https:\/\/calatorinromania.com\/index.php?rest_route=\/wp\/v2\/users\/1"}],"replies":[{"embeddable":true,"href":"https:\/\/calatorinromania.com\/index.php?rest_route=%2Fwp%2Fv2%2Fcomments&post=41404"}],"version-history":[{"count":1,"href":"https:\/\/calatorinromania.com\/index.php?rest_route=\/wp\/v2\/posts\/41404\/revisions"}],"predecessor-version":[{"id":41405,"href":"https:\/\/calatorinromania.com\/index.php?rest_route=\/wp\/v2\/posts\/41404\/revisions\/41405"}],"wp:featuredmedia":[{"embeddable":true,"href":"https:\/\/calatorinromania.com\/index.php?rest_route=\/wp\/v2\/media\/40939"}],"wp:attachment":[{"href":"https:\/\/calatorinromania.com\/index.php?rest_route=%2Fwp%2Fv2%2Fmedia&parent=41404"}],"wp:term":[{"taxonomy":"category","embeddable":true,"href":"https:\/\/calatorinromania.com\/index.php?rest_route=%2Fwp%2Fv2%2Fcategories&post=41404"},{"taxonomy":"post_tag","embeddable":true,"href":"https:\/\/calatorinromania.com\/index.php?rest_route=%2Fwp%2Fv2%2Ftags&post=41404"}],"curies":[{"name":"wp","href":"https:\/\/api.w.org\/{rel}","templated":true}]}}