{"id":41402,"date":"2025-08-25T10:30:42","date_gmt":"2025-08-25T10:30:42","guid":{"rendered":"https:\/\/calatorinromania.com\/?p=41402"},"modified":"2025-08-25T10:30:42","modified_gmt":"2025-08-25T10:30:42","slug":"fiica-mea-s-a-uitat-fix-in-ochii-mei-si-mi-a-spus-tu-vei-manca-dupa-toti-ceilalti","status":"publish","type":"post","link":"https:\/\/calatorinromania.com\/?p=41402","title":{"rendered":"Fiica mea s-a uitat fix \u00een ochii mei \u0219i mi-a spus: \u201eTu vei m\u00e2nca dup\u0103 to\u021bi ceilal\u021bi.\u201d"},"content":{"rendered":"\n<p>Planurile nu erau despre r\u0103zbunare, ci despre libertate. Despre a-mi aminti cine sunt \u0219i ce \u00eenseamn\u0103 demnitatea. Ani de zile, m\u0103 obi\u0219nuisem s\u0103 cred c\u0103 datoria mea este s\u0103 dau, s\u0103 ofer, s\u0103 pun mereu pe al\u021bii \u00eenaintea mea. \u00cen acea sear\u0103, \u00eens\u0103, mi-am dat seama c\u0103 a fi mam\u0103 nu \u00eenseamn\u0103 s\u0103 ui\u021bi de tine.<\/p>\n\n\n\n<p><\/p>\n\n\n\n<p>A doua zi diminea\u021b\u0103, am deschis larg ferestrele casei. Aerul proasp\u0103t de toamn\u0103 a intrat \u0219i, pentru prima dat\u0103 dup\u0103 mult timp, m-am sim\u021bit acas\u0103. Am preg\u0103tit cafeaua \u00een ibricul vechi de aram\u0103, mo\u0219tenit de la mama mea, \u0219i am sim\u021bit c\u0103ldura ritualului rom\u00e2nesc al dimine\u021bilor simple. Era gustul copil\u0103riei mele, nu al servitu\u021bii.<\/p>\n\n\n\n<p><\/p>\n\n\n\n<p>Am \u00eenceput cu pa\u0219i mici. Mi-am aranjat gr\u0103dina din spate, unde salc\u00e2mul b\u0103tr\u00e2n m\u0103 a\u0219tepta s\u0103-i stau sub umbr\u0103. Am scos covoarele la b\u0103tut, a\u0219a cum f\u0103ceam odinioar\u0103, \u0219i am sim\u021bit c\u0103 fiecare fir de praf care disp\u0103rea lua cu el o parte din greutatea inimii mele.<\/p>\n\n\n\n<p><\/p>\n\n\n\n<p>Apoi mi-am sunat o prieten\u0103 veche, pe Maria. Nu mai vorbisem de ani \u00eentregi. Am r\u00e2s \u00eempreun\u0103, am dep\u0103nat amintiri despre balurile de alt\u0103dat\u0103, despre clipele \u00een care via\u021ba p\u0103rea mai simpl\u0103 \u0219i mai curat\u0103. Mi-am dat seama c\u0103 pierdusem leg\u0103turi, nu pentru c\u0103 ele disp\u0103ruser\u0103, ci pentru c\u0103 m\u0103 \u00eengropasem \u00een grijile altora.<\/p>\n\n\n\n<p><\/p>\n\n\n\n<p>Zilele au trecut, \u0219i \u00een fiecare zi am descoperit ceva nou. Am \u00eenceput s\u0103 pictez din nou, s\u0103 m\u0103 plimb prin pia\u021b\u0103 \u0219i s\u0103 aleg singur\u0103 merele ro\u0219ii, s\u0103 negociez cu v\u00e2nz\u0103torii, a\u0219a cum f\u0103cusem toat\u0103 via\u021ba. M\u0103 sim\u021beam vie.<\/p>\n\n\n\n<p><\/p>\n\n\n\n<p>Fiica mea a \u00eencercat s\u0103 m\u0103 sune. Mai \u00eent\u00e2i cu o voce dulce, apoi cu repro\u0219. \u00cemi cerea s\u0103 m\u0103 \u00eentorc, s\u0103 g\u0103tesc din nou, s\u0103 fiu \u201eparte din familie\u201d. Dar familia nu ar trebui s\u0103 \u00eensemne umilin\u021b\u0103. Familia \u00eenseamn\u0103 respect, iar respectul nu se cere, se ofer\u0103.<\/p>\n\n\n\n<p><\/p>\n\n\n\n<p>\u00centr-o duminic\u0103, am mers la biserica din cartier. Nu pentru slujb\u0103 \u00een sine, ci pentru lini\u0219tea pe care o aducea. Am aprins o lum\u00e2nare pentru p\u0103rin\u021bii mei \u0219i mi-am amintit de vorbele mamei: \u201eDac\u0103 la masa ta nu e loc pentru cel ce \u021bi-a dat via\u021b\u0103, atunci nu e mas\u0103 de familie, e doar decor.\u201d<\/p>\n\n\n\n<p><\/p>\n\n\n\n<p>Acel g\u00e2nd m-a eliberat definitiv.<\/p>\n\n\n\n<p><\/p>\n\n\n\n<p>\u00cen s\u0103pt\u0103m\u00e2nile urm\u0103toare, mi-am reorganizat finan\u021bele. Am investit \u00een lucruri care m\u0103 f\u0103ceau fericit\u0103 \u0219i, cel mai important, am \u00eencetat s\u0103-mi folosesc economiile pentru a sus\u021bine via\u021ba de lux a fiicei mele. Ea nu pierduse doar o buc\u0103t\u0103reas\u0103, pierduse siguran\u021ba pe care eu i-o ofeream.<\/p>\n\n\n\n<p><\/p>\n\n\n\n<p>\u0218i \u00eentr-o zi, c\u00e2nd a venit la u\u0219a mea cu lacrimi \u0219i cuvinte mari, nu am sim\u021bit nici r\u0103utate, nici dorin\u021b\u0103 de r\u0103zbunare. Am sim\u021bit doar lini\u0219te. I-am deschis u\u0219a, am ascultat, \u0219i apoi i-am spus calm: \u201eRespectul nu se cer\u0219e\u0219te. Dac\u0103 vrei s\u0103 fii fiica mea, s\u0103 fii cu adev\u0103rat, \u00eencepe prin a-\u021bi aminti cine sunt eu.\u201d<\/p>\n\n\n\n<p><\/p>\n\n\n\n<p>Am \u00eenchis u\u0219a, dar nu inima.<\/p>\n\n\n\n<p><\/p>\n\n\n\n<p>Pentru c\u0103 adev\u0103rata putere nu st\u0103 \u00een bani sau \u00een acte. Adev\u0103rata putere st\u0103 \u00een demnitatea de a-\u021bi ridica fruntea \u0219i de a spune: \u201eNu mai accept s\u0103 fiu umilit.\u201d<\/p>\n\n\n\n<p><\/p>\n\n\n\n<p>\u0218i \u00een acea zi, am \u0219tiut c\u0103, pentru prima dat\u0103 dup\u0103 ani de sacrificii t\u0103cute, eram din nou eu \u00eens\u0103mi.<\/p>\n\n\n\n<p><\/p>\n\n\n\n<p><em>Aceast\u0103 lucrare este inspirat\u0103 din evenimente \u0219i persoane reale, \u00eens\u0103 a fost fic\u021bionalizat\u0103 \u00een scopuri creative. Numele, personajele \u0219i detaliile au fost schimbate pentru a proteja intimitatea \u0219i pentru a \u00eembun\u0103t\u0103\u021bi nara\u021biunea. Orice asem\u0103nare cu persoane reale, \u00een via\u021b\u0103 sau decedate, sau cu evenimente reale este pur \u00eent\u00e2mpl\u0103toare \u0219i nu este inten\u021bionat\u0103 de c\u0103tre autor.<\/em><\/p>\n\n\n\n<p><em>Autorul \u0219i editorul nu \u00ee\u0219i asum\u0103 responsabilitatea pentru exactitatea evenimentelor sau pentru modul \u00een care sunt portretizate personajele \u0219i nu sunt r\u0103spunz\u0103tori pentru eventuale interpret\u0103ri gre\u0219ite. Aceast\u0103 poveste este oferit\u0103 \u201eca atare\u201d, iar orice opinii exprimate apar\u021bin personajelor \u0219i nu reflect\u0103 punctele de vedere ale autorului sau ale editorului.<\/em><\/p>\n","protected":false},"excerpt":{"rendered":"<p>Planurile nu erau despre r\u0103zbunare, ci despre libertate. Despre a-mi aminti cine sunt \u0219i ce \u00eenseamn\u0103 demnitatea. Ani de zile, m\u0103 obi\u0219nuisem s\u0103 cred c\u0103<\/p>\n","protected":false},"author":1,"featured_media":40939,"comment_status":"closed","ping_status":"closed","sticky":false,"template":"","format":"standard","meta":[],"categories":[1],"tags":[],"_links":{"self":[{"href":"https:\/\/calatorinromania.com\/index.php?rest_route=\/wp\/v2\/posts\/41402"}],"collection":[{"href":"https:\/\/calatorinromania.com\/index.php?rest_route=\/wp\/v2\/posts"}],"about":[{"href":"https:\/\/calatorinromania.com\/index.php?rest_route=\/wp\/v2\/types\/post"}],"author":[{"embeddable":true,"href":"https:\/\/calatorinromania.com\/index.php?rest_route=\/wp\/v2\/users\/1"}],"replies":[{"embeddable":true,"href":"https:\/\/calatorinromania.com\/index.php?rest_route=%2Fwp%2Fv2%2Fcomments&post=41402"}],"version-history":[{"count":1,"href":"https:\/\/calatorinromania.com\/index.php?rest_route=\/wp\/v2\/posts\/41402\/revisions"}],"predecessor-version":[{"id":41403,"href":"https:\/\/calatorinromania.com\/index.php?rest_route=\/wp\/v2\/posts\/41402\/revisions\/41403"}],"wp:featuredmedia":[{"embeddable":true,"href":"https:\/\/calatorinromania.com\/index.php?rest_route=\/wp\/v2\/media\/40939"}],"wp:attachment":[{"href":"https:\/\/calatorinromania.com\/index.php?rest_route=%2Fwp%2Fv2%2Fmedia&parent=41402"}],"wp:term":[{"taxonomy":"category","embeddable":true,"href":"https:\/\/calatorinromania.com\/index.php?rest_route=%2Fwp%2Fv2%2Fcategories&post=41402"},{"taxonomy":"post_tag","embeddable":true,"href":"https:\/\/calatorinromania.com\/index.php?rest_route=%2Fwp%2Fv2%2Ftags&post=41402"}],"curies":[{"name":"wp","href":"https:\/\/api.w.org\/{rel}","templated":true}]}}