{"id":41400,"date":"2025-08-25T10:27:03","date_gmt":"2025-08-25T10:27:03","guid":{"rendered":"https:\/\/calatorinromania.com\/?p=41400"},"modified":"2025-08-25T10:27:04","modified_gmt":"2025-08-25T10:27:04","slug":"menajera-adormise-pe-podea-cu-bebelusul-in-brate","status":"publish","type":"post","link":"https:\/\/calatorinromania.com\/?p=41400","title":{"rendered":"Menajera adormise pe podea, cu bebelu\u0219ul \u00een bra\u021be"},"content":{"rendered":"\n<p>O raz\u0103 sub\u021bire de soare str\u0103punse perdeaua grea, a\u0219ez\u00e2ndu-se direct peste chipul lini\u0219tit al feti\u021bei. Maya sim\u021bi o tres\u0103rire \u00een inim\u0103, ca \u0219i cum via\u021ba \u00eentreag\u0103 se adunase \u00een acel moment. Lini\u0219tea camerei era aproape ireal\u0103, dar \u00een aer plutea ceva nou, o tensiune pe care nu o putea numi.<\/p>\n\n\n\n<p><\/p>\n\n\n\n<p>\u00cen clipa urm\u0103toare, un zgomot surd r\u0103sun\u0103 din biroul de jos. Pa\u0219i gr\u0103bi\u021bi, u\u0219a tr\u00e2ntit\u0103, vocea lui Nathaniel ridicat\u0103 peste murmurul altor b\u0103rba\u021bi. Maya se aplec\u0103 instinctiv asupra copilului, lipindu-\u0219i obrazul de p\u0103rul ei moale.<\/p>\n\n\n\n<p><\/p>\n\n\n\n<p>\u201eNu acum,\u201d \u0219opti ea pentru sine, \u201enu c\u00e2nd doarme\u2026\u201d<\/p>\n\n\n\n<p><\/p>\n\n\n\n<p>Dar zarva nu se domoli. \u00cen cur\u00e2nd, Nathaniel ap\u0103ru \u00een prag, cu fa\u021ba tensionat\u0103 \u0219i cu ochii \u00eentuneca\u021bi. \u00cen m\u00e2na lui str\u0103lucea o scrisoare \u0219ifonat\u0103.<\/p>\n\n\n\n<p><\/p>\n\n\n\n<p>\u201eMaya,\u201d rosti el, pe jum\u0103tate r\u0103gu\u0219it. \u201eTrebuie s\u0103 \u0219tii ceva. Nu e doar o servitoare care are grij\u0103 de copilul meu. E\u0219ti\u2026 mai mult dec\u00e2t at\u00e2t.\u201d<\/p>\n\n\n\n<p><\/p>\n\n\n\n<p>Ea \u00eel privi f\u0103r\u0103 s\u0103 \u00een\u021beleag\u0103, str\u00e2ng\u00e2nd mai tare feti\u021ba.<\/p>\n\n\n\n<p><\/p>\n\n\n\n<p>\u201eCe spui?\u201d<\/p>\n\n\n\n<p><\/p>\n\n\n\n<p>\u201eLili\u2026 nu e doar fiica mea. E \u0219i\u2026\u201d Se opri, ezit\u00e2nd. \u201eMama ei a plecat, fugind cu altcineva. Copilul n-a mai cunoscut bra\u021be calde. P\u00e2n\u0103 la tine. Tu i-ai dat ceea ce eu nu am \u0219tiut s\u0103 dau.\u201d<\/p>\n\n\n\n<p><\/p>\n\n\n\n<p>Maya sim\u021bi cum \u00eei ard obrajii. O via\u021b\u0103 \u00eentreag\u0103 fusese umilit\u0103, tratat\u0103 ca o umbr\u0103. \u0218i totu\u0219i, acum, \u00een ochii acelui b\u0103rbat, se citea altceva. Vulnerabilitate. Team\u0103. Recuno\u0219tin\u021b\u0103.<\/p>\n\n\n\n<p><\/p>\n\n\n\n<p>Se ridic\u0103 \u00eencet, a\u0219ez\u00e2nd copilul \u00een p\u0103tu\u021bul mic. \u201eNu pentru tine am f\u0103cut-o,\u201d spuse ea, vocea tremur\u00e2nd\u0103. \u201ePentru ea. Copiii simt cine \u00eei iube\u0219te cu adev\u0103rat. \u0218i eu \u0219tiu cum e s\u0103 nu te vrea nimeni.\u201d<\/p>\n\n\n\n<p><\/p>\n\n\n\n<p>\u00cen acel moment, Nathaniel \u00ee\u0219i l\u0103s\u0103 masca jos. Se apropie \u0219i, pentru prima dat\u0103, \u00eengenunche l\u00e2ng\u0103 p\u0103tu\u021b. \u00centinse degetul, iar Lili, \u00een somn, \u00eel apuc\u0103 str\u00e2ns. Chipul lui se \u00eenmuie.<\/p>\n\n\n\n<p><\/p>\n\n\n\n<p>\u201eNu \u0219tiu s\u0103 fiu tat\u0103,\u201d recunoscu el.<\/p>\n\n\n\n<p>Maya \u00eel privi lung. \u201eAtunci \u00eenva\u021b\u0103. Dar nu singur. \u00cen Rom\u00e2nia noastr\u0103, copiii cresc cu pove\u0219ti, cu c\u00e2ntece de leag\u0103n, cu bunici care \u00eei m\u00e2ng\u00e2ie \u0219i \u00eei \u00eenva\u021b\u0103 ce-i bine. Eu am crescut doar cu munc\u0103 \u0219i t\u0103cere. Dar ea merit\u0103 mai mult. Merit\u0103 s\u0103 simt\u0103 acas\u0103.\u201d<\/p>\n\n\n\n<p><\/p>\n\n\n\n<p>Cuvintele pluteau \u00een aer ca un jur\u0103m\u00e2nt. \u00cen t\u0103cerea ce a urmat, Nathaniel p\u0103rea c\u0103 ascult\u0103 nu doar vocea Mayei, ci \u0219i c\u00e2ntecul nev\u0103zut al casei, o amintire a vremurilor c\u00e2nd mesele mari adunau familii \u00eentregi, c\u00e2nd p\u00e2inea se rupea cu m\u00e2na \u0219i binecuv\u00e2ntarea se rostea \u00eenainte de mas\u0103.<\/p>\n\n\n\n<p><\/p>\n\n\n\n<p>Pentru prima oar\u0103, nu mai era vorba de bani, titluri sau putere. Ci de un copil care cerea dragoste \u0219i de doi oameni care trebuiau s\u0103 decid\u0103 dac\u0103 sunt gata s\u0103 o ofere.<\/p>\n\n\n\n<p><\/p>\n\n\n\n<p>Maya sim\u021bi c\u0103 inima i se lini\u0219te\u0219te. Nu era iubire \u00eentre ei, nu \u00eenc\u0103, dar era \u00eenceputul unei schimb\u0103ri. Lili z\u00e2mbea \u00een somn, cu pumni\u0219orii str\u00e2n\u0219i, ca \u0219i cum ar fi \u0219tiut c\u0103 lumea din jurul ei tocmai se cl\u0103dea din nou.<\/p>\n\n\n\n<p><\/p>\n\n\n\n<p>Iar Maya, cu ochii umezi, \u00een\u021belese c\u0103 uneori via\u021ba aduce \u00een acela\u0219i loc suflete pierdute nu pentru a se r\u0103ni, ci pentru a se vindeca \u00eempreun\u0103.<\/p>\n\n\n\n<p><\/p>\n\n\n\n<p>A\u0219a \u00eencepea o nou\u0103 poveste. Una \u00een care un miliardar \u00eenv\u0103\u021ba s\u0103 fie tat\u0103, iar o servitoare descoperea c\u0103 valoarea unui om nu se m\u0103soar\u0103 \u00een bani, ci \u00een c\u0103ldura pe care o las\u0103 \u00een urma lui.<\/p>\n\n\n\n<p><\/p>\n\n\n\n<p>\u0218i poate c\u0103, \u00een acea cas\u0103 rece, pentru prima dat\u0103 dup\u0103 mult timp, se aprinsese din nou focul unui c\u0103min adev\u0103rat.<\/p>\n\n\n\n<p><\/p>\n\n\n\n<p><em>Aceast\u0103 lucrare este inspirat\u0103 din evenimente \u0219i persoane reale, \u00eens\u0103 a fost fic\u021bionalizat\u0103 \u00een scopuri creative. Numele, personajele \u0219i detaliile au fost schimbate pentru a proteja intimitatea \u0219i pentru a \u00eembun\u0103t\u0103\u021bi nara\u021biunea. Orice asem\u0103nare cu persoane reale, \u00een via\u021b\u0103 sau decedate, sau cu evenimente reale este pur \u00eent\u00e2mpl\u0103toare \u0219i nu este inten\u021bionat\u0103 de c\u0103tre autor.<\/em><\/p>\n\n\n\n<p><\/p>\n\n\n\n<p><em>Autorul \u0219i editorul nu \u00ee\u0219i asum\u0103 responsabilitatea pentru exactitatea evenimentelor sau pentru modul \u00een care sunt portretizate personajele \u0219i nu sunt r\u0103spunz\u0103tori pentru eventuale interpret\u0103ri gre\u0219ite. Aceast\u0103 poveste este oferit\u0103 \u201eca atare\u201d, iar orice opinii exprimate apar\u021bin personajelor \u0219i nu reflect\u0103 punctele de vedere ale autorului sau ale editorului.<\/em><\/p>\n\n\n\n<p><\/p>\n","protected":false},"excerpt":{"rendered":"<p>O raz\u0103 sub\u021bire de soare str\u0103punse perdeaua grea, a\u0219ez\u00e2ndu-se direct peste chipul lini\u0219tit al feti\u021bei. Maya sim\u021bi o tres\u0103rire \u00een inim\u0103, ca \u0219i cum via\u021ba<\/p>\n","protected":false},"author":1,"featured_media":40939,"comment_status":"closed","ping_status":"closed","sticky":false,"template":"","format":"standard","meta":[],"categories":[1],"tags":[],"_links":{"self":[{"href":"https:\/\/calatorinromania.com\/index.php?rest_route=\/wp\/v2\/posts\/41400"}],"collection":[{"href":"https:\/\/calatorinromania.com\/index.php?rest_route=\/wp\/v2\/posts"}],"about":[{"href":"https:\/\/calatorinromania.com\/index.php?rest_route=\/wp\/v2\/types\/post"}],"author":[{"embeddable":true,"href":"https:\/\/calatorinromania.com\/index.php?rest_route=\/wp\/v2\/users\/1"}],"replies":[{"embeddable":true,"href":"https:\/\/calatorinromania.com\/index.php?rest_route=%2Fwp%2Fv2%2Fcomments&post=41400"}],"version-history":[{"count":1,"href":"https:\/\/calatorinromania.com\/index.php?rest_route=\/wp\/v2\/posts\/41400\/revisions"}],"predecessor-version":[{"id":41401,"href":"https:\/\/calatorinromania.com\/index.php?rest_route=\/wp\/v2\/posts\/41400\/revisions\/41401"}],"wp:featuredmedia":[{"embeddable":true,"href":"https:\/\/calatorinromania.com\/index.php?rest_route=\/wp\/v2\/media\/40939"}],"wp:attachment":[{"href":"https:\/\/calatorinromania.com\/index.php?rest_route=%2Fwp%2Fv2%2Fmedia&parent=41400"}],"wp:term":[{"taxonomy":"category","embeddable":true,"href":"https:\/\/calatorinromania.com\/index.php?rest_route=%2Fwp%2Fv2%2Fcategories&post=41400"},{"taxonomy":"post_tag","embeddable":true,"href":"https:\/\/calatorinromania.com\/index.php?rest_route=%2Fwp%2Fv2%2Ftags&post=41400"}],"curies":[{"name":"wp","href":"https:\/\/api.w.org\/{rel}","templated":true}]}}