{"id":41390,"date":"2025-08-25T09:49:49","date_gmt":"2025-08-25T09:49:49","guid":{"rendered":"https:\/\/calatorinromania.com\/?p=41390"},"modified":"2025-08-25T09:49:50","modified_gmt":"2025-08-25T09:49:50","slug":"medicii-au-decis-sa-o-deconecteze-de-la-aparate-pe-femeia-care-se-afla-in-coma-de-3-luni","status":"publish","type":"post","link":"https:\/\/calatorinromania.com\/?p=41390","title":{"rendered":"\u201dMedicii au decis s\u0103 o deconecteze de la aparate pe femeia care se afla \u00een com\u0103 de 3 luni\u201d"},"content":{"rendered":"\n<p>Medicii au decis s\u0103 deconecteze de la aparate o femeie care se afla de 3 luni \u00een com\u0103. So\u021bul ei a cerut s\u0103 i se acorde timp s\u0103 \u00ee\u0219i ia r\u0103mas-bun de la so\u021bie, s-a aplecat \u0219i i-a \u0219optit la ureche ceva \u00eengrozitor\u00a0<\/p>\n\n\n\n<p><\/p>\n\n\n\n<p>Salonul era cufundat \u00een lini\u0219te. Doar \u021biuitul constant al aparatelor \u0219i lumina difuz\u0103 a veiozei de noapte se mai sim\u021beau \u00een \u00eenc\u0103pere. Femeia z\u0103cea nemi\u0219cat\u0103 de aproape trei luni. So\u021bul ei venea zilnic, o \u021binea de m\u00e2n\u0103, \u00ee\u0219i l\u0103sa capul pe pern\u0103 l\u00e2ng\u0103 ea \u0219i \u00eei \u0219optea cuvinte de dragoste. Pentru to\u021bi, el era un exemplu de devotament.<\/p>\n\n\n\n<p><\/p>\n\n\n\n<p>C\u00e2nd medicii i-au spus c\u0103 nu mai exist\u0103 nicio speran\u021b\u0103, c\u0103 trupul so\u021biei se stinge treptat \u0219i c\u0103 a venit momentul s\u0103 accepte decizia \u2014 b\u0103rbatul a izbucnit \u00een lacrimi.<\/p>\n\n\n\n<p><\/p>\n\n\n\n<p>P\u0103rea c\u0103 sufletul i se rupe \u00een buc\u0103\u021bi. A implorat s\u0103 i se dea timp s\u0103 \u00ee\u0219i ia r\u0103mas-bun. \u00cen salon, str\u00e2ng\u00e2ndu-i m\u00e2na rece, s-a aplecat, \u0219i-a s\u0103rutat cu bl\u00e2nde\u021be so\u021bia pe frunte \u0219i i-a \u0219optit ceva nea\u0219teptat\u00a0\u00a0So\u021bul nici nu b\u0103nuia c\u0103, dincolo de u\u0219\u0103, se afla cineva care \u00eel privea atent, urm\u0103rindu-i fiecare gest\u00a0<\/p>\n\n\n\n<p><\/p>\n\n\n\n<p>Medicii au decis s\u0103 deconecteze de la aparate o femeie care era de c\u00e2teva luni \u00een com\u0103. So\u021bul a cerut s\u0103 i se dea timp s\u0103 \u00ee\u0219i ia r\u0103mas-bun, s-a aplecat \u0219i i-a \u0219optit la ureche ceva \u00eengrozitor.<\/p>\n\n\n\n<p><\/p>\n\n\n\n<p>Cuvintele lui au r\u0103sunat at\u00e2t de \u00eencet, \u00eenc\u00e2t p\u0103reau doar pentru ea:<\/p>\n\n\n\n<p><\/p>\n\n\n\n<p>\u2014 Acum tot ce ai \u00eemi apar\u021bine mie. Adio, draga mea.<\/p>\n\n\n\n<p><\/p>\n\n\n\n<p>Un poli\u021bist \u00eembr\u0103cat civil \u00eel urm\u0103rea. Cu c\u00e2teva s\u0103pt\u0103m\u00e2ni \u00eenainte ap\u0103ruser\u0103 suspiciuni c\u0103 starea femeii nu fusese cauzat\u0103 de un accident.<\/p>\n\n\n\n<p><\/p>\n\n\n\n<p>Analizele ar\u0103tau urme de microdoze de otrav\u0103 \u00een s\u00e2nge, prea mici pentru a o ucide pe loc, dar suficient de mari pentru a o \u021bine \u00eentre via\u021b\u0103 \u0219i moarte.<\/p>\n\n\n\n<p><\/p>\n\n\n\n<p>Poli\u021bi\u0219tii au decis s\u0103 \u00eentind\u0103 o capcan\u0103. Medicii i-au spus so\u021bului despre \u201esf\u00e2r\u0219itul inevitabil\u201d, dar au permis \u0219i supravegherea ascuns\u0103. \u0218i iat\u0103 \u2014 m\u0103rturisirea aruncat\u0103 \u00een gol a devenit dovada. B\u0103rbatul s-a dat singur de gol.<\/p>\n\n\n\n<p>C\u00e2nd a ie\u0219it din salon, a fost \u00eent\u00e2mpinat de doi poli\u021bi\u0219ti \u00een uniform\u0103. La \u00eenceput nici nu a \u00een\u021beles ce se \u00eent\u00e2mpl\u0103, dar apoi, v\u0103z\u00e2nd privirile reci, a \u00eencercat s\u0103 se justifice. Era prea t\u00e2rziu. A fost condus \u00een c\u0103tu\u0219e pe coridorul lung.<\/p>\n\n\n\n<p>Iar \u00een salon ea r\u0103m\u0103sese. Medicii \u0219tiau c\u0103, f\u0103r\u0103 otr\u0103virea constant\u0103, organismul ei va \u00eencepe s\u0103 lupte. \u0218i, \u00eentr-adev\u0103r \u2014 dup\u0103 c\u00e2teva zile, monitoarele au ar\u0103tat primele semne de \u00eembun\u0103t\u0103\u021bire.<\/p>\n\n\n\n<p>Femeia \u0219i-a mi\u0219cat degetele, apoi a deschis ochii. Lumea a \u00eent\u00e2mpinat-o cu \u0219oapta unei asistente:<\/p>\n\n\n\n<p>\u2014 Totul a trecut. Sunte\u021bi \u00een siguran\u021b\u0103.<\/p>\n\n\n\n<p>Mult timp ea nu a \u00een\u021beles ce se \u00eent\u00e2mplase. Dar adev\u0103rul i-a fost spus mai t\u00e2rziu. So\u021bul care \u00eei jura iubire \u0219i st\u0103tea la c\u0103p\u0103t\u00e2iul ei o otr\u0103vise, \u00eencet, \u00een tot acest timp. Iar salvarea ei a venit chiar \u00een acel moment \u00een care el, sigur pe victoria sa, nu s-a putut ab\u021bine \u0219i \u0219i-a dezv\u0103luit secretul.<\/p>\n\n\n\n<p><em>Aceast\u0103 lucrare este inspirat\u0103 din evenimente \u0219i persoane reale, \u00eens\u0103 a fost fic\u021bionalizat\u0103 \u00een scopuri creative. Numele, personajele \u0219i detaliile au fost schimbate pentru a proteja intimitatea \u0219i pentru a \u00eembun\u0103t\u0103\u021bi nara\u021biunea. Orice asem\u0103nare cu persoane reale, \u00een via\u021b\u0103 sau decedate, sau cu evenimente reale este pur \u00eent\u00e2mpl\u0103toare \u0219i nu este inten\u021bionat\u0103 de c\u0103tre autor.<\/em><\/p>\n\n\n\n<p><em>Autorul \u0219i editorul nu \u00ee\u0219i asum\u0103 responsabilitatea pentru exactitatea evenimentelor sau pentru modul \u00een care sunt portretizate personajele \u0219i nu sunt r\u0103spunz\u0103tori pentru eventuale interpret\u0103ri gre\u0219ite. Aceast\u0103 poveste este oferit\u0103 \u201eca atare\u201d, iar orice opinii exprimate apar\u021bin personajelor \u0219i nu reflect\u0103 punctele de vedere ale autorului sau ale editorului.<\/em><\/p>\n","protected":false},"excerpt":{"rendered":"<p>Medicii au decis s\u0103 deconecteze de la aparate o femeie care se afla de 3 luni \u00een com\u0103. So\u021bul ei a cerut s\u0103 i se<\/p>\n","protected":false},"author":1,"featured_media":40939,"comment_status":"closed","ping_status":"closed","sticky":false,"template":"","format":"standard","meta":[],"categories":[1],"tags":[],"_links":{"self":[{"href":"https:\/\/calatorinromania.com\/index.php?rest_route=\/wp\/v2\/posts\/41390"}],"collection":[{"href":"https:\/\/calatorinromania.com\/index.php?rest_route=\/wp\/v2\/posts"}],"about":[{"href":"https:\/\/calatorinromania.com\/index.php?rest_route=\/wp\/v2\/types\/post"}],"author":[{"embeddable":true,"href":"https:\/\/calatorinromania.com\/index.php?rest_route=\/wp\/v2\/users\/1"}],"replies":[{"embeddable":true,"href":"https:\/\/calatorinromania.com\/index.php?rest_route=%2Fwp%2Fv2%2Fcomments&post=41390"}],"version-history":[{"count":1,"href":"https:\/\/calatorinromania.com\/index.php?rest_route=\/wp\/v2\/posts\/41390\/revisions"}],"predecessor-version":[{"id":41391,"href":"https:\/\/calatorinromania.com\/index.php?rest_route=\/wp\/v2\/posts\/41390\/revisions\/41391"}],"wp:featuredmedia":[{"embeddable":true,"href":"https:\/\/calatorinromania.com\/index.php?rest_route=\/wp\/v2\/media\/40939"}],"wp:attachment":[{"href":"https:\/\/calatorinromania.com\/index.php?rest_route=%2Fwp%2Fv2%2Fmedia&parent=41390"}],"wp:term":[{"taxonomy":"category","embeddable":true,"href":"https:\/\/calatorinromania.com\/index.php?rest_route=%2Fwp%2Fv2%2Fcategories&post=41390"},{"taxonomy":"post_tag","embeddable":true,"href":"https:\/\/calatorinromania.com\/index.php?rest_route=%2Fwp%2Fv2%2Ftags&post=41390"}],"curies":[{"name":"wp","href":"https:\/\/api.w.org\/{rel}","templated":true}]}}