{"id":41386,"date":"2025-08-25T09:45:31","date_gmt":"2025-08-25T09:45:31","guid":{"rendered":"https:\/\/calatorinromania.com\/?p=41386"},"modified":"2025-08-25T09:45:32","modified_gmt":"2025-08-25T09:45:32","slug":"sora-mea-mi-a-furat-logodnicul-iar-ani-mai-tarziu-a-venit-la-inmo-rmantarea-mamei-cu-el-si-a-avut-parte-de-socul-vietii","status":"publish","type":"post","link":"https:\/\/calatorinromania.com\/?p=41386","title":{"rendered":"\u201dSora mea mi-a furat logodnicul \u2013 iar ani mai t\u00e2rziu a venit la \u00eenmo.rm\u00e2ntarea mamei cu el\u2026 \u0219i a avut parte de \u0219ocul vie\u021bii\u201d"},"content":{"rendered":"\n<p>Sora mea mi-a furat logodnicul \u2014 iar ani mai t\u00e2rziu a venit la \u00eenmorm\u00e2ntarea mamei cu el\u2026 \u0219i a avut parte de \u0219ocul vie\u021bii.<\/p>\n\n\n\n<p><\/p>\n\n\n\n<p>Acum \u0219ase ani, am privit cum via\u021ba mea se pr\u0103bu\u0219e\u0219te pas cu pas. Mai erau doar c\u00e2teva s\u0103pt\u0103m\u00e2ni p\u00e2n\u0103 la nunta mea cu Nicolae \u2014 un b\u0103rbat de succes, elegant, apreciat de toat\u0103 lumea. Inclusiv de sora mea, Silvia.<\/p>\n\n\n\n<p><\/p>\n\n\n\n<p>Nu am fost niciodat\u0103 apropiate, dar am \u00eencercat s\u0103 schimb asta aleg\u00e2nd-o domni\u0219oar\u0103 de onoare. Am crezut c\u0103, dac\u0103 o includ, vom putea vindeca r\u0103ni mai vechi.<\/p>\n\n\n\n<p><\/p>\n\n\n\n<p>\u00cen schimb, i-am oferit ocazia perfect\u0103 s\u0103 m\u0103 r\u0103neasc\u0103. Am g\u0103sit unul dintre cerceii ei \u00een ma\u0219ina lui. Dou\u0103 zile mai t\u00e2rziu, am intrat \u00een biroul lui \u0219i i-am surprins s\u0103rut\u00e2ndu-se.<\/p>\n\n\n\n<p><\/p>\n\n\n\n<p>Ea nici m\u0103car nu a tres\u0103rit.<\/p>\n\n\n\n<p><\/p>\n\n\n\n<p>\u2014 S-a \u00eent\u00e2mplat pur \u0219i simplu, a spus.<\/p>\n\n\n\n<p>Nicolae nu a spus nimic. Doar a chemat paza \u0219i m-a scos din via\u021ba lui.<\/p>\n\n\n\n<p>Am anulat totul. Am pl\u00e2ns al\u0103turi de mama. Tata a r\u0103mas mut de neputin\u021b\u0103.<\/p>\n\n\n\n<p>Apoi mi-am f\u0103cut bagajele \u0219i m-am mutat la Cluj.<\/p>\n\n\n\n<p>Acolo l-am cunoscut pe Valentin.<\/p>\n\n\n\n<p>F\u0103r\u0103 jocuri, f\u0103r\u0103 str\u0103lucire fals\u0103. Doar o for\u021b\u0103 lini\u0219tit\u0103.<\/p>\n\n\n\n<p>M-a ascultat c\u00e2nd i-am povestit totul \u2014 despre tr\u0103dare, despre pierdere, despre haos.<\/p>\n\n\n\n<p>\u2014 Fosta mea so\u021bie a fugit cu cel mai bun prieten al meu, mi-a spus. Dar asta nu te define\u0219te.<\/p>\n\n\n\n<p>Nu s-a limitat s\u0103-mi spun\u0103 c\u0103 m\u0103 iube\u0219te. Mi-a ar\u0103tat.<\/p>\n\n\n\n<p>C\u00e2nd m-a cerut \u00een c\u0103s\u0103torie, nu mi-a oferit un diamant str\u0103lucitor, ci un smarald \u0219i aceste cuvinte:<br>\u2014 Spune \u201eda\u201d c\u00e2nd te vei sim\u021bi preg\u0103tit\u0103.<\/p>\n\n\n\n<p>Am spus \u201eda\u201d chiar \u00een aceea\u0219i sear\u0103.<\/p>\n\n\n\n<p>Trec repede la opt luni \u00een urm\u0103 \u2014 \u00eenmorm\u00e2ntarea mamei mele.<\/p>\n\n\n\n<p>Am v\u0103zut-o pe Silvia \u00eenainte ca ea s\u0103 m\u0103 vad\u0103. \u00cel \u021binea pe Nicolae de bra\u021b ca pe un accesoriu scump. Durerea ei era afi\u0219at\u0103 perfect. La fel \u0219i inelul imens de pe deget.<\/p>\n\n\n\n<p>Valentin s-a \u00eendep\u0103rtat un moment s\u0103 salute c\u00e2teva rude. Atunci, Silvia s-a apropiat.<\/p>\n\n\n\n<p>\u2014 \u00cenc\u0103 singur\u0103 la treizeci \u0219i opt de ani? a \u0219optit ea, cu un z\u00e2mbet batjocoritor.<\/p>\n\n\n\n<p>Nu \u0219tia c\u0103 b\u0103rbatul pe care tocmai \u00eel ironizase se afla chiar \u00een spatele ei.<\/p>\n\n\n\n<p>Iar Nicolae? L-a recunoscut pe loc.<\/p>\n\n\n\n<p>Ce s-a \u00eent\u00e2mplat dup\u0103\u2026 s\u0103 spunem doar c\u0103 z\u00e2mbetul Silviei a disp\u0103rut brusc.<\/p>\n\n\n\n<p>Valentin a p\u0103\u0219it \u00een fa\u021ba mea, privindu-se direct cu Silvia. Z\u00e2mbetul ei s-a transformat \u00eentr-o grimas\u0103 atunci c\u00e2nd el mi-a pus bra\u021bul protector pe umeri.<\/p>\n\n\n\n<p>\u2014 Dragostea mea, a spus el, e\u0219ti bine?<\/p>\n\n\n\n<p>Privirea Silviei a alunecat de la mine la el, apoi s-a \u00eentors spre Nicolae. Fostul meu logodnic p\u0103rea \u00eencurcat, aproape st\u00e2njenit.<\/p>\n\n\n\n<p>\u2014 Nu cred c\u0103 ne-am prezentat, a continuat Valentin calm, \u00eentinz\u00e2nd m\u00e2na c\u0103tre Nicolae. Eu sunt so\u021bul ei.<\/p>\n\n\n\n<p>Silvia a clipit de c\u00e2teva ori, dar nu a scos niciun cuv\u00e2nt. Nicolae i-a l\u0103sat m\u00e2na \u00een aer, uit\u00e2ndu-se c\u00e2nd la mine, c\u00e2nd la el.<\/p>\n\n\n\n<p>\u2014 Poate ar trebui s\u0103 mergem, i-a spus Silvia pe un ton sc\u0103zut, tr\u0103g\u00e2ndu-l de bra\u021b.<\/p>\n\n\n\n<p>Ei au plecat repede, iar eu am r\u0103mas l\u00e2ng\u0103 Valentin, sim\u021bind cum toat\u0103 tensiunea acumulat\u0103 \u00een ani se risipe\u0219te.<\/p>\n\n\n\n<p>Dup\u0103 \u00eenmorm\u00e2ntare, am mers la p\u0103rin\u021bii lui Valentin. Ne-au primit cu c\u0103ldur\u0103, preg\u0103tiser\u0103 cina \u0219i ne-au \u00eembr\u0103\u021bi\u0219at am\u00e2ndoi. Pentru prima dat\u0103 dup\u0103 mult timp, am sim\u021bit c\u0103 fac parte dintr-o familie adev\u0103rat\u0103.<\/p>\n\n\n\n<p>Iar \u00een acea sear\u0103, st\u00e2nd pe terasa lor, sub un cer limpede, am realizat c\u0103 tot ce pierdusem alt\u0103dat\u0103 fusese doar pentru a face loc unui viitor mult mai bun.<\/p>\n\n\n\n<p>Dac\u0103 \u021bi-a pl\u0103cut povestea, nu uita s\u0103 o distribui cu prietenii t\u0103i! \u00cempreun\u0103 putem duce mai departe emo\u021bia \u0219i inspira\u021bia.<\/p>\n\n\n\n<p>\u201dAceast\u0103 poveste este inspirat\u0103 din evenimente \u0219i persoane reale, \u00eens\u0103 a fost fic\u021bionalizat\u0103 \u00een scopuri creative. Numele, personajele \u0219i detaliile au fost schimbate pentru a proteja intimitatea \u0219i pentru a \u00eembun\u0103t\u0103\u021bi nara\u021biunea. Orice asem\u0103nare cu persoane reale, sau cu evenimente reale este pur \u00eent\u00e2mpl\u0103toare \u0219i nu este inten\u021bionat\u0103 de c\u0103tre autor.<\/p>\n\n\n\n<p>Autorul \u0219i editorul nu \u00ee\u0219i asum\u0103 responsabilitatea pentru exactitatea evenimentelor sau pentru modul \u00een care sunt portretizate personajele \u0219i nu sunt r\u0103spunz\u0103tori pentru eventuale interpret\u0103ri gre\u0219ite. Aceast\u0103 poveste este oferit\u0103 \u201eca atare\u201d, iar orice opinii exprimate apar\u021bin personajelor \u0219i nu reflect\u0103 punctele de vedere ale autorului sau ale editorului.\u201d<\/p>\n","protected":false},"excerpt":{"rendered":"<p>Sora mea mi-a furat logodnicul \u2014 iar ani mai t\u00e2rziu a venit la \u00eenmorm\u00e2ntarea mamei cu el\u2026 \u0219i a avut parte de \u0219ocul vie\u021bii. Acum<\/p>\n","protected":false},"author":1,"featured_media":40939,"comment_status":"closed","ping_status":"closed","sticky":false,"template":"","format":"standard","meta":[],"categories":[1],"tags":[],"_links":{"self":[{"href":"https:\/\/calatorinromania.com\/index.php?rest_route=\/wp\/v2\/posts\/41386"}],"collection":[{"href":"https:\/\/calatorinromania.com\/index.php?rest_route=\/wp\/v2\/posts"}],"about":[{"href":"https:\/\/calatorinromania.com\/index.php?rest_route=\/wp\/v2\/types\/post"}],"author":[{"embeddable":true,"href":"https:\/\/calatorinromania.com\/index.php?rest_route=\/wp\/v2\/users\/1"}],"replies":[{"embeddable":true,"href":"https:\/\/calatorinromania.com\/index.php?rest_route=%2Fwp%2Fv2%2Fcomments&post=41386"}],"version-history":[{"count":1,"href":"https:\/\/calatorinromania.com\/index.php?rest_route=\/wp\/v2\/posts\/41386\/revisions"}],"predecessor-version":[{"id":41387,"href":"https:\/\/calatorinromania.com\/index.php?rest_route=\/wp\/v2\/posts\/41386\/revisions\/41387"}],"wp:featuredmedia":[{"embeddable":true,"href":"https:\/\/calatorinromania.com\/index.php?rest_route=\/wp\/v2\/media\/40939"}],"wp:attachment":[{"href":"https:\/\/calatorinromania.com\/index.php?rest_route=%2Fwp%2Fv2%2Fmedia&parent=41386"}],"wp:term":[{"taxonomy":"category","embeddable":true,"href":"https:\/\/calatorinromania.com\/index.php?rest_route=%2Fwp%2Fv2%2Fcategories&post=41386"},{"taxonomy":"post_tag","embeddable":true,"href":"https:\/\/calatorinromania.com\/index.php?rest_route=%2Fwp%2Fv2%2Ftags&post=41386"}],"curies":[{"name":"wp","href":"https:\/\/api.w.org\/{rel}","templated":true}]}}