{"id":41382,"date":"2025-08-25T09:39:39","date_gmt":"2025-08-25T09:39:39","guid":{"rendered":"https:\/\/calatorinromania.com\/?p=41382"},"modified":"2025-08-25T09:39:40","modified_gmt":"2025-08-25T09:39:40","slug":"un-baiat-fara-adapost-a-vazut-o-fotografie-de-nunta-si-a-murmurat-aceea-este-mama-mea","status":"publish","type":"post","link":"https:\/\/calatorinromania.com\/?p=41382","title":{"rendered":"Un b\u0103iat f\u0103r\u0103 ad\u0103post a v\u0103zut o fotografie de nunt\u0103 \u0219i a murmurat: \u201eAceea este mama mea\u201d"},"content":{"rendered":"\n<p>Un b\u0103iat f\u0103r\u0103 ad\u0103post a v\u0103zut o fotografie de nunt\u0103 \u0219i a murmurat: \u201eAceea este mama mea\u201d descoperirea unui secret vechi de un deceniu care a distrus lumea unui milionar<\/p>\n\n\n\n<p><\/p>\n\n\n\n<p>Ion C\u0103linescu avea tot ce \u0219i-ar putea dori un b\u0103rbat \u2014 avere, prestigiu \u0219i o mo\u0219ie vast\u0103, ascuns\u0103 \u00een dealurile de dincolo de Cluj-Napoca.<\/p>\n\n\n\n<p><\/p>\n\n\n\n<p>Ca fondator al uneia dintre cele mai de succes firme de securitate cibernetic\u0103 din Rom\u00e2nia, petrecuse peste dou\u0103zeci de ani transform\u00e2nd o viziune \u00eentr-un imperiu. Cu toate acestea, \u00een ciuda trofeelor, casa sa luxoas\u0103 r\u0103suna a gol. Niciun vin rafinat \u0219i nicio pictur\u0103 de nepre\u021buit nu puteau umple acel gol.<\/p>\n\n\n\n<p><\/p>\n\n\n\n<p>\u00cen fiecare diminea\u021b\u0103, ma\u0219ina lui Ion urma acela\u0219i traseu spre centrul ora\u0219ului, \u0219erpuind printre cl\u0103dirile istorice. De cur\u00e2nd, c\u00e2\u021biva copii f\u0103r\u0103 ad\u0103post \u00eencepuser\u0103 s\u0103 se adune pe l\u00e2ng\u0103 o brut\u0103rie din zon\u0103 \u2014 una care expunea \u00een vitrin\u0103 fotografii de nunt\u0103 locale.<\/p>\n\n\n\n<p><\/p>\n\n\n\n<p>O fotografie, \u00een special \u2014 portretul de nunt\u0103 al lui Ion, f\u0103cut cu zece ani \u00een urm\u0103 \u2014 era ag\u0103\u021bat\u0103 \u00een col\u021bul din dreapta sus. Fusese realizat\u0103 de sora proprietarei brut\u0103riei, o fotograf\u0103 amatoare, \u0219i Ion permisese expunerea ei, deoarece surprindea ceea ce el crezuse c\u0103 era cea mai fericit\u0103 zi din via\u021ba sa.<\/p>\n\n\n\n<p><\/p>\n\n\n\n<p>Dar acea fericire disp\u0103ruse prea repede. Emilia, so\u021bia lui, disp\u0103ruse la doar \u0219ase luni dup\u0103 c\u0103s\u0103torie. F\u0103r\u0103 niciun bilet, f\u0103r\u0103 nicio cerere. Nimic.<\/p>\n\n\n\n<p><\/p>\n\n\n\n<p>Autorit\u0103\u021bile au catalogat cazul drept \u201esuspect\u201d, dar f\u0103r\u0103 dovezi, ancheta a fost \u00eenghe\u021bat\u0103. Ion nu s-a mai rec\u0103s\u0103torit niciodat\u0103. S-a \u00eengropat \u00een munc\u0103 \u0219i \u0219i-a construit o fort\u0103rea\u021b\u0103 digital\u0103 \u00een jurul vie\u021bii sale. Totu\u0219i, \u00eentrebarea \u00eel b\u00e2ntuia zilnic: Ce s-a \u00eent\u00e2mplat cu Emilia?<\/p>\n\n\n\n<p><\/p>\n\n\n\n<p>\u00centr-o diminea\u021b\u0103 ploioas\u0103 de joi, Ion se \u00eendrepta spre o \u0219edin\u021b\u0103 a consiliului director, c\u00e2nd traficul a \u00eencetinit l\u00e2ng\u0103 brut\u0103rie.<\/p>\n\n\n\n<p><\/p>\n\n\n\n<p>A privit pe geamul fumuriu \u0219i a z\u0103rit un b\u0103iat \u2014 de vreo zece ani \u2014 descul\u021b \u0219i ud leoarc\u0103, privind fix spre fotografie. La \u00eenceput, Ion aproape c\u0103 nu l-a observat\u2026 p\u00e2n\u0103 c\u00e2nd copilul a ar\u0103tat spre fotografie \u0219i i-a spus \u00eencet unui v\u00e2nz\u0103tor de l\u00e2ng\u0103 el: \u2014 Aceea este mama mea.<\/p>\n\n\n\n<p>Pulsul lui Ion s-a accelerat.<\/p>\n\n\n\n<p>A cobor\u00e2t geamul pe jum\u0103tate. B\u0103iatul era slab, cu p\u0103rul \u00eenc\u00e2lcit, c\u0103ma\u0219a prea mare at\u00e2rn\u00e2nd pe el. Ion i-a studiat chipul \u2014 \u0219i a sim\u021bit o emo\u021bie ciudat\u0103 \u00een stomac. Ochii b\u0103iatului erau inconfundabili. Verde-cafenii, exact ca ai Emiliei.<\/p>\n\n\n\n<p>\u2014 Hei, pu\u0219tiule, ce-ai spus adineauri? \u00eentreb\u0103 Ion.<\/p>\n\n\n\n<p>B\u0103iatul s-a \u00eentors, clipind spre el.<\/p>\n\n\n\n<p>\u2014 Aceea e mama mea, repet\u0103 el, ar\u0103t\u00e2nd din nou spre fotografie. Obi\u0219nuia s\u0103-mi c\u00e2nte \u00eenainte de culcare. \u00cei \u021bin minte vocea. Apoi, \u00eentr-o zi, a disp\u0103rut.<\/p>\n\n\n\n<p>Ignor\u00e2nd protestele \u0219oferului, Ion a cobor\u00e2t din ma\u0219in\u0103.<br>\u2014 Cum te cheam\u0103, fiule?<br>\u2014 Luca, spuse b\u0103iatul, tremur\u00e2nd.<br>\u2014 Luca\u2026 Ion s-a aplecat s\u0103-l priveasc\u0103 \u00een ochi. Unde locuie\u0219ti?<\/p>\n\n\n\n<p>Luca a \u00eentors privirea.<br>\u2014 Niciunde. Uneori sub pod. Alteori l\u00e2ng\u0103 \u0219ine.<br>\u2014 \u00ce\u021bi mai aminte\u0219ti ceva despre mama ta? \u00eentreb\u0103 Ion, cu voce calm\u0103.<br>\u2014 \u00cei pl\u0103ceau trandafirii, r\u0103spunse Luca. \u0218i purta un colier cu o piatr\u0103 alb\u0103. Ca o perl\u0103.<\/p>\n\n\n\n<p>Inima lui Ion s-a str\u00e2ns. Emilia purta \u00eentotdeauna un pandantiv cu perl\u0103 \u2014 o mo\u0219tenire de la mama ei. Era rar, unic.<\/p>\n\n\n\n<p>\u2014 Trebuie s\u0103 te \u00eentreb ceva important, spuse Ion. \u0218tii cine este tat\u0103l t\u0103u?<br>Luca cl\u0103tin\u0103 din cap.<br>\u2014 Nu l-am cunoscut niciodat\u0103.<\/p>\n\n\n\n<p>Proprietara brut\u0103riei ie\u0219i afar\u0103, atras\u0103 de agita\u021bie. Ion se \u00eentoarse c\u0103tre ea.<br>\u2014 A\u021bi mai v\u0103zut b\u0103iatul acesta?<br>Ea \u00eencuviin\u021b\u0103 din cap.<br>\u2014 Da, vine din c\u00e2nd \u00een c\u00e2nd. Nu cere nimic. Doar se uit\u0103 la poza aia.<\/p>\n\n\n\n<p>Ion \u00ee\u0219i anulate imediat \u0219edin\u021ba. L-a dus pe Luca la un local din apropiere \u0219i i-a comandat ceva cald de m\u00e2ncare. \u00cen timp ce st\u0103teau la mas\u0103, Ion i-a pus \u00eentreb\u0103ri cu grij\u0103. Amintirile lui Luca erau fragmentate \u2014 buc\u0103\u021bi de memorie. O femeie care c\u00e2nta, un apartament cu pere\u021bi verzi, un ursule\u021b de plu\u0219 pe nume Max. Ion abia putea procesa totul, dar ceva ad\u00e2nc \u00een sufletul lui \u00eei spunea c\u0103 adev\u0103rul \u00eencepea, \u00een sf\u00e2r\u0219it, s\u0103 ias\u0103 la lumin\u0103.<\/p>\n\n\n\n<p>A programat un test ADN. Totu\u0219i, \u00een acea noapte, o singur\u0103 \u00eentrebare nu-l l\u0103sa s\u0103 doarm\u0103: Dac\u0103 Luca este fiul meu\u2026 atunci unde a fost Emilia \u00een to\u021bi ace\u0219ti ani? Rezultatul testului ADN a venit dou\u0103 zile mai t\u00e2rziu. Confirmarea era incontestabil\u0103: Luca era fiul lui Ion.<\/p>\n\n\n\n<p>\u0218ocat, dar determinat, Ion a angajat o echip\u0103 de investiga\u021bii private. \u00cen doar c\u00e2teva s\u0103pt\u0103m\u00e2ni, au descoperit un detaliu crucial: cu ani \u00een urm\u0103, Emilia fusese victima unei r\u0103piri. Fusese \u021binut\u0103 captiv\u0103 \u00eentr-o re\u021bea care se ocupa cu trafic de persoane, dar reu\u0219ise s\u0103 evadeze \u00een cele din urm\u0103, grav r\u0103nit\u0103, pierz\u00e2ndu-\u0219i memoria.<\/p>\n\n\n\n<p>Un spital de provincie din zona Moldovei raportase un caz vechi de \u201efemeie f\u0103r\u0103 identitate\u201d, internat\u0103 cu traumatisme \u0219i amnezie par\u021bial\u0103. Ion a plecat imediat.<\/p>\n\n\n\n<p>C\u00e2nd a v\u0103zut-o, nu mai avea \u00eendoieli. De\u0219i timpul \u00ee\u0219i spusese cuv\u00e2ntul, Emilia era acolo. Cu sprijin psihologic \u0219i mult\u0103 r\u0103bdare, ea a \u00eenceput s\u0103-\u0219i recupereze treptat amintirile. Lacrimile nu au lipsit, dar nici speran\u021ba.<\/p>\n\n\n\n<p>La scurt timp dup\u0103 aceea, Ion \u0219i Emilia s-au reunit, iar Luca a primit, pentru prima dat\u0103, ceea ce orice copil merit\u0103: o familie.<\/p>\n\n\n\n<p>Ion \u0219i-a reorganizat via\u021ba. A redus drastic programul de munc\u0103 \u0219i s-a mutat \u00eempreun\u0103 cu Emilia \u0219i Luca \u00eentr-o cas\u0103 mai mic\u0103, dar plin\u0103 de r\u00e2sete \u0219i culoare.<\/p>\n\n\n\n<p>\u00centr-o dup\u0103-amiaz\u0103 senin\u0103, \u00een gr\u0103dina casei, Luca culegea trandafiri albi pentru mama lui. Emilia, a\u0219ezat\u0103 pe o banc\u0103, \u00eei privea cu un z\u00e2mbet senin. Ion, privind la ei, sim\u021bea c\u0103 dup\u0103 zece ani de \u00eentuneric, g\u0103sise din nou lumina. Iar \u00een lumina aceea, dragostea \u00ee\u0219i g\u0103sise din nou locul.<\/p>\n\n\n\n<p>Dac\u0103 \u021bi-a pl\u0103cut povestea, nu uita s\u0103 o distribui cu prietenii t\u0103i! \u00cempreun\u0103 putem duce mai departe emo\u021bia \u0219i inspira\u021bia.<\/p>\n\n\n\n<p>\u201dAceast\u0103 poveste este inspirat\u0103 din evenimente \u0219i persoane reale, \u00eens\u0103 a fost fic\u021bionalizat\u0103 \u00een scopuri creative. Numele, personajele \u0219i detaliile au fost schimbate pentru a proteja intimitatea \u0219i pentru a \u00eembun\u0103t\u0103\u021bi nara\u021biunea. Orice asem\u0103nare cu persoane reale, sau cu evenimente reale este pur \u00eent\u00e2mpl\u0103toare \u0219i nu este inten\u021bionat\u0103 de c\u0103tre autor.<\/p>\n\n\n\n<p>Autorul \u0219i editorul nu \u00ee\u0219i asum\u0103 responsabilitatea pentru exactitatea evenimentelor sau pentru modul \u00een care sunt portretizate personajele \u0219i nu sunt r\u0103spunz\u0103tori pentru eventuale interpret\u0103ri gre\u0219ite. Aceast\u0103 poveste este oferit\u0103 \u201eca atare\u201d, iar orice opinii exprimate apar\u021bin personajelor \u0219i nu reflect\u0103 punctele de vedere ale autorului sau ale editorului.\u201d<\/p>\n","protected":false},"excerpt":{"rendered":"<p>Un b\u0103iat f\u0103r\u0103 ad\u0103post a v\u0103zut o fotografie de nunt\u0103 \u0219i a murmurat: \u201eAceea este mama mea\u201d descoperirea unui secret vechi de un deceniu care<\/p>\n","protected":false},"author":1,"featured_media":40939,"comment_status":"closed","ping_status":"closed","sticky":false,"template":"","format":"standard","meta":[],"categories":[1],"tags":[],"_links":{"self":[{"href":"https:\/\/calatorinromania.com\/index.php?rest_route=\/wp\/v2\/posts\/41382"}],"collection":[{"href":"https:\/\/calatorinromania.com\/index.php?rest_route=\/wp\/v2\/posts"}],"about":[{"href":"https:\/\/calatorinromania.com\/index.php?rest_route=\/wp\/v2\/types\/post"}],"author":[{"embeddable":true,"href":"https:\/\/calatorinromania.com\/index.php?rest_route=\/wp\/v2\/users\/1"}],"replies":[{"embeddable":true,"href":"https:\/\/calatorinromania.com\/index.php?rest_route=%2Fwp%2Fv2%2Fcomments&post=41382"}],"version-history":[{"count":1,"href":"https:\/\/calatorinromania.com\/index.php?rest_route=\/wp\/v2\/posts\/41382\/revisions"}],"predecessor-version":[{"id":41383,"href":"https:\/\/calatorinromania.com\/index.php?rest_route=\/wp\/v2\/posts\/41382\/revisions\/41383"}],"wp:featuredmedia":[{"embeddable":true,"href":"https:\/\/calatorinromania.com\/index.php?rest_route=\/wp\/v2\/media\/40939"}],"wp:attachment":[{"href":"https:\/\/calatorinromania.com\/index.php?rest_route=%2Fwp%2Fv2%2Fmedia&parent=41382"}],"wp:term":[{"taxonomy":"category","embeddable":true,"href":"https:\/\/calatorinromania.com\/index.php?rest_route=%2Fwp%2Fv2%2Fcategories&post=41382"},{"taxonomy":"post_tag","embeddable":true,"href":"https:\/\/calatorinromania.com\/index.php?rest_route=%2Fwp%2Fv2%2Ftags&post=41382"}],"curies":[{"name":"wp","href":"https:\/\/api.w.org\/{rel}","templated":true}]}}