{"id":41380,"date":"2025-08-25T09:33:51","date_gmt":"2025-08-25T09:33:51","guid":{"rendered":"https:\/\/calatorinromania.com\/?p=41380"},"modified":"2025-08-25T09:33:51","modified_gmt":"2025-08-25T09:33:51","slug":"fiul-meu-si-a-adus-logodnica-acasa-in-momentul-in-care-i-am-vazut-chipul-si-i-am-auzit-numele-am-sunat-imediat-la-politie","status":"publish","type":"post","link":"https:\/\/calatorinromania.com\/?p=41380","title":{"rendered":"\u201dFiul meu \u0219i-a adus logodnica acas\u0103 \u2013 \u00een momentul \u00een care i-am v\u0103zut chipul \u0219i i-am auzit numele, am sunat imediat la poli\u021bie\u201d"},"content":{"rendered":"\n<p>Fiul meu \u0219i-a adus logodnica acas\u0103 \u2013 \u00een momentul \u00een care i-am v\u0103zut chipul \u0219i i-am auzit numele, am sunat imediat la poli\u021bie<\/p>\n\n\n\n<p><\/p>\n\n\n\n<p>Fiul meu se \u00eent\u00e2lnea cu aceast\u0103 fat\u0103 de trei luni. Iar cel mai ciudat lucru? Nu o cunoscuser\u0103m niciodat\u0103 \u0219i nici m\u0103car nu-i \u0219tiam numele p\u00e2n\u0103 de cur\u00e2nd. Se cunoscuser\u0103 \u00eentr-o cafenea din apropierea facult\u0103\u021bii lui, iar aparent ea era prea timid\u0103 ca s\u0103 ne cunoasc\u0103.<\/p>\n\n\n\n<p><\/p>\n\n\n\n<p>Dar acum, el \u00eei ceruse m\u00e2na, iar noi am insistat, \u00een cele din urm\u0103, s\u0103 vin\u0103 la noi acas\u0103 pentru a \u00eent\u00e2lni familia.<\/p>\n\n\n\n<p><\/p>\n\n\n\n<p>Am preg\u0103tit o cin\u0103 copioas\u0103, iar so\u021bul meu cump\u0103rase ni\u0219te fripturi excelente. Eram entuziasma\u021bi s\u0103 ne cunoa\u0219tem viitoarea nor\u0103. Dar c\u00e2nd fiul meu a intrat cu ea \u00een cas\u0103, am sim\u021bit cum mi se taie respira\u021bia. Am recunoscut-o pe loc. Iar c\u00e2nd s-a prezentat, totul s-a legat!<\/p>\n\n\n\n<p><\/p>\n\n\n\n<p>\u2014 Claudia, vino cu mine \u00een pivni\u021b\u0103 s\u0103 alegem un vin pentru disear\u0103, i-am spus, l\u0103s\u00e2nd-o s\u0103 mearg\u0103 \u00eenaintea mea. Imediat ce a p\u0103\u0219it \u00een\u0103untru, am \u00eenchis u\u0219a \u00een urma ei.<\/p>\n\n\n\n<p><\/p>\n\n\n\n<p>\u2014 Acum sun\u0103m la poli\u021bie, le-am spus so\u021bului \u0219i fiului meu. Am multe s\u0103 v\u0103 spun.<\/p>\n\n\n\n<p><\/p>\n\n\n\n<p>Fiul meu a izbucnit: \u2014 Ce faci?! E logodnica mea!<\/p>\n\n\n\n<p><\/p>\n\n\n\n<p>L-am privit \u00een ochi, cu o seriozitate pe care nu i-o ar\u0103tasem niciodat\u0103 p\u00e2n\u0103 atunci:<\/p>\n\n\n\n<p><\/p>\n\n\n\n<p>\u2014 E mai mult dec\u00e2t logodnica ta. E c\u0103utat\u0103 de poli\u021bie.<\/p>\n\n\n\n<p>Am scos dintr-un sertar o cutie cu vechi ziare \u0219i i-am pus \u00een fa\u021b\u0103 un articol decupat, de acum aproape doi ani. Pe prima pagin\u0103 era fotografia unei tinere acuzate de \u00een\u0219el\u0103torii financiare \u0219i furt de identitate \u00een mai multe jude\u021be. Numele era acela\u0219i, iar fa\u021ba era inconfundabil\u0103. Poate c\u0103 avea p\u0103rul vopsit \u0219i un machiaj diferit, dar era ea.<\/p>\n\n\n\n<p>\u2014 M-ai min\u021bit, Claudia, i-am spus dincolo de u\u0219a pivni\u021bei. Ai mai f\u0103cut asta. \u0218i acum ai venit \u00een casa mea?<\/p>\n\n\n\n<p>Poli\u021bia a ajuns \u00een mai pu\u021bin de zece minute. Claudia a fost re\u021binut\u0103, iar fiul meu, devastat, nu mai spunea nimic.<\/p>\n\n\n\n<p>S\u0103pt\u0103m\u00e2nile care au urmat au fost grele. Fiul meu nu \u00een\u021belegea cum a putut fi manipulat at\u00e2t de u\u0219or. \u00cei era ru\u0219ine, era furios, dar \u0219i recunosc\u0103tor c\u0103 nu s-a c\u0103s\u0103torit cu ea.<\/p>\n\n\n\n<p>Cu timpul, \u0219i-a revenit. A \u00eenceput s\u0103 se concentreze pe studii, a participat la sesiuni de consiliere, iar peste aproape un an, a \u00eent\u00e2lnit o alt\u0103 fat\u0103 \u2013 o coleg\u0103 de la masterat, cald\u0103, sincer\u0103, complet opusul Claudiei.<\/p>\n\n\n\n<p>Ast\u0103zi sunt c\u0103s\u0103tori\u021bi. Iar c\u00e2nd vorbim despre trecut, o facem cu \u00een\u021belepciune \u0219i cu u\u0219urare. Uneori, o ran\u0103 ad\u00e2nc\u0103 poate deschide drumul c\u0103tre o via\u021b\u0103 mai sigur\u0103 \u0219i mai fericit\u0103.<\/p>\n\n\n\n<p>Dac\u0103 \u021bi-a pl\u0103cut povestea, nu uita s\u0103 o distribui cu prietenii t\u0103i! \u00cempreun\u0103 putem duce mai departe emo\u021bia \u0219i inspira\u021bia.<\/p>\n\n\n\n<p>\u201dAceast\u0103 poveste este inspirat\u0103 din evenimente \u0219i persoane reale, \u00eens\u0103 a fost fic\u021bionalizat\u0103 \u00een scopuri creative. Numele, personajele \u0219i detaliile au fost schimbate pentru a proteja intimitatea \u0219i pentru a \u00eembun\u0103t\u0103\u021bi nara\u021biunea. Orice asem\u0103nare cu persoane reale, sau cu evenimente reale este pur \u00eent\u00e2mpl\u0103toare \u0219i nu este inten\u021bionat\u0103 de c\u0103tre autor.<\/p>\n\n\n\n<p>Autorul \u0219i editorul nu \u00ee\u0219i asum\u0103 responsabilitatea pentru exactitatea evenimentelor sau pentru modul \u00een care sunt portretizate personajele \u0219i nu sunt r\u0103spunz\u0103tori pentru eventuale interpret\u0103ri gre\u0219ite. Aceast\u0103 poveste este oferit\u0103 \u201eca atare\u201d, iar orice opinii exprimate apar\u021bin personajelor \u0219i nu reflect\u0103 punctele de vedere ale autorului sau ale editorului.\u201d<\/p>\n","protected":false},"excerpt":{"rendered":"<p>Fiul meu \u0219i-a adus logodnica acas\u0103 \u2013 \u00een momentul \u00een care i-am v\u0103zut chipul \u0219i i-am auzit numele, am sunat imediat la poli\u021bie Fiul meu<\/p>\n","protected":false},"author":1,"featured_media":40939,"comment_status":"closed","ping_status":"closed","sticky":false,"template":"","format":"standard","meta":[],"categories":[1],"tags":[],"_links":{"self":[{"href":"https:\/\/calatorinromania.com\/index.php?rest_route=\/wp\/v2\/posts\/41380"}],"collection":[{"href":"https:\/\/calatorinromania.com\/index.php?rest_route=\/wp\/v2\/posts"}],"about":[{"href":"https:\/\/calatorinromania.com\/index.php?rest_route=\/wp\/v2\/types\/post"}],"author":[{"embeddable":true,"href":"https:\/\/calatorinromania.com\/index.php?rest_route=\/wp\/v2\/users\/1"}],"replies":[{"embeddable":true,"href":"https:\/\/calatorinromania.com\/index.php?rest_route=%2Fwp%2Fv2%2Fcomments&post=41380"}],"version-history":[{"count":1,"href":"https:\/\/calatorinromania.com\/index.php?rest_route=\/wp\/v2\/posts\/41380\/revisions"}],"predecessor-version":[{"id":41381,"href":"https:\/\/calatorinromania.com\/index.php?rest_route=\/wp\/v2\/posts\/41380\/revisions\/41381"}],"wp:featuredmedia":[{"embeddable":true,"href":"https:\/\/calatorinromania.com\/index.php?rest_route=\/wp\/v2\/media\/40939"}],"wp:attachment":[{"href":"https:\/\/calatorinromania.com\/index.php?rest_route=%2Fwp%2Fv2%2Fmedia&parent=41380"}],"wp:term":[{"taxonomy":"category","embeddable":true,"href":"https:\/\/calatorinromania.com\/index.php?rest_route=%2Fwp%2Fv2%2Fcategories&post=41380"},{"taxonomy":"post_tag","embeddable":true,"href":"https:\/\/calatorinromania.com\/index.php?rest_route=%2Fwp%2Fv2%2Ftags&post=41380"}],"curies":[{"name":"wp","href":"https:\/\/api.w.org\/{rel}","templated":true}]}}