{"id":41378,"date":"2025-08-25T08:03:08","date_gmt":"2025-08-25T08:03:08","guid":{"rendered":"https:\/\/calatorinromania.com\/?p=41378"},"modified":"2025-08-25T08:03:08","modified_gmt":"2025-08-25T08:03:08","slug":"noi-impozite-la-locuinte-in-2026-cati-bani-platesc-romanii-in-plus","status":"publish","type":"post","link":"https:\/\/calatorinromania.com\/?p=41378","title":{"rendered":"Noi impozite la locuin\u021be \u00een 2026. C\u00e2\u021bi bani pl\u0103tesc rom\u00e2nii \u00een plus\u00a0"},"content":{"rendered":"\n<p>Valul de scumpiri din ultimele luni a luat cu asalt Rom\u00e2nia. Din 2026, rom\u00e2nii se preg\u0103tesc de o nou\u0103 lovitur\u0103. Se pare c\u0103 impozitele la locuin\u021be vor cre\u0219te, iar proprietarii vor avea suferit pe plan financiar.<\/p>\n\n\n\n<p><\/p>\n\n\n\n<p>M\u0103sura inclus\u0103 \u00een al doilea pachet de austeritate va afecta \u00een jur de 10 milioane de rom\u00e2ni. Ace\u0219tia trebuie s\u0103 scoat\u0103 banii \u00een plus din buzunar pentru\u00a0a-\u0219i pl\u0103ti taxele\u00a0la stat.<\/p>\n\n\n\n<p><\/p>\n\n\n\n<p>Care vor fi noile impozite la case \u0219i apartamente din 2026, \u00een func\u021bie de ora\u0219 \u0219i zon\u0103<\/p>\n\n\n\n<p><\/p>\n\n\n\n<p>Majorarea impozitului pe proprietate cu 70% se va aplica de la 1 ianuarie 2026. Spre exemplu: cine de\u021bine un apartament cu dou\u0103 camere \u00een Bucure\u0219ti \u0219i a achitat anul acesta suma de 300 de lei va pl\u0103ti anul viitor cu 200 de lei \u00een plus, adic\u0103 500 de lei.<\/p>\n\n\n\n<p><\/p>\n\n\n\n<p>Articolul continu\u0103 dup\u0103 reclam\u0103<\/p>\n\n\n\n<p><\/p>\n\n\n\n<p>Cei care locuiesc \u00een Bra\u0219ov trebuie s\u0103 scoat\u0103 din buzunar \u00eentre 100 \u0219i 300 de lei pentru\u00a0impozitul\u00a0caselor sau apartamentelor din 2026. Pre\u021bul difer\u0103 \u00een func\u021bie de zona locuin\u021bei.<\/p>\n\n\n\n<p><\/p>\n\n\n\n<p>Dac\u0103 la un apartament \u00een zona A, de 2 camere, costa 290 de lei, probabil c\u0103 o cre\u015ftere de 70% duce la 490 de lei. La un apartament cu 3 camere \u00een zona A, impozitul era 390 de lei, o cre\u015ftere de 70% ar fi undeva la 670 de lei\u201d, a declarat Marian Voinescu, director Direc\u021bia Fiscal\u0103 Bra\u0219ov, potrivit\u00a0observatornews.ro.<\/p>\n\n\n\n<p><\/p>\n\n\n\n<p>Rom\u00e2nii sunt nemul\u021bumi\u021bi de m\u0103sura anun\u021bat\u0103 deoarece banii nu le sunt suficien\u021bi nici m\u0103car pentru traiul zilnic.<\/p>\n\n\n\n<p><\/p>\n\n\n\n<p>\u201eNormal c\u0103 m\u0103 afecteaz\u0103. \u0218i a\u0219a sunt pensiile cum sunt \u0219i avem o v\u00e2rst\u0103, ne trebuie medicamente, ne trebuie m\u00e2ncare, ne trebuie \u00eentre\u021binere, ne trebuie de toate \u0219i nou\u0103. Pl\u0103tesc \u00een jur de 600-700 de lei pentru locuin\u021b\u0103, parcare \u0219i ma\u0219in\u0103, cu toate c\u0103 so\u021bul are un handicap\u201d, a spus o pensionar\u0103, conform sursei citate mai sus.<\/p>\n\n\n\n<p><\/p>\n\n\n\n<p>\u201eAm mai fost de sacrificiu \u00een multe r\u00e2nduri \u0219i cred c\u0103 ne-a ajuns. Am pl\u0103tit 1.200 acum \u0219i dac\u0103 punem 70%, sunt \u0219i pensionar\u2026\u201d, a mai spus un cet\u0103\u021bean.<\/p>\n\n\n\n<p><\/p>\n\n\n\n<p>\u201eAr fi cazul s\u0103 se g\u00e2ndeasc\u0103 \u0219i la cei care sunt mai nec\u0103ji\u021bi, cum ar fi pensionarii \u00een primul r\u00e2nd. Deocamdat\u0103 eu stau \u00eentr-o garsonier\u0103 \u0219i nu e chiar mult, dar oricum ar fi prea mult \u0219i a\u0219a dac\u0103 se m\u0103re\u0219te\u201d, a eviden\u021biat o pensionar\u0103.<\/p>\n\n\n\n<p><\/p>\n\n\n\n<p>Primarii nu sunt de acord cu cre\u0219terea impozitului de la 1 ianuarie 2026<\/p>\n\n\n\n<p><\/p>\n\n\n\n<p>Guvernul a luat m\u0103sura de a cre\u0219te impozitul pe locuin\u021be pentru a ajuta prim\u0103riile la bugetul local, \u00eens\u0103 edilii nu sunt de acord cu aceast\u0103 tax\u0103, mai ales \u00een localit\u0103\u021bile mici.<\/p>\n","protected":false},"excerpt":{"rendered":"<p>Valul de scumpiri din ultimele luni a luat cu asalt Rom\u00e2nia. Din 2026, rom\u00e2nii se preg\u0103tesc de o nou\u0103 lovitur\u0103. Se pare c\u0103 impozitele la<\/p>\n","protected":false},"author":1,"featured_media":40939,"comment_status":"closed","ping_status":"closed","sticky":false,"template":"","format":"standard","meta":[],"categories":[1],"tags":[],"_links":{"self":[{"href":"https:\/\/calatorinromania.com\/index.php?rest_route=\/wp\/v2\/posts\/41378"}],"collection":[{"href":"https:\/\/calatorinromania.com\/index.php?rest_route=\/wp\/v2\/posts"}],"about":[{"href":"https:\/\/calatorinromania.com\/index.php?rest_route=\/wp\/v2\/types\/post"}],"author":[{"embeddable":true,"href":"https:\/\/calatorinromania.com\/index.php?rest_route=\/wp\/v2\/users\/1"}],"replies":[{"embeddable":true,"href":"https:\/\/calatorinromania.com\/index.php?rest_route=%2Fwp%2Fv2%2Fcomments&post=41378"}],"version-history":[{"count":1,"href":"https:\/\/calatorinromania.com\/index.php?rest_route=\/wp\/v2\/posts\/41378\/revisions"}],"predecessor-version":[{"id":41379,"href":"https:\/\/calatorinromania.com\/index.php?rest_route=\/wp\/v2\/posts\/41378\/revisions\/41379"}],"wp:featuredmedia":[{"embeddable":true,"href":"https:\/\/calatorinromania.com\/index.php?rest_route=\/wp\/v2\/media\/40939"}],"wp:attachment":[{"href":"https:\/\/calatorinromania.com\/index.php?rest_route=%2Fwp%2Fv2%2Fmedia&parent=41378"}],"wp:term":[{"taxonomy":"category","embeddable":true,"href":"https:\/\/calatorinromania.com\/index.php?rest_route=%2Fwp%2Fv2%2Fcategories&post=41378"},{"taxonomy":"post_tag","embeddable":true,"href":"https:\/\/calatorinromania.com\/index.php?rest_route=%2Fwp%2Fv2%2Ftags&post=41378"}],"curies":[{"name":"wp","href":"https:\/\/api.w.org\/{rel}","templated":true}]}}