{"id":41371,"date":"2025-08-21T16:14:47","date_gmt":"2025-08-21T16:14:47","guid":{"rendered":"https:\/\/calatorinromania.com\/?p=41371"},"modified":"2025-08-21T16:14:47","modified_gmt":"2025-08-21T16:14:47","slug":"unde-sa-ma-duc-eu-cu-copilul","status":"publish","type":"post","link":"https:\/\/calatorinromania.com\/?p=41371","title":{"rendered":"Unde s\u0103 m\u0103 duc eu cu copilul?"},"content":{"rendered":"\n<p>Via\u021ba p\u0103rea, \u00een sf\u00e2r\u0219it, s\u0103 capete culori noi. Exact a\u0219a \u0219i-o imagina Sofia pe vremea c\u00e2nd locuia la casa de copii.<\/p>\n\n\n\n<p><\/p>\n\n\n\n<p>Sofia nu \u0219i-a cunoscut niciodat\u0103 p\u0103rin\u021bii. De aceea, se ruga mereu la Dumnezeu s\u0103-i trimit\u0103 un so\u021b bun, care s\u0103-i poat\u0103 \u00eenlocui \u00eentreaga familie. Iar acel om a fost Mihai. \u00cen c\u0103snicie cu el, Sofia a fost cu adev\u0103rat fericit\u0103. Iar peste doar o lun\u0103 urmau s\u0103 devin\u0103 trei. Mihai \u00ee\u0219i dorea din suflet un b\u0103iat. La \u00eenceput, tinerii au locuit \u00eentr-un apartament \u00eenchiriat, apoi p\u0103rin\u021bii lui Mihai i-au ajutat s\u0103-\u0219i cumpere un apartament propriu, cu dou\u0103 camere.<\/p>\n\n\n\n<p><\/p>\n\n\n\n<p>P\u00e2n\u0103 la venirea copilului, Mihai \u0219i Sofia au reu\u0219it s\u0103 termine renov\u0103rile \u0219i au amenajat o camer\u0103 pentru bebelu\u0219. Sofia era \u00een culmea fericirii. Cump\u0103rase deja primele h\u0103inu\u021be pentru copil.<\/p>\n\n\n\n<p><\/p>\n\n\n\n<p>\u00centr-o diminea\u021b\u0103, Sofia a sim\u021bit contrac\u021biile. Mihai a dus-o de urgen\u021b\u0103 la maternitate \u0219i chiar a asistat la na\u0219tere. A fost primul care \u0219i-a luat fiul, pe Denis, \u00een bra\u021be.<\/p>\n\n\n\n<p><\/p>\n\n\n\n<p>Na\u0219terea a decurs bine, mama \u0219i copilul se odihneau. Mihai a plecat acas\u0103 s\u0103 \u00eempacheteze pentru so\u021bia lui lucrurile \u0219i alimentele pe care aceasta i le ceruse. De atunci, Sofia nu \u0219i-a mai v\u0103zut niciodat\u0103 so\u021bul.<\/p>\n\n\n\n<p><\/p>\n\n\n\n<p>Un impact frontal pe carosabil umed, dup\u0103 o ploaie. Cel vinovat fusese cel\u0103lalt \u0219ofer. Mihai nu a mai putut fi salvat. A\u0219a a r\u0103mas Sofia singur\u0103, cu un nou-n\u0103scut \u00een bra\u021be. A fost cumplit, din toate punctele de vedere \u2013 moral, financiar \u0219i emo\u021bional.<\/p>\n\n\n\n<p>Mihai se \u00eentorcea spre spital c\u00e2nd, din sens opus, un alt autoturism a intrat cu vitez\u0103 \u00een plin. Aceea a fost ultima imagine pe care a v\u0103zut-o Mihai \u00een via\u021b\u0103. So\u021biei nu i-au spus de \u00eendat\u0103, de\u0219i ea \u00eel a\u0219tepta cu ner\u0103bdare. I-au zis c\u0103 plecase \u00eentr-o delega\u021bie urgent\u0103.<\/p>\n\n\n\n<p>C\u00e2nd s-a \u00eentors acas\u0103 de la maternitate, nimic nu o mai bucura. R\u0103m\u0103sese singur\u0103 cu un copil mic. Noroc c\u0103 ea \u0219i Mihai puseser\u0103 deoparte ni\u0219te bani \u201epentru zile negre\u201d. Cu ace\u0219tia a tr\u0103it Sofia\u2026 Nu voia s\u0103 mai tr\u0103iasc\u0103, dar trebuia s\u0103 se \u021bin\u0103 tare pentru fiul ei\u2026 P\u0103rin\u021bii lui Mihai veniser\u0103 s\u0103-\u0219i vad\u0103 nepotul doar de dou\u0103 ori. Sofia \u00een\u021belegea durerea lor\u2026<\/p>\n\n\n\n<p>P\u00e2n\u0103 \u00eentr-o zi, c\u00e2nd ace\u0219tia au venit la ea \u0219i i-au spus c\u0103 apartamentul le apar\u021bine \u0219i c\u0103, \u00een decurs de o s\u0103pt\u0103m\u00e2n\u0103, trebuie s\u0103 se mute. Sofia a izbucnit \u00een pl\u00e2ns, nu \u0219tia ce s\u0103 fac\u0103. Ajunseser\u0103 chiar s\u0103 o amenin\u021be c\u0103 o vor da \u00een judecat\u0103.<\/p>\n\n\n\n<p>\u2014\u202fAu trecut abia 40 de zile de c\u00e2nd Mihai a plecat dintre noi, \u0219i deja v\u0103 trebuie apartamentul? Unde s\u0103 m\u0103 duc cu copilul? Unde v-au disp\u0103rut sentimentele de bunici?<\/p>\n\n\n\n<p>Nu avea cu cine vorbi. Sofia sim\u021bea profund lipsa lui Mihai. P\u0103rin\u021bii lui s-au \u00eenc\u0103p\u0103\u021b\u00e2nat \u0219i au r\u0103mas fermi pe pozi\u021bii. Voiau apartamentul, iar faptul c\u0103 acolo locuia nepotul lor nu conta pentru ei. O amenin\u021bau cu proces sau \u00eei cereau s\u0103 le pl\u0103teasc\u0103 \u00eentreaga valoare a apartamentului.<\/p>\n\n\n\n<p>Ce s\u0103 fac\u0103 Sofia?<\/p>\n\n\n\n<p><em>Aceast\u0103 lucrare este inspirat\u0103 din evenimente \u0219i persoane reale, \u00eens\u0103 a fost fic\u021bionalizat\u0103 \u00een scopuri creative. Numele, personajele \u0219i detaliile au fost schimbate pentru a proteja intimitatea \u0219i pentru a \u00eembun\u0103t\u0103\u021bi nara\u021biunea. Orice asem\u0103nare cu persoane reale, \u00een via\u021b\u0103 sau decedate, sau cu evenimente reale este pur \u00eent\u00e2mpl\u0103toare \u0219i nu este inten\u021bionat\u0103 de c\u0103tre autor.<\/em><\/p>\n\n\n\n<p><em>Autorul \u0219i editorul nu \u00ee\u0219i asum\u0103 responsabilitatea pentru exactitatea evenimentelor sau pentru modul \u00een care sunt portretizate personajele \u0219i nu sunt r\u0103spunz\u0103tori pentru eventuale interpret\u0103ri gre\u0219ite. Aceast\u0103 poveste este oferit\u0103 \u201eca atare\u201d, iar orice opinii exprimate apar\u021bin personajelor \u0219i nu reflect\u0103 punctele de vedere ale autorului sau ale editorului.<\/em><\/p>\n","protected":false},"excerpt":{"rendered":"<p>Via\u021ba p\u0103rea, \u00een sf\u00e2r\u0219it, s\u0103 capete culori noi. Exact a\u0219a \u0219i-o imagina Sofia pe vremea c\u00e2nd locuia la casa de copii. Sofia nu \u0219i-a cunoscut<\/p>\n","protected":false},"author":1,"featured_media":40939,"comment_status":"closed","ping_status":"closed","sticky":false,"template":"","format":"standard","meta":[],"categories":[1],"tags":[],"_links":{"self":[{"href":"https:\/\/calatorinromania.com\/index.php?rest_route=\/wp\/v2\/posts\/41371"}],"collection":[{"href":"https:\/\/calatorinromania.com\/index.php?rest_route=\/wp\/v2\/posts"}],"about":[{"href":"https:\/\/calatorinromania.com\/index.php?rest_route=\/wp\/v2\/types\/post"}],"author":[{"embeddable":true,"href":"https:\/\/calatorinromania.com\/index.php?rest_route=\/wp\/v2\/users\/1"}],"replies":[{"embeddable":true,"href":"https:\/\/calatorinromania.com\/index.php?rest_route=%2Fwp%2Fv2%2Fcomments&post=41371"}],"version-history":[{"count":1,"href":"https:\/\/calatorinromania.com\/index.php?rest_route=\/wp\/v2\/posts\/41371\/revisions"}],"predecessor-version":[{"id":41372,"href":"https:\/\/calatorinromania.com\/index.php?rest_route=\/wp\/v2\/posts\/41371\/revisions\/41372"}],"wp:featuredmedia":[{"embeddable":true,"href":"https:\/\/calatorinromania.com\/index.php?rest_route=\/wp\/v2\/media\/40939"}],"wp:attachment":[{"href":"https:\/\/calatorinromania.com\/index.php?rest_route=%2Fwp%2Fv2%2Fmedia&parent=41371"}],"wp:term":[{"taxonomy":"category","embeddable":true,"href":"https:\/\/calatorinromania.com\/index.php?rest_route=%2Fwp%2Fv2%2Fcategories&post=41371"},{"taxonomy":"post_tag","embeddable":true,"href":"https:\/\/calatorinromania.com\/index.php?rest_route=%2Fwp%2Fv2%2Ftags&post=41371"}],"curies":[{"name":"wp","href":"https:\/\/api.w.org\/{rel}","templated":true}]}}