{"id":41369,"date":"2025-08-21T16:10:29","date_gmt":"2025-08-21T16:10:29","guid":{"rendered":"https:\/\/calatorinromania.com\/?p=41369"},"modified":"2025-08-21T16:10:29","modified_gmt":"2025-08-21T16:10:29","slug":"familia-fiului-meu-m-a-lasat-pe-marginea-drumului-asa-ca-le-am-vandut-casa-fara-sa-clipesc-continuarea","status":"publish","type":"post","link":"https:\/\/calatorinromania.com\/?p=41369","title":{"rendered":"\u201dFamilia fiului meu m-a l\u0103sat pe marginea drumului \u2013 a\u0219a c\u0103 le-am v\u00e2ndut casa f\u0103r\u0103 s\u0103 clipesc\u201d \u2013 continuarea"},"content":{"rendered":"\n<p>Familia fiului meu m-a l\u0103sat pe marginea drumului \u2014 a\u0219a c\u0103 le-am v\u00e2ndut casa f\u0103r\u0103 s\u0103 clipesc. Totul a \u00eenceput acum \u0219ase luni, c\u00e2nd fiul meu, Marius, m-a sunat pl\u00e2ng\u00e2nd.<\/p>\n\n\n\n<p><\/p>\n\n\n\n<p>\u2014 Mam\u0103, suntem \u00een necaz, spunea el cu o voce fr\u00e2nt\u0103. Rebeca \u0219i-a pierdut locul de munc\u0103 \u0219i, cu taxele pentru \u0219coala copiilor \u0219i rata la cas\u0103, risc\u0103m s\u0103 o pierdem.<\/p>\n\n\n\n<p><\/p>\n\n\n\n<p>Eu duceam o via\u021b\u0103 lini\u0219tit\u0103 \u00een mica mea comunitate de pensionari din Ploie\u0219ti. La 70 de ani, credeam c\u0103 mi-am \u00eencheiat demult rolul de salvatoare financiar\u0103. Dar auzind disperarea \u00een glasul lui Marius, nu am putut s\u0103-l refuz.<\/p>\n\n\n\n<p><\/p>\n\n\n\n<p>\u2014 De c\u00e2t ave\u021bi nevoie? l-am \u00eentrebat.<\/p>\n\n\n\n<p><\/p>\n\n\n\n<p>\u2014 Optzeci de mii de dolari ar acoperi restan\u021bele \u0219i ne-ar oferi un mic r\u0103gaz, a spus el \u00eencet. Copiii ar fi devasta\u021bi dac\u0103 ar trebui s\u0103 ne mut\u0103m din nou.<\/p>\n\n\n\n<p><\/p>\n\n\n\n<p>Nepo\u021bii mei, dulcea Emilia, de doisprezece ani, \u0219i neast\u00e2mp\u0103ratul Teodor, de opt ani. G\u00e2ndul c\u0103 ar putea pierde casa m-a sf\u00e2\u0219iat.<\/p>\n\n\n\n<p><\/p>\n\n\n\n<p>\u2014 Nu-\u021bi face griji, dragul mamei, i-am spus. Familia are grij\u0103 de familie.<\/p>\n\n\n\n<p><\/p>\n\n\n\n<p>\u00cen mai pu\u021bin de o s\u0103pt\u0103m\u00e2n\u0103 am lichidat o parte consistent\u0103 din economiile mele de pensie \u0219i am transferat banii. Dar nu eram naiv\u0103. De la so\u021bul meu, Dumnezeu s\u0103-l odihneasc\u0103, \u00eenv\u0103\u021basem s\u0103 fiu prev\u0103z\u0103toare. A\u0219a c\u0103 am rugat avocatul s\u0103 redacteze un contract simplu: cei optzeci de mii erau un \u00eemprumut, iar drept garan\u021bie, urma s\u0103 am ipotec\u0103 pe casa lor p\u00e2n\u0103 la rambursare. Marius a p\u0103rut pu\u021bin surprins, dar a semnat f\u0103r\u0103 comentarii.<\/p>\n\n\n\n<p><\/p>\n\n\n\n<p>\u2014 Mam\u0103, e\u0219ti o binecuv\u00e2ntare.<\/p>\n\n\n\n<p><\/p>\n\n\n\n<p>Primele luni au decurs normal. Marius m\u0103 suna \u00een fiecare duminic\u0103, \u00eemi povestea cum merge c\u0103utarea unui loc de munc\u0103 pentru Rebeca \u0219i ce mai fac copiii. Apoi apelurile au \u00eenceput s\u0103 se r\u0103reasc\u0103. C\u00e2nd reu\u0219eam totu\u0219i s\u0103 vorbim, p\u0103rea distant. Iar Rebeca, brusc, nu era niciodat\u0103 disponibil\u0103.<\/p>\n\n\n\n<p>\u2014 Totul e bine? l-am \u00eentrebat \u00eentr-o discu\u021bie scurt\u0103 prin martie.<\/p>\n\n\n\n<p>\u2014 Totul e \u00een regul\u0103, mam\u0103, a r\u0103spuns el repede. Suntem doar foarte ocupa\u021bi.<\/p>\n\n\n\n<p>M\u0103 sim\u021beam din ce \u00een ce mai dat\u0103 la o parte. C\u00e2nd am propus s\u0103 vin la ziua lui Teodor, \u00een aprilie, Marius a ezitat.<\/p>\n\n\n\n<p>\u2014 De fapt, mam\u0103, nu e cel mai potrivit moment. Vin p\u0103rin\u021bii Rebec\u0103i.<\/p>\n\n\n\n<p>A trecut \u0219i luna urm\u0103toare, f\u0103r\u0103 niciun semn de la ei. C\u00e2nd am \u00eentrebat de expozi\u021bia de art\u0103 a Emiliei, a urmat o alt\u0103 scuz\u0103. \u00cencepusem s\u0103 simt c\u0103 nu mai eram iubit\u0103, ci doar \u021binut\u0103 la distan\u021b\u0103.<\/p>\n\n\n\n<p>Adev\u0103rul mi-a ie\u0219it la iveal\u0103 abia c\u00e2nd, spre sf\u00e2r\u0219itul lui mai, Emilia a r\u0103spuns din gre\u0219eal\u0103 la telefonul lui Marius.<\/p>\n\n\n\n<p>\u2014 Bunico Ruxandra! a strigat \u00eenc\u00e2ntat\u0103. Mi-e at\u00e2t de dor de tine! C\u00e2nd vii pe la noi? Tati zice mereu c\u0103 e\u0219ti prea ocupat\u0103, dar vreau s\u0103-\u021bi ar\u0103t camera mea. Am vopsit-o mov!<\/p>\n\n\n\n<p>Mi s-a str\u00e2ns inima. Prea ocupat\u0103? \u00cenainte s\u0103 pot r\u0103spunde, l-am auzit pe Marius \u00een fundal.<\/p>\n\n\n\n<p>\u2014 Emilia, d\u0103-mi telefonul imediat!<\/p>\n\n\n\n<p>A preluat apelul, respir\u00e2nd sacadat, \u0219i a scornit o poveste slab\u0103 despre cum copiii \u00eencurc\u0103 lucrurile, apoi s-a gr\u0103bit s\u0103 \u00eenchid\u0103 invoc\u00e2nd o \u201e\u0219edin\u021b\u0103\u201d. Nu a mai revenit niciodat\u0103.<\/p>\n\n\n\n<p>Atunci am decis s\u0103 fac ceva. Mi-am luat un bilet spre Bra\u0219ov, pentru o vizit\u0103 surpriz\u0103. Dar c\u00e2nd am parcat \u00een fa\u021ba casei lor, \u00eentr-o s\u00e2mb\u0103t\u0103 dup\u0103-amiaz\u0103, imaginea din fa\u021ba mea a spulberat toate presupunerile mele bune. Gazonul era perfect tuns, iar \u00een fa\u021b\u0103 trona un BMW nou. Aceasta nu era deloc casa unei familii aflate \u00een pragul colapsului financiar.<\/p>\n\n\n\n<p>\u0218ocul adev\u0103rat a venit c\u00e2nd am sunat la sonerie \u0219i am auzit\u2026<\/p>\n\n\n\n<p>..vocea vesel\u0103 a Emiliei:<\/p>\n\n\n\n<p>\u2014 Bunico, e\u0219ti aici! Ce surpriz\u0103 minunat\u0103!<\/p>\n\n\n\n<p>Feti\u021ba a ie\u0219it val-v\u00e2rtej pe u\u0219\u0103 \u0219i m-a \u00eembr\u0103\u021bi\u0219at str\u00e2ns. \u00cen prag, Marius \u0219i Rebeca au ap\u0103rut ului\u021bi, schimb\u00e2nd priviri vinovate.<\/p>\n\n\n\n<p>\u2014 Mam\u0103\u2026 nu ne a\u0219teptam\u2026, a \u00eeng\u0103imat Marius.<\/p>\n\n\n\n<p>\u2014 Observ, am spus rece, privind \u00een jur. Se pare c\u0103 v\u0103 descurca\u021bi mult mai bine dec\u00e2t mi-a\u021bi spus.<\/p>\n\n\n\n<p>Marius a \u00eencercat s\u0103 explice, dar eu am ridicat m\u00e2na oprindu-l.<\/p>\n\n\n\n<p>\u2014 Nu e nevoie s\u0103 te justifici. Avocatul meu va lua leg\u0103tura cu voi. Casa aceasta va fi v\u00e2ndut\u0103. A\u021bi semnat un contract, \u00ee\u021bi aminte\u0219ti?<\/p>\n\n\n\n<p>Au r\u0103mas f\u0103r\u0103 replic\u0103. \u00cen urm\u0103toarele s\u0103pt\u0103m\u00e2ni, totul s-a derulat rapid: casa a fost scoas\u0103 la v\u00e2nzare \u0219i adjudecat\u0103 la un pre\u021b excelent. Mi-am recuperat investi\u021bia \u0219i am mutat restul banilor \u00eentr-un cont pentru educa\u021bia Emiliei \u0219i a lui Teodor, \u00een a\u0219a fel \u00eenc\u00e2t p\u0103rin\u021bii lor s\u0103 nu poat\u0103 atinge acei bani.<\/p>\n\n\n\n<p>Surprinz\u0103tor, dup\u0103 ce praful s-a a\u0219ezat, rela\u021bia noastr\u0103 s-a vindecat \u00eencet. Marius a \u00een\u021beles c\u0103 nu banii mei \u00eel definesc ca tat\u0103 sau so\u021b, iar Rebeca \u0219i-a cerut scuze sincer.<\/p>\n\n\n\n<p>Ast\u0103zi, \u00eemi petrec zilele lini\u0219tite la Ploie\u0219ti, dar \u00een fiecare vacan\u021b\u0103, Emilia \u0219i Teodor vin la mine. Ne plimb\u0103m prin parc, g\u0103tim pr\u0103jituri \u0219i r\u00e2dem mult. Chiar \u0219i Marius vine des, iar familia noastr\u0103, de\u0219i trecut\u0103 prin multe, a \u00eenv\u0103\u021bat s\u0103 fie mai unit\u0103 \u0219i sincer\u0103.<\/p>\n\n\n\n<p>Uneori, trebuie s\u0103 iei decizii dure pentru a salva ceea ce conteaz\u0103 cu adev\u0103rat: dragostea \u0219i respectul dintre cei dragi.<\/p>\n\n\n\n<p>Dac\u0103 \u021bi-a pl\u0103cut povestea, nu uita s\u0103 o distribui cu prietenii t\u0103i! \u00cempreun\u0103 putem duce mai departe emo\u021bia \u0219i inspira\u021bia.<\/p>\n\n\n\n<p>\u201dAceast\u0103 poveste este inspirat\u0103 din evenimente \u0219i persoane reale, \u00eens\u0103 a fost fic\u021bionalizat\u0103 \u00een scopuri creative. Numele, personajele \u0219i detaliile au fost schimbate pentru a proteja intimitatea \u0219i pentru a \u00eembun\u0103t\u0103\u021bi nara\u021biunea. Orice asem\u0103nare cu persoane reale, sau cu evenimente reale este pur \u00eent\u00e2mpl\u0103toare \u0219i nu este inten\u021bionat\u0103 de c\u0103tre autor.<\/p>\n\n\n\n<p>Autorul \u0219i editorul nu \u00ee\u0219i asum\u0103 responsabilitatea pentru exactitatea evenimentelor sau pentru modul \u00een care sunt portretizate personajele \u0219i nu sunt r\u0103spunz\u0103tori pentru eventuale interpret\u0103ri gre\u0219ite. Aceast\u0103 poveste este oferit\u0103 \u201eca atare\u201d, iar orice opinii exprimate apar\u021bin personajelor \u0219i nu reflect\u0103 punctele de vedere ale autorului sau ale editorului.\u201d<\/p>\n","protected":false},"excerpt":{"rendered":"<p>Familia fiului meu m-a l\u0103sat pe marginea drumului \u2014 a\u0219a c\u0103 le-am v\u00e2ndut casa f\u0103r\u0103 s\u0103 clipesc. Totul a \u00eenceput acum \u0219ase luni, c\u00e2nd fiul<\/p>\n","protected":false},"author":1,"featured_media":40939,"comment_status":"closed","ping_status":"closed","sticky":false,"template":"","format":"standard","meta":[],"categories":[1],"tags":[],"_links":{"self":[{"href":"https:\/\/calatorinromania.com\/index.php?rest_route=\/wp\/v2\/posts\/41369"}],"collection":[{"href":"https:\/\/calatorinromania.com\/index.php?rest_route=\/wp\/v2\/posts"}],"about":[{"href":"https:\/\/calatorinromania.com\/index.php?rest_route=\/wp\/v2\/types\/post"}],"author":[{"embeddable":true,"href":"https:\/\/calatorinromania.com\/index.php?rest_route=\/wp\/v2\/users\/1"}],"replies":[{"embeddable":true,"href":"https:\/\/calatorinromania.com\/index.php?rest_route=%2Fwp%2Fv2%2Fcomments&post=41369"}],"version-history":[{"count":1,"href":"https:\/\/calatorinromania.com\/index.php?rest_route=\/wp\/v2\/posts\/41369\/revisions"}],"predecessor-version":[{"id":41370,"href":"https:\/\/calatorinromania.com\/index.php?rest_route=\/wp\/v2\/posts\/41369\/revisions\/41370"}],"wp:featuredmedia":[{"embeddable":true,"href":"https:\/\/calatorinromania.com\/index.php?rest_route=\/wp\/v2\/media\/40939"}],"wp:attachment":[{"href":"https:\/\/calatorinromania.com\/index.php?rest_route=%2Fwp%2Fv2%2Fmedia&parent=41369"}],"wp:term":[{"taxonomy":"category","embeddable":true,"href":"https:\/\/calatorinromania.com\/index.php?rest_route=%2Fwp%2Fv2%2Fcategories&post=41369"},{"taxonomy":"post_tag","embeddable":true,"href":"https:\/\/calatorinromania.com\/index.php?rest_route=%2Fwp%2Fv2%2Ftags&post=41369"}],"curies":[{"name":"wp","href":"https:\/\/api.w.org\/{rel}","templated":true}]}}