{"id":41361,"date":"2025-08-21T08:46:13","date_gmt":"2025-08-21T08:46:13","guid":{"rendered":"https:\/\/calatorinromania.com\/?p=41361"},"modified":"2025-08-21T08:46:14","modified_gmt":"2025-08-21T08:46:14","slug":"sotia-a-mu-rit-in-urma-unui-atac-de-cord","status":"publish","type":"post","link":"https:\/\/calatorinromania.com\/?p=41361","title":{"rendered":"So\u021bia a mu.rit \u00een urma unui atac de cord"},"content":{"rendered":"\n<p>Nu mai putea respira. Inima \u00eei b\u0103tea nebune\u0219te, iar m\u00e2inile \u00eei tremurau pe tastatura veche, zg\u00e2riat\u0103, a telefonului pe care \u00eel \u021binea \u00een palm\u0103. Fiica lui, Ana, dormea \u00eentr-o camer\u0103 al\u0103turat\u0103, f\u0103r\u0103 s\u0103 \u0219tie c\u0103 tat\u0103l ei se pr\u0103bu\u0219ea \u00een bezna fricii.<\/p>\n\n\n\n<p><\/p>\n\n\n\n<p>A privit din nou mesajul. Literele nu disp\u0103ruser\u0103, nu era o iluzie. \u201eIubirea mea, sunt \u00eenc\u0103 aici. Nu-i l\u0103sa s\u0103 te p\u0103c\u0103leasc\u0103.\u201d<\/p>\n\n\n\n<p><\/p>\n\n\n\n<p>S\u0103-l p\u0103c\u0103leasc\u0103? Cine? \u0218i mai ales\u2026 de ce?<\/p>\n\n\n\n<p><\/p>\n\n\n\n<p>\u00cenghi\u021bi \u00een sec \u0219i, cu un curaj pe care nu \u0219i-l recuno\u0219tea, scrise tremurat: \u201eCine e\u0219ti?\u201d<\/p>\n\n\n\n<p><\/p>\n\n\n\n<p>Nu a apucat s\u0103 lase telefonul pe mas\u0103, c\u0103 un nou mesaj a sosit. \u201eTu \u0219tii cine sunt. De ce m-ai \u00eenchis \u00een \u00eentuneric?\u201d<\/p>\n\n\n\n<p><\/p>\n\n\n\n<p>Un val de frig \u00eei str\u0103b\u0103tu tot corpul. \u00ce\u0219i aminti cum, \u00een copil\u0103rie, bunica lui \u00eei spunea pove\u0219ti despre sufletele care nu-\u0219i g\u0103seau lini\u0219tea. La \u021bar\u0103, oamenii credeau c\u0103 mortul trebuie vegheat cu lum\u00e2n\u0103ri \u0219i rug\u0103ciuni, altfel se poate \u00eentoarce sup\u0103rat. El \u00eencercase s\u0103 fac\u0103 totul ca la carte, dar oare sc\u0103pase ceva?<\/p>\n\n\n\n<p><\/p>\n\n\n\n<p>\u00centr-o clip\u0103 de panic\u0103, se ridic\u0103 \u0219i aprinse toate lum\u00e2n\u0103rile pe care le avea \u00een cas\u0103. Fl\u0103c\u0103rile dansau, lumin\u00e2nd umbre stranii pe pere\u021bi. Se sim\u021bea ca \u00eentr-un ritual vechi, unul care nu se mai practica dec\u00e2t prin sate uitate de lume.<\/p>\n\n\n\n<p><\/p>\n\n\n\n<p>Telefonul vibra din nou. \u201eNu e\u0219ti singur.\u201d<\/p>\n\n\n\n<p><\/p>\n\n\n\n<p>\u00cei veni s\u0103 strige, dar \u00ee\u0219i mu\u0219c\u0103 buzele. Nu voia s\u0103-\u0219i trezeasc\u0103 fata. Ana era prea mic\u0103 s\u0103 poarte o asemenea povar\u0103. El trebuia s\u0103 fie scutul.<\/p>\n\n\n\n<p><\/p>\n\n\n\n<p>\u00ce\u0219i aminti atunci un lucru. La \u00eenmorm\u00e2ntare, chiar \u00eenainte de a sigila sicriul, se aplecase asupra so\u021biei \u0219i \u00eei \u0219optise: \u201eTe iubesc. Nu te voi uita niciodat\u0103.\u201d \u00cen acel moment, telefonul \u00eei alunecase din buzunar. Dar era doar un obiect. Cum putea obiectul s\u0103 transmit\u0103 asemenea mesaje?<\/p>\n\n\n\n<p><\/p>\n\n\n\n<p>O voce l\u0103untric\u0103 \u00eei spuse c\u0103 nu e \u00eent\u00e2mplare. \u0218i, de\u0219i tremura, se hot\u0103r\u00ee s\u0103 r\u0103spund\u0103 din nou: \u201eDac\u0103 e\u0219ti tu, d\u0103-mi o dovad\u0103.\u201d<\/p>\n\n\n\n<p><\/p>\n\n\n\n<p>Cuvintele abia plecaser\u0103 c\u00e2nd un zgomot sec se auzi din camera Anei. Fata se ridicase \u00een \u0219ezut, cu ochii \u00eentredeschi\u0219i, \u0219i murmur\u0103: \u201eTati, mami e aici\u2026\u201d<\/p>\n\n\n\n<p><\/p>\n\n\n\n<p>\u00cel trecu un fior ca de ghea\u021b\u0103. Se repezi spre fiic\u0103 \u0219i o str\u00e2nse \u00een bra\u021be. \u201eAi visat, iubita mea. Doar ai visat.\u201d Dar inima \u00eei spunea altceva.<\/p>\n\n\n\n<p><\/p>\n\n\n\n<p>\u00cen aceea\u0219i clip\u0103, un alt mesaj ap\u0103ru: \u201eAi grij\u0103 de ea. Eu nu mai pot.\u201d<\/p>\n\n\n\n<p><\/p>\n\n\n\n<p>De data aceasta, lacrimile izbucnir\u0103. Nu mai era fric\u0103, ci un amestec de durere \u0219i dor. Sim\u021bea c\u0103 so\u021bia lui, dincolo de tot ce \u0219tia despre via\u021b\u0103 \u0219i moarte, \u00eencerca s\u0103 le lase un semn.<\/p>\n\n\n\n<p><\/p>\n\n\n\n<p>Se a\u0219ez\u0103 din nou la masa mic\u0103 din buc\u0103t\u0103rie. \u00cen lini\u0219tea nop\u021bii, fl\u0103c\u0103rile lum\u00e2n\u0103rilor p\u0103reau c\u0103 \u00eel \u00eenconjoar\u0103 \u00eentr-un cerc protector. Ridic\u0103 privirea \u0219i \u0219opti: \u201ePromit c\u0103 voi avea grij\u0103 de ea. Promit.\u201d<\/p>\n\n\n\n<p><\/p>\n\n\n\n<p>\u0218i atunci, telefonul vibra pentru ultima dat\u0103: \u201eAcum pot pleca lini\u0219tit\u0103.\u201d<\/p>\n\n\n\n<p><\/p>\n\n\n\n<p>Ecranul se stinse, iar semnalul disp\u0103ru complet. \u00cencerc\u0103 s\u0103-l reporneasc\u0103, dar nu mai func\u021biona. Parc\u0103 sufletul care \u00eel animase se stinsese odat\u0103 cu acel mesaj.<\/p>\n\n\n\n<p>Diminea\u021ba, c\u00e2nd zorile aduser\u0103 primele raze de lumin\u0103, casa p\u0103rea alta. Nu mai era rece, ci cald\u0103, ca \u0219i cum o prezen\u021b\u0103 bl\u00e2nd\u0103 r\u0103m\u0103sese s\u0103-i vegheze.<\/p>\n\n\n\n<p>\u00cen duminica urm\u0103toare, tat\u0103l \u0219i fiica au mers \u00eempreun\u0103 la biseric\u0103. Acolo, \u00een lini\u0219tea altarului, aprinser\u0103 o lum\u00e2nare mare pentru sufletul ei. Preotul le spuse: \u201eLumina rug\u0103ciunii ajunge dincolo de ce vedem noi.\u201d<\/p>\n\n\n\n<p>\u0218i pentru prima dat\u0103 dup\u0103 tragedie, b\u0103rbatul z\u00e2mbi. \u0218tia c\u0103 mesajele nu fuseser\u0103 un blestem, ci un dar. Ultima leg\u0103tur\u0103 dintre dou\u0103 suflete care se iubiser\u0103 cu adev\u0103rat.<\/p>\n\n\n\n<p>De atunci, \u00een fiecare sear\u0103, \u00eenainte s\u0103 sting\u0103 lumina, aprindea o lum\u00e2nare la fereastr\u0103. Nu de team\u0103, ci din dragoste. O tradi\u021bie simpl\u0103, rom\u00e2neasc\u0103, prin care sim\u021bea c\u0103 p\u0103streaz\u0103 leg\u0103tura cu ea.<\/p>\n\n\n\n<p>Pentru c\u0103 uneori, chiar \u0219i moartea trebuie s\u0103 se plece \u00een fa\u021ba iubirii.<\/p>\n\n\n\n<p><em>Aceast\u0103 lucrare este inspirat\u0103 din evenimente \u0219i persoane reale, \u00eens\u0103 a fost fic\u021bionalizat\u0103 \u00een scopuri creative. Numele, personajele \u0219i detaliile au fost schimbate pentru a proteja intimitatea \u0219i pentru a \u00eembun\u0103t\u0103\u021bi nara\u021biunea. Orice asem\u0103nare cu persoane reale, \u00een via\u021b\u0103 sau decedate, sau cu evenimente reale este pur \u00eent\u00e2mpl\u0103toare \u0219i nu este inten\u021bionat\u0103 de c\u0103tre autor.<\/em><\/p>\n\n\n\n<p><em>Autorul \u0219i editorul nu \u00ee\u0219i asum\u0103 responsabilitatea pentru exactitatea evenimentelor sau pentru modul \u00een care sunt portretizate personajele \u0219i nu sunt r\u0103spunz\u0103tori pentru eventuale interpret\u0103ri gre\u0219ite. Aceast\u0103 poveste este oferit\u0103 \u201eca atare\u201d, iar orice opinii exprimate apar\u021bin personajelor \u0219i nu reflect\u0103 punctele de vedere ale autorului sau ale editorului.<\/em><\/p>\n","protected":false},"excerpt":{"rendered":"<p>Nu mai putea respira. Inima \u00eei b\u0103tea nebune\u0219te, iar m\u00e2inile \u00eei tremurau pe tastatura veche, zg\u00e2riat\u0103, a telefonului pe care \u00eel \u021binea \u00een palm\u0103. Fiica<\/p>\n","protected":false},"author":1,"featured_media":40939,"comment_status":"closed","ping_status":"closed","sticky":false,"template":"","format":"standard","meta":[],"categories":[1],"tags":[],"_links":{"self":[{"href":"https:\/\/calatorinromania.com\/index.php?rest_route=\/wp\/v2\/posts\/41361"}],"collection":[{"href":"https:\/\/calatorinromania.com\/index.php?rest_route=\/wp\/v2\/posts"}],"about":[{"href":"https:\/\/calatorinromania.com\/index.php?rest_route=\/wp\/v2\/types\/post"}],"author":[{"embeddable":true,"href":"https:\/\/calatorinromania.com\/index.php?rest_route=\/wp\/v2\/users\/1"}],"replies":[{"embeddable":true,"href":"https:\/\/calatorinromania.com\/index.php?rest_route=%2Fwp%2Fv2%2Fcomments&post=41361"}],"version-history":[{"count":1,"href":"https:\/\/calatorinromania.com\/index.php?rest_route=\/wp\/v2\/posts\/41361\/revisions"}],"predecessor-version":[{"id":41362,"href":"https:\/\/calatorinromania.com\/index.php?rest_route=\/wp\/v2\/posts\/41361\/revisions\/41362"}],"wp:featuredmedia":[{"embeddable":true,"href":"https:\/\/calatorinromania.com\/index.php?rest_route=\/wp\/v2\/media\/40939"}],"wp:attachment":[{"href":"https:\/\/calatorinromania.com\/index.php?rest_route=%2Fwp%2Fv2%2Fmedia&parent=41361"}],"wp:term":[{"taxonomy":"category","embeddable":true,"href":"https:\/\/calatorinromania.com\/index.php?rest_route=%2Fwp%2Fv2%2Fcategories&post=41361"},{"taxonomy":"post_tag","embeddable":true,"href":"https:\/\/calatorinromania.com\/index.php?rest_route=%2Fwp%2Fv2%2Ftags&post=41361"}],"curies":[{"name":"wp","href":"https:\/\/api.w.org\/{rel}","templated":true}]}}