{"id":41359,"date":"2025-08-21T08:43:39","date_gmt":"2025-08-21T08:43:39","guid":{"rendered":"https:\/\/calatorinromania.com\/?p=41359"},"modified":"2025-08-21T08:43:39","modified_gmt":"2025-08-21T08:43:39","slug":"ani-la-rand-i-a-lasat-mancare-unui-om-fara-adapost-2","status":"publish","type":"post","link":"https:\/\/calatorinromania.com\/?p=41359","title":{"rendered":"ANI LA R\u00c2ND, I-A L\u0102SAT M\u00c2NCARE UNUI OM F\u0102R\u0102 AD\u0102POST"},"content":{"rendered":"\n<p><strong>ANI LA R\u00c2ND, CLAIRE A L\u0102SAT M\u00c2NCARE PENTRU UN OM F\u0102R\u0102 AD\u0102POST CARE NU I-A SPUS NICIODAT\u0102 UN CUV\u00c2NT \u2014 IAR \u00ceN ZIUA NUN\u021aII EI, EL I-A OFERIT UN DAR PE CARE NIMENI NU L-A B\u0102NUIT\u00a0<\/strong><\/p>\n\n\n\n<p><\/p>\n\n\n\n<p>\u00cen fiecare diminea\u021b\u0103, la ora 4:30, Clara Dasc\u0103lu ajungea la \u201eAlb &amp; Gr\u00e2u\u201d, o brut\u0103rie cochet\u0103 dintr-un cartier lini\u0219tit din Bra\u0219ov, pe care noile cl\u0103diri \u00eenalte \u0219i cafenelele scumpe \u00eencepeau s\u0103-l transforme \u00eencet. La cei 33 de ani ai s\u0103i, Clara devenise o figur\u0103 emblematic\u0103 \u2014 cunoscut\u0103 pentru croissantele fragede, rulourile cu scor\u021bi\u0219oar\u0103 care \u021bi se topeau \u00een gur\u0103 \u0219i calmul ei bl\u00e2nd, care r\u0103m\u00e2nea \u00een aer chiar \u0219i dup\u0103 ce pleca din \u00eenc\u0103pere.<\/p>\n\n\n\n<p><\/p>\n\n\n\n<p>\u00cens\u0103 cel mai important gest din rutina ei zilnic\u0103 nu avea leg\u0103tur\u0103 cu meniul.<\/p>\n\n\n\n<p><\/p>\n\n\n\n<p>\u00cenainte ca ora\u0219ul s\u0103 se trezeasc\u0103 \u0219i brut\u0103ria s\u0103-\u0219i deschid\u0103 por\u021bile, Clara \u00eempacheta cu grij\u0103 un rulou cald cu scor\u021bi\u0219oar\u0103, turna o cafea neagr\u0103 \u0219i ie\u0219ea discret pe u\u0219a lateral\u0103. Mergea dou\u0103 str\u0103zi p\u00e2n\u0103 la o banc\u0103 veche din lemn, aflat\u0103 l\u00e2ng\u0103 o sta\u021bie de autobuz uzat\u0103. Acolo, l\u0103sa micul dejun al\u0103turi de un \u0219erve\u021bel \u00eemp\u0103turit, pe care scria de m\u00e2n\u0103: \u201e\u00ce\u021bi doresc o diminea\u021b\u0103 lini\u0219tit\u0103.\u201d<\/p>\n\n\n\n<p><\/p>\n\n\n\n<p>Acela\u0219i b\u0103rbat era acolo \u00een fiecare zi. P\u0103r c\u0103runt. Palton ros de vreme. T\u0103cut. Mereu singur, cu m\u00e2inile \u00een poal\u0103, ca \u0219i cum a\u0219tepta ceva \u2014 sau pe cineva. Nu cer\u0219ea. Nu vorbea. Nici m\u0103car nu se uita direct la oameni.<\/p>\n\n\n\n<p><\/p>\n\n\n\n<p>Clara nu i-a cerut niciodat\u0103 numele. El nu l-a spus niciodat\u0103. Dar \u00een fiecare zi, ea \u00eei aducea micul dejun.<\/p>\n\n\n\n<p><\/p>\n\n\n\n<p>Colegii au observat. Unii ridicau din spr\u00e2ncene.<\/p>\n\n\n\n<p><\/p>\n\n\n\n<p>\u201eIrose\u0219te m\u00e2ncarea pe cineva care nici m\u0103car nu o apreciaz\u0103,\u201d murmura unul.<\/p>\n\n\n\n<p><\/p>\n\n\n\n<p>\u201eO s\u0103 profite de ea,\u201d comenta altul.<\/p>\n\n\n\n<p><\/p>\n\n\n\n<p>Dar Clara nu s-a oprit. Nu pentru c\u0103 a\u0219tepta recuno\u0219tin\u021b\u0103. Nu pentru c\u0103 voia aplauze. Ci pentru c\u0103 vedea \u00een el un om pe care lumea p\u0103rea s\u0103-l fi uitat \u2014 \u0219i ea refuza s\u0103-l ignore.<\/p>\n\n\n\n<p>C\u00e2nd brut\u0103ria a fost preluat\u0103 de al\u021bi proprietari, Clara a fost chemat\u0103 la o evaluare.<\/p>\n\n\n\n<p>\u201eDevotamentul t\u0103u e remarcabil,\u201d a spus cu grij\u0103 managerul. \u201eDar unii clien\u021bi au spus c\u0103 se simt\u2026 inconfortabil v\u0103z\u00e2nd un om al str\u0103zii aproape de brut\u0103rie. Poate ai putea dona la un ad\u0103post \u00een schimb?\u201d<\/p>\n\n\n\n<p>Clara a dat din cap politicos. \u0218i nu a schimbat nimic \u2014 \u00een afar\u0103 de ora de sosire: a \u00eenceput s\u0103 vin\u0103 cu 15 minute mai devreme, ca nimeni s\u0103 n-o vad\u0103.<\/p>\n\n\n\n<p>Ea credea c\u0103 gestul ei trecea neobservat. P\u00e2n\u0103 \u00eentr-o diminea\u021b\u0103, c\u00e2nd o casier\u0103 i-a \u0219optit unei cliente:<br>\u201eEa \u00eei d\u0103 de m\u00e2ncare acelui om de ani de zile. \u00cen fiecare zi.\u201d<\/p>\n\n\n\n<p>Clienta a r\u0103spuns cu voce tare, de fa\u021b\u0103 cu Clara:<br>\u201eS\u0103raca\u2026 crede c\u0103 face o diferen\u021b\u0103.\u201d<\/p>\n\n\n\n<p>Clara nu a spus nimic. A continuat s\u0103 fr\u0103m\u00e2nte aluatul, s\u0103 ruleze foile de patiserie \u2014 pentru c\u0103 nu f\u0103cea nimic pentru validarea celorlal\u021bi. O f\u0103cea ca s\u0103 vad\u0103 un om pe care to\u021bi \u00eel ignorau.<\/p>\n\n\n\n<p>\u201eE\u0219ti prea moale,\u201d \u00eei spusese mama ei odat\u0103. \u201eDai prea mult.\u201d<\/p>\n\n\n\n<p>Dar Clara nu credea c\u0103 bun\u0103tatea se termin\u0103. Din contr\u0103 \u2014 ea cre\u0219tea, cu c\u00e2t o d\u0103ruiai mai mult.<\/p>\n\n\n\n<p>Logodnicul ei, Bogdan, \u00een\u021belegea asta.<\/p>\n\n\n\n<p>Bibliotecar pentru copii, el admira faptul c\u0103 Clara punea mereu bun\u0103tatea pe primul loc. \u201eTu nu doar coci pentru oameni,\u201d i-a spus odat\u0103. \u201eTu chiar \u00eei vezi.\u201d<\/p>\n\n\n\n<p>Pe m\u0103sur\u0103 ce se apropia nunta lor de prim\u0103var\u0103, Clara a comandat tortul de la brut\u0103ria pe care o iubea \u0219i \u0219i-a invitat to\u021bi colegii. Bogdan o tachina cu drag:<br>\u201eAi invitat jum\u0103tate din ora\u0219.\u201d<\/p>\n\n\n\n<p>Dar, \u00een secret, o admira pentru asta.<\/p>\n\n\n\n<p>Cu dou\u0103 zile \u00eenainte de nunt\u0103, a primit o scrisoare adus\u0103 de m\u00e2n\u0103. F\u0103r\u0103 expeditor. \u00cen interior, o singur\u0103 propozi\u021bie, scris\u0103 cu litere ordonate:<\/p>\n\n\n\n<p><strong>\u201eM\u00e2ine voi veni \u2014 nu pentru tort, ci ca s\u0103 r\u0103spl\u0103tesc un gest de bun\u0103tate.\u201d<\/strong><\/p>\n\n\n\n<p>Clara a recitit mesajul. Scrisul \u00eei p\u0103rea cunoscut, dar nu putea s\u0103-l asocieze cu nimeni.<\/p>\n\n\n\n<p>\u00cen ziua nun\u021bii, Clara st\u0103tea \u00een camera miresei, privind pe fereastr\u0103 mul\u021bimea care cre\u0219tea. I-a z\u0103rit pe colegi, pe p\u0103rin\u021bii ei, pe nepoatele lui Bogdan \u00een rochi\u021be identice\u2026<\/p>\n\n\n\n<p>\u0218i apoi \u2014 l-a v\u0103zut.<\/p>\n\n\n\n<p>St\u0103tea stingher la intrarea bisericii. Purta un costum vechi, dar proasp\u0103t c\u0103lcat. Pantofii erau uza\u021bi, dar cura\u021bi. P\u0103rul c\u0103runt piept\u0103nat cu grij\u0103. Pentru prima dat\u0103, Clara \u00eei vedea chipul clar.<\/p>\n\n\n\n<p>Era b\u0103rbatul de pe banc\u0103.<\/p>\n\n\n\n<p>\u0218oaptele au \u00eenceput imediat:<\/p>\n\n\n\n<p>\u201eS-a r\u0103t\u0103cit?\u201d<br>\u201eCine l-a invitat pe omul str\u0103zii?\u201d<br>\u201eOare vrea ceva la nunt\u0103?\u201d<\/p>\n\n\n\n<p>Clara nu a stat pe g\u00e2nduri.<\/p>\n\n\n\n<p>F\u0103r\u0103 s\u0103 \u021bin\u0103 cont de intrarea planificat\u0103 sau de fotograful preg\u0103tit, \u0219i-a ridicat rochia \u0219i a ie\u0219it direct pe u\u0219a bisericii.<\/p>\n\n\n\n<p>Se auzir\u0103 suspine. Dar ei nu-i p\u0103sa.<\/p>\n\n\n\n<p>A mers drept spre el, cu lacrimi \u00een ochi.<\/p>\n\n\n\n<p>\u2014 Nu m\u0103 a\u0219teptam s\u0103 vii, i-a spus \u00eencet.<br>\u2014 N-am fost sigur c\u0103 ar trebui, a r\u0103spuns el.<br>\u2014 M\u0103 bucur c\u0103 ai venit.<\/p>\n\n\n\n<p>El i-a \u00eentins un obiect mic \u2014 un \u0219erve\u021bel din p\u00e2nz\u0103, \u00eemp\u0103turit cu grij\u0103, cu margini cusute manual.<\/p>\n\n\n\n<p>\u2014 A apar\u021binut fiicei mele. L-a brodat c\u00e2nd era mic\u0103. M-am g\u00e2ndit c\u0103 poate \u021bi-ar pl\u0103cea.<\/p>\n\n\n\n<p>Clara l-a primit ca pe un dar nepre\u021buit.<\/p>\n\n\n\n<p>\u2014 Ai vrea s\u0103 intri cu mine? l-a \u00eentrebat.<br>El a ezitat.<br>\u2014 M-ai \u00eenso\u021bi p\u00e2n\u0103 la altar? a ad\u0103ugat ea.<\/p>\n\n\n\n<p>Ochii b\u0103rbatului s-au umplut de lacrimi. A dat din cap.<\/p>\n\n\n\n<p>C\u00e2nd au intrat \u00eempreun\u0103 \u00een biseric\u0103, invita\u021bii au amu\u021bit. Clara z\u00e2mbea, cu bra\u021bul legat de omul pe care to\u021bi \u00eel ignoraser\u0103 ani la r\u00e2nd. Iar Bogdan, \u00een fa\u021ba altarului, le-a z\u00e2mbit \u2014 f\u0103r\u0103 confuzie, f\u0103r\u0103 uimire. Doar cu \u00een\u021belegere.<\/p>\n\n\n\n<p>Ceremonia a fost scurt\u0103 \u0219i plin\u0103 de r\u00e2sete \u0219i promisiuni. Clara a p\u0103strat \u0219erve\u021belul brodat \u00een buchetul ei.<\/p>\n\n\n\n<p>La recep\u021bie, mul\u021bi invita\u021bi au venit la b\u0103tr\u00e2n s\u0103-i salute sau s\u0103-\u0219i cear\u0103 iertare. Unii au pus \u00eentreb\u0103ri. Al\u021bii doar i-au mul\u021bumit.<\/p>\n\n\n\n<p>Nu a r\u0103mas mult.<\/p>\n\n\n\n<p>\u00cenainte s\u0103 plece, s-a apropiat de Clara \u0219i Bogdan cu un plic mic.<\/p>\n\n\n\n<p>\u2014 N-am prea multe, a spus. Dar asta e ceva.<\/p>\n\n\n\n<p>\u00cen\u0103untru era o fotografie veche a unei brut\u0103rii \u2014 copertina decolorat\u0103, ferestrele aburite de f\u0103in\u0103. Pe spate, un mesaj scris de m\u00e2n\u0103:<\/p>\n\n\n\n<p><strong>\u201eSo\u021bia mea \u0219i cu mine am avut c\u00e2ndva un loc ca al vostru. Ea cocea. Eu sp\u0103lam vase. Ne serveam vecinii p\u00e2n\u0103 n-am mai putut. Mul\u021bumesc c\u0103 mi-ai amintit ce gust are bun\u0103tatea.\u201d<\/strong><\/p>\n\n\n\n<p>Clara a \u00eenr\u0103mat poza \u0219i a pus-o deasupra tejghelei de la \u201eAlb &amp; Gr\u00e2u\u201d.<\/p>\n\n\n\n<p>Nu l-a mai v\u0103zut niciodat\u0103 pe b\u0103rbat.<\/p>\n\n\n\n<p>Dar \u00een fiecare lun\u0103, \u00eencepu s\u0103 primeasc\u0103 plicuri din adrese diferite \u2014 f\u0103r\u0103 nume de expeditor, doar o carte po\u0219tal\u0103. Fiecare cu o fotografie a unei brut\u0103rii, a unei cafenele sau a unui loc asem\u0103n\u0103tor.<\/p>\n\n\n\n<p><strong>\u201eMicul dejun \u00eemp\u0103r\u021bit e speran\u021b\u0103 redat\u0103.\u201d<\/strong><\/p>\n\n\n\n<p>Inspirat\u0103 de acea experien\u021b\u0103, Clara \u0219i Bogdan au folosit o parte din banii de nunt\u0103 pentru a porni un nou program:&nbsp;<strong>\u201eRaftul de Diminea\u021b\u0103\u201d<\/strong>&nbsp;\u2014 un suport din lemn, amplasat \u00een fa\u021ba brut\u0103riei, unde oricine putea lua o pr\u0103jitur\u0103 \u0219i o cafea, f\u0103r\u0103 \u00eentreb\u0103ri.<\/p>\n\n\n\n<p>F\u0103r\u0103 \u00eenscrieri. F\u0103r\u0103 cozi. F\u0103r\u0103 judecat\u0103.<\/p>\n\n\n\n<p>Doar hran\u0103. Doar bun\u0103tate.<\/p>\n\n\n\n<p>\u00cen c\u00e2teva luni, al\u021bii din cartier au \u00eenceput s\u0103 adauge lucruri. O flor\u0103rie a l\u0103sat buchete. O libr\u0103rie \u2014 romane vechi. Cineva a pus m\u0103nu\u0219i de iarn\u0103.<\/p>\n\n\n\n<p>Clara n-a f\u0103cut nicio reclam\u0103. Dar proiectul a crescut.<\/p>\n\n\n\n<p>\u00centr-o diminea\u021b\u0103, c\u00e2nd raftul era gol \u0219i ea se sim\u021bea descurajat\u0103, o femeie cu haine ponosite s-a oprit \u0219i a l\u0103sat un bilet scris de m\u00e2n\u0103:<\/p>\n\n\n\n<p><strong>\u201eV\u0103 rog, nu renun\u021ba\u021bi. Mi-a\u021bi salvat s\u0103pt\u0103m\u00e2na.\u201d<\/strong><\/p>\n\n\n\n<p>Clara nu pl\u00e2ngea des. Dar \u00een acea zi, a pl\u00e2ns.<\/p>\n\n\n\n<p>Au trecut ani.<\/p>\n\n\n\n<p>\u201eAlb &amp; Gr\u00e2u\u201d a devenit un simbol al comunit\u0103\u021bii \u2014 nu doar pentru pr\u0103jituri, ci pentru demnitatea t\u0103cut\u0103 oferit\u0103 fiec\u0103rui om. Voluntarii veneau \u0219i plecau. \u201eRaftul de Diminea\u021b\u0103\u201d a r\u0103mas.<\/p>\n\n\n\n<p>Clara \u0219i Bogdan au avut copii, care au \u00eenv\u0103\u021bat s\u0103 scrie bile\u021bele pentru str\u0103inii care se opreau.<\/p>\n\n\n\n<p><strong>\u201eS\u0103 ai o zi minunat\u0103.\u201d<\/strong><br><strong>\u201eE\u0219ti iubit.\u201d<\/strong><br><strong>\u201eMul\u021bumim c\u0103 exi\u0219ti.\u201d<\/strong><\/p>\n\n\n\n<p>Uneori, cele mai mari transform\u0103ri nu \u00eencep cu un gest grandios, ci cu un rulou cu scor\u021bi\u0219oar\u0103 \u0219i un \u0219erve\u021bel.<\/p>\n\n\n\n<p>B\u0103rbatul de pe banc\u0103 n-a mai revenit niciodat\u0103. Dar prezen\u021ba lui a r\u0103mas vie \u00een fiecare gest de bun\u0103tate care a urmat.<\/p>\n\n\n\n<p><em>Aceast\u0103 lucrare este inspirat\u0103 din evenimente \u0219i persoane reale, \u00eens\u0103 a fost fic\u021bionalizat\u0103 \u00een scopuri creative. Numele, personajele \u0219i detaliile au fost schimbate pentru a proteja intimitatea \u0219i pentru a \u00eembun\u0103t\u0103\u021bi nara\u021biunea. Orice asem\u0103nare cu persoane reale, \u00een via\u021b\u0103 sau decedate, sau cu evenimente reale este pur \u00eent\u00e2mpl\u0103toare \u0219i nu este inten\u021bionat\u0103 de c\u0103tre autor.<\/em><\/p>\n\n\n\n<p><em>Autorul \u0219i editorul nu \u00ee\u0219i asum\u0103 responsabilitatea pentru exactitatea evenimentelor sau pentru modul \u00een care sunt portretizate personajele \u0219i nu sunt r\u0103spunz\u0103tori pentru eventuale interpret\u0103ri gre\u0219ite. Aceast\u0103 poveste este oferit\u0103 \u201eca atare\u201d, iar orice opinii exprimate apar\u021bin personajelor \u0219i nu reflect\u0103 punctele de vedere ale autorului sau ale editorului.<\/em><\/p>\n","protected":false},"excerpt":{"rendered":"<p>ANI LA R\u00c2ND, CLAIRE A L\u0102SAT M\u00c2NCARE PENTRU UN OM F\u0102R\u0102 AD\u0102POST CARE NU I-A SPUS NICIODAT\u0102 UN CUV\u00c2NT \u2014 IAR \u00ceN ZIUA NUN\u021aII EI,<\/p>\n","protected":false},"author":1,"featured_media":40939,"comment_status":"closed","ping_status":"closed","sticky":false,"template":"","format":"standard","meta":[],"categories":[1],"tags":[],"_links":{"self":[{"href":"https:\/\/calatorinromania.com\/index.php?rest_route=\/wp\/v2\/posts\/41359"}],"collection":[{"href":"https:\/\/calatorinromania.com\/index.php?rest_route=\/wp\/v2\/posts"}],"about":[{"href":"https:\/\/calatorinromania.com\/index.php?rest_route=\/wp\/v2\/types\/post"}],"author":[{"embeddable":true,"href":"https:\/\/calatorinromania.com\/index.php?rest_route=\/wp\/v2\/users\/1"}],"replies":[{"embeddable":true,"href":"https:\/\/calatorinromania.com\/index.php?rest_route=%2Fwp%2Fv2%2Fcomments&post=41359"}],"version-history":[{"count":1,"href":"https:\/\/calatorinromania.com\/index.php?rest_route=\/wp\/v2\/posts\/41359\/revisions"}],"predecessor-version":[{"id":41360,"href":"https:\/\/calatorinromania.com\/index.php?rest_route=\/wp\/v2\/posts\/41359\/revisions\/41360"}],"wp:featuredmedia":[{"embeddable":true,"href":"https:\/\/calatorinromania.com\/index.php?rest_route=\/wp\/v2\/media\/40939"}],"wp:attachment":[{"href":"https:\/\/calatorinromania.com\/index.php?rest_route=%2Fwp%2Fv2%2Fmedia&parent=41359"}],"wp:term":[{"taxonomy":"category","embeddable":true,"href":"https:\/\/calatorinromania.com\/index.php?rest_route=%2Fwp%2Fv2%2Fcategories&post=41359"},{"taxonomy":"post_tag","embeddable":true,"href":"https:\/\/calatorinromania.com\/index.php?rest_route=%2Fwp%2Fv2%2Ftags&post=41359"}],"curies":[{"name":"wp","href":"https:\/\/api.w.org\/{rel}","templated":true}]}}