{"id":41349,"date":"2025-08-21T08:31:58","date_gmt":"2025-08-21T08:31:58","guid":{"rendered":"https:\/\/calatorinromania.com\/?p=41349"},"modified":"2025-08-21T08:31:59","modified_gmt":"2025-08-21T08:31:59","slug":"astazi-am-cumparat-carne-tocata-din-magazin","status":"publish","type":"post","link":"https:\/\/calatorinromania.com\/?p=41349","title":{"rendered":"Ast\u0103zi am cump\u0103rat carne tocat\u0103 din magazin"},"content":{"rendered":"\n<p>La prima vedere, diferen\u021ba dintre carnea de vit\u0103 din magazin \u0219i cea crescut\u0103 la ferm\u0103 se observ\u0103 cu ochiul liber. \u00cens\u0103, dincolo de acest aspect vizibil, se ascunde mult mai mult.<\/p>\n\n\n\n<p><\/p>\n\n\n\n<p>Este important s\u0103 \u00een\u021belegem ce punem \u00een farfurie \u0219i de ce alegerea are un impact at\u00e2t de mare.<\/p>\n\n\n\n<p><\/p>\n\n\n\n<p><strong>Culoarea spune totul<\/strong><\/p>\n\n\n\n<p><\/p>\n\n\n\n<p>Privi\u021bi nuan\u021ba c\u0103rnii. Carnea de vit\u0103 din magazine are, de obicei, o culoare roz-deschis sau ro\u0219u pal.<\/p>\n\n\n\n<p><\/p>\n\n\n\n<p>Totul \u021bine de chimicale \u2014 pentru a-i prelungi \u201eprospe\u021bimea\u201d, produc\u0103torii adaug\u0103 conservan\u021bi precum propilgallatul.<\/p>\n\n\n\n<p><\/p>\n\n\n\n<p>Aceste substan\u021be \u00eencetinesc procesul de oxidare, \u00eempiedic\u00e2nd carnea s\u0103 se \u00eennegreasc\u0103 pe raft, dar \u00een acela\u0219i timp \u00eei pot reduce propriet\u0103\u021bile naturale.<\/p>\n\n\n\n<p><\/p>\n\n\n\n<p>Pe de alt\u0103 parte, carnea de la ferm\u0103 are, de regul\u0103, o culoare ro\u0219u-\u00eenchis intens. Acesta este un semn c\u0103 produsul este proasp\u0103t, t\u0103iat recent \u0219i neprocesat cu aditivi artificiali.<\/p>\n\n\n\n<p>Aceast\u0103 carne are \u0219i un miros diferit \u2014 un parfum bogat de carne, pe care cu greu l-ai putea confunda.<\/p>\n\n\n\n<p>Ambalajul din supermarket poate afi\u0219a \u201eProdus \u00een cutare \u021bar\u0103\u201d, dar asta nu corespunde mereu realit\u0103\u021bii.<\/p>\n\n\n\n<p>De multe ori, carnea provine din diverse \u021b\u0103ri, \u00een func\u021bie de unde furnizorul a g\u0103sit mai ieftin. Mai mult, \u00eentr-o singur\u0103 tav\u0103 poate fi un amestec de la mai multe vaci, ceea ce face imposibil\u0103 urm\u0103rirea originii.<\/p>\n\n\n\n<p>Marile abatoare folosesc adesea materie prim\u0103 de la ferme industriale, unde vitele sunt \u021binute \u00een spa\u021bii \u00eenguste, hr\u0103nite artificial \u0219i tratate cu antibiotice.<\/p>\n\n\n\n<p>Un astfel de proces are ca scop cantitatea, nu calitatea sau bun\u0103starea animalelor.<\/p>\n\n\n\n<p>Dac\u0103 dori\u021bi s\u0103 consuma\u021bi carne cu adev\u0103rat de calitate, care nu doar c\u0103 este mai gustoas\u0103, dar \u0219i mai s\u0103n\u0103toas\u0103, alege\u021bi produsele provenite de la fermieri locali.<\/p>\n\n\n\n<p>Aceasta nu este doar o simpl\u0103 achizi\u021bie, ci o alegere con\u0219tient\u0103 pentru s\u0103n\u0103tate, pentru mediu \u0219i pentru o produc\u021bie cinstit\u0103.<\/p>\n\n\n\n<p><em>Aceast\u0103 lucrare este inspirat\u0103 din evenimente \u0219i persoane reale, \u00eens\u0103 a fost fic\u021bionalizat\u0103 \u00een scopuri creative. Numele, personajele \u0219i detaliile au fost schimbate pentru a proteja intimitatea \u0219i pentru a \u00eembun\u0103t\u0103\u021bi nara\u021biunea. Orice asem\u0103nare cu persoane reale, \u00een via\u021b\u0103 sau decedate, sau cu evenimente reale este pur \u00eent\u00e2mpl\u0103toare \u0219i nu este inten\u021bionat\u0103 de c\u0103tre autor.<\/em><\/p>\n\n\n\n<p><em>Autorul \u0219i editorul nu \u00ee\u0219i asum\u0103 responsabilitatea pentru exactitatea evenimentelor sau pentru modul \u00een care sunt portretizate personajele \u0219i nu sunt r\u0103spunz\u0103tori pentru eventuale interpret\u0103ri gre\u0219ite. Aceast\u0103 poveste este oferit\u0103 \u201eca atare\u201d, iar orice opinii exprimate apar\u021bin personajelor \u0219i nu reflect\u0103 punctele de vedere ale autorului sau ale editorului.<\/em><\/p>\n","protected":false},"excerpt":{"rendered":"<p>La prima vedere, diferen\u021ba dintre carnea de vit\u0103 din magazin \u0219i cea crescut\u0103 la ferm\u0103 se observ\u0103 cu ochiul liber. \u00cens\u0103, dincolo de acest aspect<\/p>\n","protected":false},"author":1,"featured_media":40932,"comment_status":"closed","ping_status":"closed","sticky":false,"template":"","format":"standard","meta":[],"categories":[1],"tags":[],"_links":{"self":[{"href":"https:\/\/calatorinromania.com\/index.php?rest_route=\/wp\/v2\/posts\/41349"}],"collection":[{"href":"https:\/\/calatorinromania.com\/index.php?rest_route=\/wp\/v2\/posts"}],"about":[{"href":"https:\/\/calatorinromania.com\/index.php?rest_route=\/wp\/v2\/types\/post"}],"author":[{"embeddable":true,"href":"https:\/\/calatorinromania.com\/index.php?rest_route=\/wp\/v2\/users\/1"}],"replies":[{"embeddable":true,"href":"https:\/\/calatorinromania.com\/index.php?rest_route=%2Fwp%2Fv2%2Fcomments&post=41349"}],"version-history":[{"count":1,"href":"https:\/\/calatorinromania.com\/index.php?rest_route=\/wp\/v2\/posts\/41349\/revisions"}],"predecessor-version":[{"id":41350,"href":"https:\/\/calatorinromania.com\/index.php?rest_route=\/wp\/v2\/posts\/41349\/revisions\/41350"}],"wp:featuredmedia":[{"embeddable":true,"href":"https:\/\/calatorinromania.com\/index.php?rest_route=\/wp\/v2\/media\/40932"}],"wp:attachment":[{"href":"https:\/\/calatorinromania.com\/index.php?rest_route=%2Fwp%2Fv2%2Fmedia&parent=41349"}],"wp:term":[{"taxonomy":"category","embeddable":true,"href":"https:\/\/calatorinromania.com\/index.php?rest_route=%2Fwp%2Fv2%2Fcategories&post=41349"},{"taxonomy":"post_tag","embeddable":true,"href":"https:\/\/calatorinromania.com\/index.php?rest_route=%2Fwp%2Fv2%2Ftags&post=41349"}],"curies":[{"name":"wp","href":"https:\/\/api.w.org\/{rel}","templated":true}]}}