{"id":41347,"date":"2025-08-21T08:29:16","date_gmt":"2025-08-21T08:29:16","guid":{"rendered":"https:\/\/calatorinromania.com\/?p=41347"},"modified":"2025-08-21T08:29:16","modified_gmt":"2025-08-21T08:29:16","slug":"la-absolvirea-fiului-meu-o-fata-s-a-apropiat-de-mine-si-mi-a-pus-un-bebelus-in-brate-2","status":"publish","type":"post","link":"https:\/\/calatorinromania.com\/?p=41347","title":{"rendered":"La absolvirea fiului meu, o fat\u0103 s-a apropiat de mine \u0219i mi-a pus un bebelu\u0219 \u00een bra\u021be"},"content":{"rendered":"\n<p>**La absolvirea fiului meu, o t\u00e2n\u0103r\u0103 s-a apropiat, mi-a pus un bebelu\u0219 \u00een bra\u021be \u0219i a spus: \u201eAcum e al t\u0103u.\u201d Mi s-a oprit inima. Cuvintele care au urmat mi-au devastat lumea, iar acum trebuie s\u0103-i spun fiului meu un adev\u0103r care i-ar putea schimba via\u021ba pentru totdeauna.**<\/p>\n\n\n\n<p><\/p>\n\n\n\n<p>St\u0103team \u00een al doilea r\u00e2nd al auditorului, \u021bin\u00e2nd str\u00e2ns programul ceremoniei \u0219i \u00eencerc\u00e2nd s\u0103-mi st\u0103p\u00e2nesc emo\u021biile.<\/p>\n\n\n\n<p><\/p>\n\n\n\n<p>Fiul meu, Mihai, absolvea facultatea cu magna cum laude. Patru ani de efort constant, sesiuni de \u00eenv\u0103\u021bat p\u00e2n\u0103 noaptea t\u00e2rziu \u0219i stagii nepl\u0103tite \u00ee\u0219i d\u0103duser\u0103, \u00een sf\u00e2r\u0219it, roadele. Reu\u0219ise!<\/p>\n\n\n\n<p><\/p>\n\n\n\n<p>M-am uitat \u00een jur, dar eram singur\u0103, \u00eenconjurat\u0103 de necunoscu\u021bi.<\/p>\n\n\n\n<p><\/p>\n\n\n\n<p>So\u021bul meu murise de trei ani, dar momente ca acesta f\u0103ceau durerea s\u0103 par\u0103 proasp\u0103t\u0103, ca \u0219i cum abia se \u00eent\u00e2mplase.<\/p>\n\n\n\n<p><\/p>\n\n\n\n<p>\u201eAi fi fost at\u00e2t de m\u00e2ndru de el, Toma\u201d, mi-am spus \u00een g\u00e2nd.<\/p>\n\n\n\n<p><\/p>\n\n\n\n<p>Ceremonia a continuat cu fast, discursuri pline de speran\u021b\u0103 \u0219i vorbe frumoase despre viitoruri str\u0103lucite \u0219i poten\u021bial infinit.<\/p>\n\n\n\n<p>Ascultam pe jum\u0103tate, a\u0219tept\u00e2nd ner\u0103bd\u0103toare s\u0103-i vin\u0103 r\u00e2ndul lui Mihai. Atunci mi-a atras privirea ceva ciudat: o persoan\u0103 singuratic\u0103 st\u0103tea l\u00e2ng\u0103 cortin\u0103, pe jum\u0103tate \u00een umbr\u0103, cu o siluet\u0103 parc\u0103 deformat\u0103.<\/p>\n\n\n\n<p>A f\u0103cut un pas \u00eenainte, ie\u0219ind din \u00eentuneric.<\/p>\n\n\n\n<p>Era o t\u00e2n\u0103r\u0103, probabil de vreo dou\u0103zeci \u0219i ceva de ani. P\u0103rea ciudat\u0103 la \u00eenceput, pentru c\u0103 \u021binea str\u00e2ns la piept o p\u0103turic\u0103 albastr\u0103 frumoas\u0103.<\/p>\n\n\n\n<p>Pachetul s-a mi\u0219cat u\u0219or \u0219i am realizat c\u0103 \u021binea \u00een bra\u021be\u2026 un bebelu\u0219?<\/p>\n\n\n\n<p>Poate venise cu un frate sau o veri\u0219oar\u0103 mai mic\u0103 la ceremonie.<\/p>\n\n\n\n<p>Dar c\u00e2nd am privit-o mai atent, ceva \u00een comportamentul ei m-a nelini\u0219tit. Era palid\u0103, aproape boln\u0103vicioas\u0103, \u0219i st\u0103tea nemi\u0219cat\u0103 ca o statuie.<\/p>\n\n\n\n<p>Am crezut c\u0103 era emo\u021bionat\u0103 pentru cineva apropiat, dar apoi \u0219i-a \u00eentors aten\u021bia spre mine.<\/p>\n\n\n\n<p>Buzele i s-au desf\u0103cut u\u0219or, iar ochii i s-au m\u0103rit. Nu o v\u0103zusem niciodat\u0103 p\u00e2n\u0103 atunci, dar ea m\u0103 recuno\u0219tea.<\/p>\n\n\n\n<p>Ai avut vreodat\u0103 senza\u021bia c\u0103 timpul \u00eencetine\u0219te \u0219i c\u0103 urmeaz\u0103 un moment care \u00ee\u021bi va schimba via\u021ba? A\u0219a m-am sim\u021bit.<\/p>\n\n\n\n<p>A \u00eenceput s\u0103 mearg\u0103 spre mine.<\/p>\n\n\n\n<p>Se mi\u0219ca \u00eencet, cu grij\u0103, f\u0103r\u0103 s\u0103-\u0219i ia ochii de la mine.<\/p>\n\n\n\n<p>M-am ridicat instinctiv, \u00eencerc\u00e2nd s\u0103 \u00een\u021beleg. Poate m\u0103 confundase cu altcineva? Dar nu s-a oprit.<\/p>\n\n\n\n<p>S-a oprit \u00een fa\u021ba mea, s-a uitat la bebelu\u0219ul din bra\u021bele ei, apoi mi l-a \u00eentins.<\/p>\n\n\n\n<p>F\u0103r\u0103 \u201ebun\u0103 ziua\u201d, f\u0103r\u0103 nicio introducere \u2014 doar greutatea unui bebelu\u0219 \u00een bra\u021bele mele.<\/p>\n\n\n\n<p>Trecuser\u0103 ani de c\u00e2nd nu mai \u021binusem un copil \u00een bra\u021be, dar l-am luat instinctiv, apropiindu-l de piept \u0219i uit\u00e2ndu-m\u0103 la chipul s\u0103u adormit.<\/p>\n\n\n\n<p>Apoi, fata s-a aplecat \u0219i mi-a \u0219optit:<\/p>\n\n\n\n<p>\u2014 Acum e al t\u0103u.<\/p>\n\n\n\n<p>\u2014 Cum? am \u00eentrebat, privind c\u00e2nd la ea, c\u00e2nd la b\u0103ie\u021bel. Cred c\u0103 ai gre\u0219it\u2026<\/p>\n\n\n\n<p>A dat din cap \u00een semn c\u0103 nu, iar cuvintele mi s-au oprit \u00een g\u00e2t. Ochii i se umpluser\u0103 de lacrimi, iar expresia ei, care \u00eenainte era rigid\u0103 \u0219i rece, era acum plin\u0103 de triste\u021be.<\/p>\n\n\n\n<p>\u2014 Nu mai pot, a murmurat, ca \u0219i cum \u021binuse totul \u00een ea de luni \u00eentregi. Merit\u0103 mai mult. E\u0219ti bunica lui \u0219i nu \u0219tiu pe cine altcineva a\u0219 putea avea \u00eencredere s\u0103-l \u00eengrijeasc\u0103.<\/p>\n\n\n\n<p>M-am uitat la b\u0103ie\u021bel, avea vreo patru luni, genele i se mi\u0219cau u\u0219or pe obraji \u00een timp ce dormea. Acest copil era nepotul meu?<\/p>\n\n\n\n<p>Sim\u021beam c\u0103 mi se \u00eenmoaie genunchii.<\/p>\n\n\n\n<p>Auditoriul devenise brusc prea fierbinte, prea zgomotos. L-am str\u00e2ns mai tare, de team\u0103 c\u0103 l-a\u0219 putea sc\u0103pa sau c\u0103 m-a\u0219 putea pr\u0103bu\u0219i eu \u00eens\u0103mi.<\/p>\n\n\n\n<p>Privirea fetei s-a mutat spre scen\u0103, acolo unde Mihai urma s\u0103 urce s\u0103-\u0219i ia diploma. Nu avea nicio idee c\u0103 via\u021ba lui era pe cale s\u0103 se r\u0103stoarne complet.<\/p>\n\n\n\n<p>\u2014 Mihai n-a \u0219tiut niciodat\u0103, a spus ea cu ru\u0219ine \u00een glas. Am fost \u00eempreun\u0103 scurt anul trecut. A pus cap\u0103t rela\u021biei \u0219i eu\u2026 nu i-am spus. N-am vrut s\u0103-i distrug viitorul.<\/p>\n\n\n\n<p>Nu te poate preg\u0103ti nimeni pentru un astfel de moment. Nimeni.<\/p>\n\n\n\n<p>Mintea \u00ee\u021bi fuge \u00een toate direc\u021biile, \u00een timp ce inima pare c\u0103 se opre\u0219te.<\/p>\n\n\n\n<p>\u2014 Dar ai venit, am zis cu greu.<\/p>\n\n\n\n<p>A dat din cap. \u2014 M-am r\u0103zg\u00e2ndit. Era c\u00e2t pe ce s\u0103 plec din ora\u0219 f\u0103r\u0103 s\u0103 spun nimic, dar seam\u0103n\u0103 din ce \u00een ce mai mult cu el\u2026 \u00een fiecare zi. \u0218i eu\u2026<\/p>\n\n\n\n<p>S-a uitat la bebelu\u0219 cu ochii plini de iubire, triste\u021be \u0219i, parc\u0103, disperare.<\/p>\n\n\n\n<p>\u2014 Merit\u0103 s\u0103-\u0219i cunoasc\u0103 familia, a ad\u0103ugat. Nu mai pot s\u0103-i ascund adev\u0103rul lui Mihai. Nici \u021bie. \u0218i nu mai pot singur\u0103.<\/p>\n\n\n\n<p>Tonul rug\u0103tor din vocea ei aproape c\u0103 mi-a fr\u00e2nt inima. Vorbea cu acea disperare care vine doar dup\u0103 luni \u00eentregi de t\u0103cere, dup\u0103 decizii imposibile, f\u0103r\u0103 solu\u021bii bune.<\/p>\n\n\n\n<p>\u2014 Nu-l abandonez, a spus brusc, de parc\u0103 \u00eemi citise g\u00e2ndurile. Dar am nevoie de ajutor. Am nevoie de tine.<\/p>\n\n\n\n<p>M-am uitat din nou la puful de p\u0103r castaniu, la guri\u021ba delicat\u0103 \u0219i la pleoapele care tremurau u\u0219or.<\/p>\n\n\n\n<p>Avea ochii lui Mihai. Nu puteam nega: aceia\u0219i ochi ad\u00e2nci, cu gene lungi, care m\u0103 cuceriser\u0103 c\u00e2nd Mihai era mic.<\/p>\n\n\n\n<p>N-am cerut dovezi, nu m-am retras. Doar am \u00eentrebat:<\/p>\n\n\n\n<p>\u2014 Cum \u00eel cheam\u0103?<\/p>\n\n\n\n<p>\u2014 Toma, a spus ea. Apoi, mai \u00eencet: Tomi\u021b\u0103.<\/p>\n\n\n\n<p>\u0218i \u00een acel moment, inima mi s-a deschis larg.<\/p>\n\n\n\n<p>Era numele so\u021bului meu, spus ca o rug\u0103ciune. Coinciden\u021ba p\u0103rea prea dureroas\u0103, prea perfect\u0103, prea mult ca o interven\u021bie a destinului pe care n-o puteam \u00een\u021belege.<\/p>\n\n\n\n<p>\u2014 Ana, a spus ea, cu ochii \u00een p\u0103m\u00e2nt, \u00een timp ce-\u0219i \u0219tergea lacrimile. Vocea i s-a \u00eenmuiat.<\/p>\n\n\n\n<p>\u2014 Spune-i lui Mihai c\u00e2nd consideri c\u0103 e momentul potrivit. \u0218i asigur\u0103-l c\u0103 nu am f\u0103cut asta ca s\u0103-l prind \u00eentr-o capcan\u0103. Am f\u0103cut-o pentru a supravie\u021bui. Ca \u00eentr-o zi, s\u0103 pot fi mama pe care Tomi\u021b\u0103 o merit\u0103.<\/p>\n\n\n\n<p>A \u00eentins m\u00e2na, a z\u00e2mbit trist privind la b\u0103ie\u021bel, apoi s-a \u00eentors.<\/p>\n\n\n\n<p>Nici n-am apucat s\u0103-i r\u0103spund. Disp\u0103ruse \u00een mul\u021bimea de oameni \u0219i blitzuri, ca \u0219i cum nici n-ar fi existat.<\/p>\n\n\n\n<p>M-am \u00eentors spre scen\u0103 chiar c\u00e2nd s-a strigat numele fiului meu.<\/p>\n\n\n\n<p>L-am v\u0103zut c\u0103ut\u00e2nd cu privirea prin sal\u0103, z\u00e2mbind \u0219i f\u0103c\u00e2nd cu m\u00e2na, dar expresia i s-a schimbat c\u00e2nd a observat bebelu\u0219ul \u00een bra\u021bele mele.<\/p>\n\n\n\n<p>Ar fi trebuit s\u0103-i vezi fa\u021ba. \u00cen mai pu\u021bin de dou\u0103 secunde, bucuria pur\u0103 s-a transformat \u00eentr-o confuzie total\u0103.<\/p>\n\n\n\n<p>Dup\u0103 ceremonie, a venit direct spre mine.<\/p>\n\n\n\n<p>\u2014 Mam\u0103? Vocea lui era joas\u0103, tensionat\u0103. Al cui e copilul?<\/p>\n\n\n\n<p>\u2014 Hai s\u0103 ne a\u0219ez\u0103m pu\u021bin.<\/p>\n\n\n\n<p>Am g\u0103sit o banc\u0103 sub ni\u0219te plopi, \u00een timp ce agita\u021bia s\u0103rb\u0103torii se estompa. Bebelu\u0219ul s-a mi\u0219cat u\u0219or. Mihai s-a a\u0219ezat, clipind des, \u00een timp ce i-am povestit, pe scurt, ce s-a \u00eent\u00e2mplat.<\/p>\n\n\n\n<p>\u2014 Copilul \u0103sta\u2026 e al meu? a \u0219optit.<\/p>\n\n\n\n<p>\u2014 Da.<\/p>\n\n\n\n<p>Cuv\u00e2ntul plutea \u00een aer ca un tunet.<\/p>\n\n\n\n<p>\u2014 Dar\u2026 cine, cum? A fost Ana?<\/p>\n\n\n\n<p>Am dat din cap.<\/p>\n\n\n\n<p>S-a aplecat, cu m\u00e2inile pe fa\u021b\u0103.<\/p>\n\n\n\n<p>\u2014 Ne-am apropiat anul trecut, dar nu mi-a spus nimic. Am rupt leg\u0103tura ca s\u0103 m\u0103 concentrez pe examene, iar ea\u2026 a disp\u0103rut.<\/p>\n\n\n\n<p>Am vorbit bl\u00e2nd: \u2014 I-a fost fric\u0103.<\/p>\n\n\n\n<p>Am r\u0103mas \u00een t\u0103cere, am\u00e2ndoi, uimi\u021bi, \u00een timp ce Tomi\u021b\u0103 s-a \u00eentins, a c\u0103scat \u0219i a deschis ochii \u2014 ochii lui Mihai.<\/p>\n\n\n\n<p>Mihai s-a uitat la el.<\/p>\n\n\n\n<p>\u2014 Nu \u0219tiu ce s\u0103 fac, a murmurat, privind copilul. Am 22 de ani \u0219i nici m\u0103car n-am un job stabil. Cum a\u0219 putea s\u0103 am grij\u0103 de un copil?<\/p>\n\n\n\n<p>Am \u00eentins m\u00e2na \u0219i i-am pus-o u\u0219or pe bra\u021b.<\/p>\n\n\n\n<p>\u2014 Nu trebuie s\u0103 te descurci singur, Mihai, i-am spus. Niciodat\u0103 nu va trebui s\u0103 faci asta singur.<\/p>\n\n\n\n<p>Mihai a \u00eentins m\u00e2na \u0219i a atins bebelu\u0219ul. Tomi\u021b\u0103 a g\u00e2ngurit \u0219i \u0219i-a \u00eenf\u0103\u0219urat m\u00e2nu\u021ba \u00een jurul degetului lui Mihai.<\/p>\n\n\n\n<p>Atunci s-a schimbat totul. Mihai a z\u00e2mbit u\u0219or, tandru, \u0219i am v\u0103zut cum acceptarea tem\u0103toare s-a transformat \u00eentr-o iubire profund\u0103, protectoare, de p\u0103rinte.<\/p>\n\n\n\n<p>\u2014 Vreau s\u0103 vorbesc cu ea, a spus \u00een cele din urm\u0103. S\u0103\u2026 nu \u0219tiu, s\u0103 g\u0103sim o cale.<\/p>\n\n\n\n<p>\u2014 Cred c\u0103 \u0219i ea \u00ee\u0219i dore\u0219te asta.<\/p>\n\n\n\n<p>\u00cen seara aceea, am mers \u00eempreun\u0103 acas\u0103.<\/p>\n\n\n\n<p>Am preg\u0103tit un biberon \u00een timp ce Mihai leg\u0103na copilul. Nu a spus mare lucru, dar nici nu l-a l\u0103sat din bra\u021be.<\/p>\n\n\n\n<p>Zilele ce-au urmat au fost delicate \u0219i ciudate.<\/p>\n\n\n\n<p>Mihai s-a \u00eent\u00e2lnit cu Ana la o cafenea. Eu n-am mers, dar mi-a povestit dup\u0103: cum au pl\u00e2ns, apoi au vorbit \u0219i au \u00eenceput s\u0103 caute o solu\u021bie \u00eempreun\u0103.<\/p>\n\n\n\n<p>Dar asta nu e o poveste cu r\u0103spunsuri simple. E o poveste despre curaj, despre alegeri grele, despre a r\u0103m\u00e2ne aproape.<\/p>\n\n\n\n<p>Eu sunt principalul \u00eengrijitor al lui Tomi\u021b\u0103, dar Mihai \u0219i Ana sunt p\u0103rin\u021bii lui, \u00eempreun\u0103.<\/p>\n\n\n\n<p>Mihai are acum un job de \u00eenceput \u00een domeniul lui \u0219i e hot\u0103r\u00e2t s\u0103 urce treptat, iar Ana s-a \u00eentors la facultate s\u0103-\u0219i termine studiile.<\/p>\n\n\n\n<p>Uneori g\u0103tesc \u00eempreun\u0103, alteori dorm la noi ca s\u0103 \u00eempart\u0103 \u00eengrijirea de noapte.<\/p>\n\n\n\n<p>Au ales s\u0103 fie acolo pentru copilul lor \u0219i unul pentru cel\u0103lalt, \u00een fiecare clip\u0103.<\/p>\n\n\n\n<p>Uneori \u00eei privesc pe Mihai \u0219i pe Ana cu Tomi\u021b\u0103 \u0219i m\u0103 g\u00e2ndesc la acea zi, la curajul Anei, la \u00eencrederea pe care mi-a oferit-o \u00een cel mai greu moment al ei \u0219i la c\u00e2t de departe am ajuns de atunci.<\/p>\n\n\n\n<p><em>Aceast\u0103 lucrare este inspirat\u0103 din evenimente \u0219i persoane reale, \u00eens\u0103 a fost fic\u021bionalizat\u0103 \u00een scopuri creative. Numele, personajele \u0219i detaliile au fost schimbate pentru a proteja intimitatea \u0219i pentru a \u00eembun\u0103t\u0103\u021bi nara\u021biunea. Orice asem\u0103nare cu persoane reale, \u00een via\u021b\u0103 sau decedate, sau cu evenimente reale este pur \u00eent\u00e2mpl\u0103toare \u0219i nu este inten\u021bionat\u0103 de c\u0103tre autor.<\/em><\/p>\n\n\n\n<p><em>Autorul \u0219i editorul nu \u00ee\u0219i asum\u0103 responsabilitatea pentru exactitatea evenimentelor sau pentru modul \u00een care sunt portretizate personajele \u0219i nu sunt r\u0103spunz\u0103tori pentru eventuale interpret\u0103ri gre\u0219ite. Aceast\u0103 poveste este oferit\u0103 \u201eca atare\u201d, iar orice opinii exprimate apar\u021bin personajelor \u0219i nu reflect\u0103 punctele de vedere ale autorului sau ale editorului.<\/em><\/p>\n","protected":false},"excerpt":{"rendered":"<p>**La absolvirea fiului meu, o t\u00e2n\u0103r\u0103 s-a apropiat, mi-a pus un bebelu\u0219 \u00een bra\u021be \u0219i a spus: \u201eAcum e al t\u0103u.\u201d Mi s-a oprit inima.<\/p>\n","protected":false},"author":1,"featured_media":40939,"comment_status":"closed","ping_status":"closed","sticky":false,"template":"","format":"standard","meta":[],"categories":[1],"tags":[],"_links":{"self":[{"href":"https:\/\/calatorinromania.com\/index.php?rest_route=\/wp\/v2\/posts\/41347"}],"collection":[{"href":"https:\/\/calatorinromania.com\/index.php?rest_route=\/wp\/v2\/posts"}],"about":[{"href":"https:\/\/calatorinromania.com\/index.php?rest_route=\/wp\/v2\/types\/post"}],"author":[{"embeddable":true,"href":"https:\/\/calatorinromania.com\/index.php?rest_route=\/wp\/v2\/users\/1"}],"replies":[{"embeddable":true,"href":"https:\/\/calatorinromania.com\/index.php?rest_route=%2Fwp%2Fv2%2Fcomments&post=41347"}],"version-history":[{"count":1,"href":"https:\/\/calatorinromania.com\/index.php?rest_route=\/wp\/v2\/posts\/41347\/revisions"}],"predecessor-version":[{"id":41348,"href":"https:\/\/calatorinromania.com\/index.php?rest_route=\/wp\/v2\/posts\/41347\/revisions\/41348"}],"wp:featuredmedia":[{"embeddable":true,"href":"https:\/\/calatorinromania.com\/index.php?rest_route=\/wp\/v2\/media\/40939"}],"wp:attachment":[{"href":"https:\/\/calatorinromania.com\/index.php?rest_route=%2Fwp%2Fv2%2Fmedia&parent=41347"}],"wp:term":[{"taxonomy":"category","embeddable":true,"href":"https:\/\/calatorinromania.com\/index.php?rest_route=%2Fwp%2Fv2%2Fcategories&post=41347"},{"taxonomy":"post_tag","embeddable":true,"href":"https:\/\/calatorinromania.com\/index.php?rest_route=%2Fwp%2Fv2%2Ftags&post=41347"}],"curies":[{"name":"wp","href":"https:\/\/api.w.org\/{rel}","templated":true}]}}