{"id":41343,"date":"2025-08-21T08:11:41","date_gmt":"2025-08-21T08:11:41","guid":{"rendered":"https:\/\/calatorinromania.com\/?p=41343"},"modified":"2025-08-21T08:11:41","modified_gmt":"2025-08-21T08:11:41","slug":"nepoata-se-stinge-la-nastere-opt-barbati-n-au-putut-ridica-sic-riul-pana-cand-mama-soacra-a-implorat-sa-l-deschida-2","status":"publish","type":"post","link":"https:\/\/calatorinromania.com\/?p=41343","title":{"rendered":"\u201dNepoata se stinge la na\u0219tere \u2013 opt b\u0103rba\u021bi n-au putut ridica sic.riul, p\u00e2n\u0103 c\u00e2nd mama soacr\u0103 a implorat s\u0103-l deschid\u0103\u201d"},"content":{"rendered":"\n<p>Nepoata se stinge la na\u0219tere \u2014 opt b\u0103rba\u021bi n-au putut ridica sicriul, p\u00e2n\u0103 c\u00e2nd mama soacr\u0103 a implorat s\u0103-l deschid\u0103\u2026<\/p>\n\n\n\n<p><\/p>\n\n\n\n<p>Sunetele cornului funerar se auzeau r\u0103sun\u00e2nd printre pic\u0103turile de ploaie, fiecare not\u0103 lovind acoperi\u0219ul de tabl\u0103 al casei b\u0103tr\u00e2ne\u0219ti. \u00cen centrul cur\u021bii, un sicriu galben era a\u0219ezat pe dou\u0103 b\u0103ncu\u021be din lemn. Cei aduna\u021bi \u00een jur, cu capetele plecate \u00een durere, pl\u00e2ngeau pierderea unei femei tinere, r\u0103pus\u0103 \u00een timpul unui travaliu prematur.<\/p>\n\n\n\n<p><\/p>\n\n\n\n<p>Avea doar 25 de ani.<\/p>\n\n\n\n<p><\/p>\n\n\n\n<p>De c\u00e2nd intrase \u00een familia lor, fusese o nor\u0103 model \u2014 respectuoas\u0103, cald\u0103, mereu atent\u0103. \u00cei trata pe p\u0103rin\u021bii so\u021bului ca pe ai ei. Soacra obi\u0219nuia s\u0103 spun\u0103: \u201eS\u0103 ai o nor\u0103 ca ea e o binecuv\u00e2ntare de la Dumnezeu.\u201d<\/p>\n\n\n\n<p><\/p>\n\n\n\n<p>Dar tragedia a lovit mai devreme dec\u00e2t \u0219i-ar fi imaginat cineva.<\/p>\n\n\n\n<p><\/p>\n\n\n\n<p>\u00centr-o noapte, s-a pr\u0103bu\u0219it de durere, pl\u00e2ng\u00e2nd \u0219i tremur\u00e2nd. P\u00e2n\u0103 c\u00e2nd au ajuns la spital, era deja prea t\u00e2rziu.<\/p>\n\n\n\n<p>Copilul nu a scos niciun sunet.<\/p>\n\n\n\n<p>Iar ea\u2026 s-a stins, f\u0103r\u0103 s\u0103-\u0219i mai revin\u0103.<\/p>\n\n\n\n<p>Durerea a pus st\u0103p\u00e2nire pe \u00eentreaga familie. Soacra s-a pr\u0103bu\u0219it \u00een genunchi, iar socrul privea neclintit fotografia ei z\u00e2mbitoare, a\u0219ezat\u0103 deasupra sicriului.<\/p>\n\n\n\n<p>C\u00e2nd a sosit momentul s\u0103 ridice sicriul, opt b\u0103rba\u021bi s-au apropiat. Dar, oric\u00e2t s-au chinuit, nu au reu\u0219it s\u0103-l mi\u0219te din loc. Fe\u021bele li s-au \u00eenro\u0219it, m\u00e2inile le tremurau, \u00eens\u0103 sicriul r\u0103m\u00e2nea nemi\u0219cat.<\/p>\n\n\n\n<p>Cineva a murmurat: \u201ePoate sufletul ei nu vrea s\u0103 plece\u2026 Poate e ceva ce nu s-a spus.\u201d<\/p>\n\n\n\n<p>Un c\u0103lug\u0103r b\u0103tr\u00e2n a \u0219optit: \u201eDeschide\u021bi sicriul. Poate mai are ceva de spus.\u201d<\/p>\n\n\n\n<p>Cu degete tremur\u00e2nde, au ridicat capacul.<\/p>\n\n\n\n<p>\u0218i atunci, to\u021bi au \u00eencremenit.<\/p>\n\n\n\n<p>Pe obrajii ei se vedeau urme uscate de lacrimi. Ochii erau \u00eenchi\u0219i, dar genele \u00eei erau \u00eenc\u0103 ude, ca \u0219i cum ar fi pl\u00e2ns chiar \u00eenainte de a fi a\u0219ezat\u0103 acolo.<\/p>\n\n\n\n<p>Doamna Ilinca, soacra, a c\u0103zut l\u00e2ng\u0103 sicriu, cu m\u00e2na str\u00e2ns\u0103 la piept, pl\u00e2ng\u00e2nd: \u201eCopila mea\u2026 te rog, nu mai pl\u00e2nge. Dac\u0103 ai r\u0103mas cu ceva pe suflet, spune-mi. Te rog din inim\u0103\u2026\u201d<\/p>\n\n\n\n<p>To\u021bi au amu\u021bit.<\/p>\n\n\n\n<p>\u0218i deodat\u0103 \u2014 un suspin ad\u00e2nc, sf\u00e2\u0219ietor, a spart t\u0103cerea.<\/p>\n\n\n\n<p>Era so\u021bul ei.<\/p>\n\n\n\n<p>A c\u0103zut \u00een genunchi, cu fa\u021ba ascuns\u0103 \u00een palme, pl\u00e2ng\u00e2nd necontrolat.<\/p>\n\n\n\n<p>To\u021bi s-au \u00eentors spre el, ului\u021bi. Iar vocea doamnei Ilinca a tremurat: \u201eFiule\u2026 ce s-a \u00eent\u00e2mplat? \u021ai-a spus ceva?\u201d<\/p>\n\n\n\n<p>Cu ochii \u00eenl\u0103crima\u021bi \u0219i glasul stins, el a ridicat privirea \u0219i a \u0219optit:<\/p>\n\n\n\n<p>\u2014 Mi-a spus\u2026 c\u0103 i-e team\u0103. C\u0103, dac\u0103 nu supravie\u021buie\u0219te, copilul nostru va r\u0103m\u00e2ne singur. C\u0103 trebuie s\u0103-l iubesc pentru am\u00e2ndoi\u2026 \u0218i c\u0103, dac\u0103 ea nu va mai fi, s\u0103 nu o uit niciodat\u0103.<\/p>\n\n\n\n<p>Pl\u00e2ngea \u00een hohote, iar cuvintele lui au f\u0103cut ca mul\u021bi din mul\u021bime s\u0103-\u0219i \u0219tearg\u0103 ochii.<\/p>\n\n\n\n<p>\u2014 Dar copilul? \u2014 a \u00eentrebat cineva cu glasul tremurat.<\/p>\n\n\n\n<p>Atunci, medicul de gard\u0103, venit din respect la \u00eenmorm\u00e2ntare, s-a apropiat \u00eencet. P\u0103rea \u0219ocat.<\/p>\n\n\n\n<p>\u2014 V\u0103 rog s\u0103 m\u0103 asculta\u021bi o clip\u0103\u2026 E incredibil ce am aflat chiar \u00een urm\u0103 cu o or\u0103. La morg\u0103 a fost descoperit\u0103 o eroare\u2026 copilul\u2026 copilul tr\u0103ie\u0219te.<\/p>\n\n\n\n<p>Un val de rumoare a trecut prin mul\u021bime. Sicriul p\u0103rea, \u00een acea clip\u0103, mai u\u0219or. Soacra a le\u0219inat, iar so\u021bul tinerei a \u00eenceput s\u0103 tremure.<\/p>\n\n\n\n<p>\u2014 E o feti\u021b\u0103 \u2014 a spus doctorul, abia re\u021bin\u00e2ndu-\u0219i lacrimile \u2014 e s\u0103n\u0103toas\u0103, \u0219i e la incubator. A fost un miracol c\u0103 a respirat singur\u0103, dar nimeni nu a \u00een\u021beles p\u00e2n\u0103 acum. Am crezut c\u0103 e f\u0103r\u0103 via\u021b\u0103 c\u00e2nd am f\u0103cut na\u0219terea de urgen\u021b\u0103, dar\u2026<\/p>\n\n\n\n<p>O via\u021b\u0103 nou\u0103. O nou\u0103 \u0219ans\u0103.<\/p>\n\n\n\n<p>Au \u00eenchis \u00eencet capacul sicriului, cu toat\u0103 dragostea \u0219i lini\u0219tea pe care \u0219i-o putea dori o mam\u0103. A doua zi, copila a fost adus\u0103 acas\u0103 \u2014 \u00een bra\u021bele unei familii zdrobite, dar acum unite.<\/p>\n\n\n\n<p>Au numit-o Elena.<\/p>\n\n\n\n<p>\u0218i \u00een fiecare an, de ziua ei, \u00eei aprind o lum\u00e2nare mic\u0103 l\u00e2ng\u0103 o fotografie \u2014 chipul unei femei tinere, cu ochi bl\u00e2nzi, care a pl\u00e2ns pentru ca ea s\u0103 tr\u0103iasc\u0103.<\/p>\n\n\n\n<p>Dac\u0103 \u021bi-a pl\u0103cut povestea, nu uita s\u0103 o distribui cu prietenii t\u0103i! \u00cempreun\u0103 putem duce mai departe emo\u021bia \u0219i inspira\u021bia.<\/p>\n\n\n\n<p>\u201dAceast\u0103 poveste este inspirat\u0103 din evenimente \u0219i persoane reale, \u00eens\u0103 a fost fic\u021bionalizat\u0103 \u00een scopuri creative. Numele, personajele \u0219i detaliile au fost schimbate pentru a proteja intimitatea \u0219i pentru a \u00eembun\u0103t\u0103\u021bi nara\u021biunea. Orice asem\u0103nare cu persoane reale, sau cu evenimente reale este pur \u00eent\u00e2mpl\u0103toare \u0219i nu este inten\u021bionat\u0103 de c\u0103tre autor.<\/p>\n\n\n\n<p>Autorul \u0219i editorul nu \u00ee\u0219i asum\u0103 responsabilitatea pentru exactitatea evenimentelor sau pentru modul \u00een care sunt portretizate personajele \u0219i nu sunt r\u0103spunz\u0103tori pentru eventuale interpret\u0103ri gre\u0219ite. Aceast\u0103 poveste este oferit\u0103 \u201eca atare\u201d, iar orice opinii exprimate apar\u021bin personajelor \u0219i nu reflect\u0103 punctele de vedere ale autorului sau ale editorului.\u201d<\/p>\n","protected":false},"excerpt":{"rendered":"<p>Nepoata se stinge la na\u0219tere \u2014 opt b\u0103rba\u021bi n-au putut ridica sicriul, p\u00e2n\u0103 c\u00e2nd mama soacr\u0103 a implorat s\u0103-l deschid\u0103\u2026 Sunetele cornului funerar se auzeau<\/p>\n","protected":false},"author":1,"featured_media":40939,"comment_status":"closed","ping_status":"closed","sticky":false,"template":"","format":"standard","meta":[],"categories":[1],"tags":[],"_links":{"self":[{"href":"https:\/\/calatorinromania.com\/index.php?rest_route=\/wp\/v2\/posts\/41343"}],"collection":[{"href":"https:\/\/calatorinromania.com\/index.php?rest_route=\/wp\/v2\/posts"}],"about":[{"href":"https:\/\/calatorinromania.com\/index.php?rest_route=\/wp\/v2\/types\/post"}],"author":[{"embeddable":true,"href":"https:\/\/calatorinromania.com\/index.php?rest_route=\/wp\/v2\/users\/1"}],"replies":[{"embeddable":true,"href":"https:\/\/calatorinromania.com\/index.php?rest_route=%2Fwp%2Fv2%2Fcomments&post=41343"}],"version-history":[{"count":1,"href":"https:\/\/calatorinromania.com\/index.php?rest_route=\/wp\/v2\/posts\/41343\/revisions"}],"predecessor-version":[{"id":41344,"href":"https:\/\/calatorinromania.com\/index.php?rest_route=\/wp\/v2\/posts\/41343\/revisions\/41344"}],"wp:featuredmedia":[{"embeddable":true,"href":"https:\/\/calatorinromania.com\/index.php?rest_route=\/wp\/v2\/media\/40939"}],"wp:attachment":[{"href":"https:\/\/calatorinromania.com\/index.php?rest_route=%2Fwp%2Fv2%2Fmedia&parent=41343"}],"wp:term":[{"taxonomy":"category","embeddable":true,"href":"https:\/\/calatorinromania.com\/index.php?rest_route=%2Fwp%2Fv2%2Fcategories&post=41343"},{"taxonomy":"post_tag","embeddable":true,"href":"https:\/\/calatorinromania.com\/index.php?rest_route=%2Fwp%2Fv2%2Ftags&post=41343"}],"curies":[{"name":"wp","href":"https:\/\/api.w.org\/{rel}","templated":true}]}}