{"id":41335,"date":"2025-08-20T07:59:44","date_gmt":"2025-08-20T07:59:44","guid":{"rendered":"https:\/\/calatorinromania.com\/?p=41335"},"modified":"2025-08-20T07:59:45","modified_gmt":"2025-08-20T07:59:45","slug":"un-barbat-a-observat-ceva-ciudat-iesind-din-tavanul-apartamentului","status":"publish","type":"post","link":"https:\/\/calatorinromania.com\/?p=41335","title":{"rendered":"Un b\u0103rbat a observat ceva ciudat ie\u0219ind din tavanul apartamentului"},"content":{"rendered":"\n<p>Un b\u0103rbat a observat ceva ciudat ie\u0219ind din tavanul apartamentului, iar acel lucru se mi\u0219ca\u00a0\u00a0A crezut c\u0103 este coada unei \u0219op\u00e2rle sau a unui \u0219arpe mare, dar adev\u0103rul s-a dovedit a fi mult mai \u00eensp\u0103im\u00e2nt\u0103tor\u00a0<\/p>\n\n\n\n<p><\/p>\n\n\n\n<p>B\u0103rbatul avertizeaz\u0103: fi\u021bi aten\u021bi dac\u0103 ave\u021bi ventila\u021bie \u00een cas\u0103\u00a0\u00a0Detaliile au fost povestite \u00een articolul de sub fotografie\u00a0<\/p>\n\n\n\n<p><\/p>\n\n\n\n<p>Un b\u0103rbat a observat ceva foarte straniu ie\u0219ind din tavan: a fost \u00eengrozit c\u00e2nd \u0219i-a dat seama ce este.<\/p>\n\n\n\n<p><\/p>\n\n\n\n<p>La mijlocul lunii aprilie, un utilizator al re\u021belelor sociale a publicat o fotografie care a uimit literalmente comunitatea.<\/p>\n\n\n\n<p><\/p>\n\n\n\n<p>\u00cen imagine ap\u0103rea ceva ciudat, f\u0103r\u0103 p\u0103r \u0219i care sem\u0103na suspect de mult cu o coad\u0103, ie\u0219ind dintr-o cr\u0103p\u0103tur\u0103 a panoului de tavan. Autorul post\u0103rii a men\u021bionat c\u0103 obiectul\u2026 se mi\u0219c\u0103. \u0218i atunci a \u00eenceput partea cea mai interesant\u0103.<\/p>\n\n\n\n<p><\/p>\n\n\n\n<p>Comentariile au \u00eenceput s\u0103 curg\u0103 unul dup\u0103 altul.<\/p>\n\n\n\n<p><\/p>\n\n\n\n<p>Unii au presupus c\u0103 era coada unui \u0219arpe, al\u021bii au \u00eenceput s\u0103-\u0219i imagineze o \u0219op\u00e2rl\u0103 uria\u0219\u0103, iar cei mai impresiona\u021bi erau convin\u0219i c\u0103 era o creatur\u0103 din filmele de groaz\u0103, strecurat\u0103 \u00een cas\u0103 prin ventila\u021bie.<\/p>\n\n\n\n<p>Un b\u0103rbat a observat ceva foarte straniu ie\u0219ind din tavan: a fost \u00eengrozit c\u00e2nd \u0219i-a dat seama ce este.<\/p>\n\n\n\n<p>Creativitatea utilizatorilor de pe Reddit s-a ridicat la \u00een\u0103l\u021bime. Printre sfaturi se g\u0103seau at\u00e2t unele tradi\u021bionale:<\/p>\n\n\n\n<p>\u201e\u00cempunge-l cu un b\u0103\u021b, poate se retrage\u201d, c\u00e2t \u0219i radicale: \u201eArde casa \u0219i ia-o de la cap\u0103t\u201d.<\/p>\n\n\n\n<p>Unii au \u00eenceput s\u0103 \u00eemp\u0103rt\u0103\u0219easc\u0103 propriile pove\u0219ti despre cum au g\u0103sit vie\u021buitoare \u00een cele mai nea\u0219teptate locuri \u2014 \u00een pere\u021bi, \u00een conductele de aer sau sub cad\u0103.<\/p>\n\n\n\n<p>Un comentator chiar a povestit cum, \u00eentr-o vreme, \u00een casa lui ap\u0103ruse un \u0219arpe care ie\u0219ea noaptea \u00een buc\u0103t\u0103rie.<\/p>\n\n\n\n<p>\u00cen cele din urm\u0103, misterul a fost elucidat: autorul a confirmat c\u0103 era coada unei \u0219obolani obi\u0219nuit, de\u0219i extrem de nepl\u0103cut.<\/p>\n\n\n\n<p>El a promis s\u0103 cheme imediat un deratizator, iar fotografia a continuat s\u0103 circule pe internet, st\u00e2rnind un amestec de r\u00e2sete \u0219i dezgust.<\/p>\n\n\n\n<p>Un b\u0103rbat a observat ceva foarte straniu ie\u0219ind din tavan: a fost \u00eengrozit c\u00e2nd \u0219i-a dat seama ce este.<\/p>\n\n\n\n<p>\u00cens\u0103, dincolo de amuzament, povestea a dat de g\u00e2ndit: \u00een spatele unui detaliu aparent nevinovat se poate ascunde o adev\u0103rat\u0103 amenin\u021bare. Roz\u0103toarele \u00een cas\u0103 nu sunt doar o nepl\u0103cere, ci \u0219i un pericol poten\u021bial pentru s\u0103n\u0103tate \u0219i siguran\u021ba locuin\u021bei.<\/p>\n\n\n\n<p>A\u0219adar, dac\u0103 din tavan at\u00e2rn\u0103 ceva suspect, mai bine nu glumi\u021bi \u0219i suna\u021bi imediat speciali\u0219tii.<\/p>\n\n\n\n<p><em>Aceast\u0103 lucrare este inspirat\u0103 din evenimente \u0219i persoane reale, \u00eens\u0103 a fost fic\u021bionalizat\u0103 \u00een scopuri creative. Numele, personajele \u0219i detaliile au fost schimbate pentru a proteja intimitatea \u0219i pentru a \u00eembun\u0103t\u0103\u021bi nara\u021biunea. Orice asem\u0103nare cu persoane reale, \u00een via\u021b\u0103 sau decedate, sau cu evenimente reale este pur \u00eent\u00e2mpl\u0103toare \u0219i nu este inten\u021bionat\u0103 de c\u0103tre autor.<\/em><\/p>\n\n\n\n<p><em>Autorul \u0219i editorul nu \u00ee\u0219i asum\u0103 responsabilitatea pentru exactitatea evenimentelor sau pentru modul \u00een care sunt portretizate personajele \u0219i nu sunt r\u0103spunz\u0103tori pentru eventuale interpret\u0103ri gre\u0219ite. Aceast\u0103 poveste este oferit\u0103 \u201eca atare\u201d, iar orice opinii exprimate apar\u021bin personajelor \u0219i nu reflect\u0103 punctele de vedere ale autorului sau ale editorului.<\/em><\/p>\n","protected":false},"excerpt":{"rendered":"<p>Un b\u0103rbat a observat ceva ciudat ie\u0219ind din tavanul apartamentului, iar acel lucru se mi\u0219ca\u00a0\u00a0A crezut c\u0103 este coada unei \u0219op\u00e2rle sau a unui \u0219arpe<\/p>\n","protected":false},"author":1,"featured_media":40939,"comment_status":"closed","ping_status":"closed","sticky":false,"template":"","format":"standard","meta":[],"categories":[1],"tags":[],"_links":{"self":[{"href":"https:\/\/calatorinromania.com\/index.php?rest_route=\/wp\/v2\/posts\/41335"}],"collection":[{"href":"https:\/\/calatorinromania.com\/index.php?rest_route=\/wp\/v2\/posts"}],"about":[{"href":"https:\/\/calatorinromania.com\/index.php?rest_route=\/wp\/v2\/types\/post"}],"author":[{"embeddable":true,"href":"https:\/\/calatorinromania.com\/index.php?rest_route=\/wp\/v2\/users\/1"}],"replies":[{"embeddable":true,"href":"https:\/\/calatorinromania.com\/index.php?rest_route=%2Fwp%2Fv2%2Fcomments&post=41335"}],"version-history":[{"count":1,"href":"https:\/\/calatorinromania.com\/index.php?rest_route=\/wp\/v2\/posts\/41335\/revisions"}],"predecessor-version":[{"id":41336,"href":"https:\/\/calatorinromania.com\/index.php?rest_route=\/wp\/v2\/posts\/41335\/revisions\/41336"}],"wp:featuredmedia":[{"embeddable":true,"href":"https:\/\/calatorinromania.com\/index.php?rest_route=\/wp\/v2\/media\/40939"}],"wp:attachment":[{"href":"https:\/\/calatorinromania.com\/index.php?rest_route=%2Fwp%2Fv2%2Fmedia&parent=41335"}],"wp:term":[{"taxonomy":"category","embeddable":true,"href":"https:\/\/calatorinromania.com\/index.php?rest_route=%2Fwp%2Fv2%2Fcategories&post=41335"},{"taxonomy":"post_tag","embeddable":true,"href":"https:\/\/calatorinromania.com\/index.php?rest_route=%2Fwp%2Fv2%2Ftags&post=41335"}],"curies":[{"name":"wp","href":"https:\/\/api.w.org\/{rel}","templated":true}]}}